{"id":7528,"date":"2016-10-21T09:02:26","date_gmt":"2016-10-21T12:02:26","guid":{"rendered":"http:\/\/www.correio24horas.com.br\/blogs\/mesalte\/?p=7528"},"modified":"2016-10-21T13:28:04","modified_gmt":"2016-10-21T16:28:04","slug":"lady-gaga-fara-show-no-rock-in-rio-2017-afirma-colunista","status":"publish","type":"post","link":"https:\/\/blogs.correio24horas.com.br\/mesalte\/lady-gaga-fara-show-no-rock-in-rio-2017-afirma-colunista\/","title":{"rendered":"Lady Gaga far\u00e1 show no Rock in Rio 2017, afirma colunista"},"content":{"rendered":"<p>Meu mundo caiu e eu vou gastar todo meu dinheiro (rsrs). O colunista Anselmo Gois, do jornal O Globo, divulgou que a cantora Lady Gaga assinou contrato com o Rock in Rio e far\u00e1 show no palco do evento na edi\u00e7\u00e3o 2017. Ou seja,\u00c2\u00a0little monsters seria a\u00c2\u00a0\u00c2\u00a0hora de come\u00e7ar a planejar esse close para o encontro com a #LadyGaganoRockInRio2017? Mas, <a href=\"http:\/\/www.correio24horas.com.br\/blogs\/mesalte\/producao-nega-show-de-lady-gaga-no-rock-in-rio-2017-entenda\/\" target=\"_blank\">em nota publicada nas redes sociais, a produ\u00e7\u00e3o do evento negou o show<\/a>.\u00c2\u00a0O an\u00fancio saiu justamente no dia em Gaga lan\u00e7ou seu novo \u00e1lbum: Joanne, que j\u00e1 chegou ao topo da lista de vendas da loja virtual em 61 pa\u00edses<\/p>\n<p><strong>Ah, \u00c2\u00a0vamos botar o shortinho e ouvir\u00c2\u00a0Perfect Illusion &#8211; um dos singles de Joanne &#8211; nas alturas!<\/strong><br \/>\n<iframe loading=\"lazy\" src=\"https:\/\/www.youtube.com\/embed\/Xn599R0ZBwg\" width=\"560\" height=\"315\" frameborder=\"0\" allowfullscreen=\"allowfullscreen\"><\/iframe><\/p>\n<p><strong>Veja tamb\u00e9m:<\/strong><br \/>\n<a href=\"http:\/\/www.correio24horas.com.br\/blogs\/mesalte\/nova-versao-de-video-phone-com-beyonce-e-lady-gaga-circula-na-internet-veja\/\" target=\"_blank\">Nova vers\u00e3o de Video Phone\u009d com Beyonc\u00e9 e Lady Gaga circula na internet; veja<\/a><br \/>\n<a href=\"http:\/\/www.correio24horas.com.br\/blogs\/mesalte\/madonna-e-eleita-mulher-do-ano-pela-revista-billboard\/\" target=\"_blank\">Madonna \u00e9 eleita mulher do ano pela revista Billboard<\/a><\/p>\n<p>&nbsp;<\/p>\n<p>&nbsp;<\/p>\n","protected":false},"excerpt":{"rendered":"<p>Meu mundo caiu e eu vou gastar todo meu dinheiro (rsrs). O colunista Anselmo Gois, do jornal O Globo, divulgou que a cantora Lady Gaga assinou [&hellip;]<\/p>\n","protected":false},"author":1,"featured_media":7529,"comment_status":"open","ping_status":"open","sticky":false,"template":"","format":"image","meta":{"footnotes":""},"categories":[26],"tags":[46,679],"class_list":["post-7528","post","type-post","status-publish","format-image","has-post-thumbnail","hentry","category-me-inspiro","tag-ladygaga","tag-ladygagarockinrio","post_format-post-format-image"],"_links":{"self":[{"href":"https:\/\/blogs.correio24horas.com.br\/mesalte\/wp-json\/wp\/v2\/posts\/7528","targetHints":{"allow":["GET"]}}],"collection":[{"href":"https:\/\/blogs.correio24horas.com.br\/mesalte\/wp-json\/wp\/v2\/posts"}],"about":[{"href":"https:\/\/blogs.correio24horas.com.br\/mesalte\/wp-json\/wp\/v2\/types\/post"}],"author":[{"embeddable":true,"href":"https:\/\/blogs.correio24horas.com.br\/mesalte\/wp-json\/wp\/v2\/users\/1"}],"replies":[{"embeddable":true,"href":"https:\/\/blogs.correio24horas.com.br\/mesalte\/wp-json\/wp\/v2\/comments?post=7528"}],"version-history":[{"count":5,"href":"https:\/\/blogs.correio24horas.com.br\/mesalte\/wp-json\/wp\/v2\/posts\/7528\/revisions"}],"predecessor-version":[{"id":7538,"href":"https:\/\/blogs.correio24horas.com.br\/mesalte\/wp-json\/wp\/v2\/posts\/7528\/revisions\/7538"}],"wp:featuredmedia":[{"embeddable":true,"href":"https:\/\/blogs.correio24horas.com.br\/mesalte\/wp-json\/wp\/v2\/media\/7529"}],"wp:attachment":[{"href":"https:\/\/blogs.correio24horas.com.br\/mesalte\/wp-json\/wp\/v2\/media?parent=7528"}],"wp:term":[{"taxonomy":"category","embeddable":true,"href":"https:\/\/blogs.correio24horas.com.br\/mesalte\/wp-json\/wp\/v2\/categories?post=7528"},{"taxonomy":"post_tag","embeddable":true,"href":"https:\/\/blogs.correio24horas.com.br\/mesalte\/wp-json\/wp\/v2\/tags?post=7528"}],"curies":[{"name":"wp","href":"https:\/\/api.w.org\/{rel}","templated":true}]}}