{"id":7524,"date":"2016-10-20T22:04:47","date_gmt":"2016-10-21T01:04:47","guid":{"rendered":"http:\/\/www.correio24horas.com.br\/blogs\/mesalte\/?p=7524"},"modified":"2016-10-20T22:05:37","modified_gmt":"2016-10-21T01:05:37","slug":"animacao-infantil-questiona-padroes-de-masculinidade-assista","status":"publish","type":"post","link":"https:\/\/blogs.correio24horas.com.br\/mesalte\/animacao-infantil-questiona-padroes-de-masculinidade-assista\/","title":{"rendered":"Anima\u00e7\u00e3o infantil questiona padr\u00f5es de masculinidade; assista"},"content":{"rendered":"<p>Menino n\u00e3o chora\u009d. Seja homem\u009d. Muitos garotos escutam essas frases na inf\u00e2ncia. Elas ilustram bem o processo no qual eles s\u00e3o ensinados a serem mais fortes e n\u00e3o mostrarem fraquezas. Pensando em discutir e questionar esses padr\u00f5es e estere\u00f3tipos de g\u00eanero da sociedade, o estudante de Produ\u00e7\u00e3o em Comunica\u00e7\u00e3o e Cultura Ian Thommas, de 25 anos, criou a anima\u00e7\u00e3o infantil Chora, garoto!, que est\u00e1 dispon\u00edvel\u00c2\u00a0na p\u00e1gina do Facebook <a href=\"http:\/\/www.facebook.com\/choragaroto\" target=\"_blank\">www.facebook.com\/choragaroto<\/a>.<\/p>\n<p>O primeiro epis\u00f3dio da anima\u00e7\u00e3o conta a hist\u00f3ria de um garoto de 11 anos chamado Valentino Valente.\u00c2\u00a0&#8220;Valentino representa os meninos dentro do modelo de masculinidade culturalmente constru\u00eddo. A ideia \u00e9 que o p\u00fablico se identifique e se sensibilize no momento em que o personagem come\u00e7a a se desconstruir&#8221;, explica Thommas, que\u00c2\u00a0vai defender o trabalho amanh\u00e3 (21), sexta, na Faculdade de Comunica\u00e7\u00e3o da Universidade Federal da Bahia (Facom\/Ufba), em Salvador.<\/p>\n<p>&#8220;O projeto busca contar hist\u00f3rias nas quais o personagem enfrenta problemas que no final estejam ligados ao fato de ser homem. Essas quest\u00f5es da forma\u00e7\u00e3o da masculinidade acabam gerando reflex\u00f5es que encaminham para uma desconstru\u00e7\u00e3o e uma quebra de estere\u00f3tipos&#8221;, afirma o baiano.\u00c2\u00a0Os v\u00eddeos do projeto tamb\u00e9m est\u00e3o dispon\u00edveis em um <a href=\"https:\/\/www.youtube.com\/channel\/UClvWxNZT8n_8QDzGhiWQ4lg\" target=\"_blank\">canal no YouTube<\/a>. &#8220;Todos n\u00f3s somos o Valentino. Todos somos socialmente constru\u00eddos e estamos nesse processo de desconstru\u00e7\u00e3o. Mesmo que alguns j\u00e1 estejam alguns passos na frente, todos n\u00f3s ainda temos muito o que aprender&#8221;, completa.<\/p>\n<p>Assista o primeiro epis\u00f3dio da s\u00e9rie:<\/p>\n<p><center><iframe loading=\"lazy\" src=\"https:\/\/www.youtube.com\/embed\/xHHYlkbaQ_w\" width=\"900\" height=\"506\" frameborder=\"0\" allowfullscreen=\"allowfullscreen\"><\/iframe><\/center><\/p>\n","protected":false},"excerpt":{"rendered":"<p>Menino n\u00e3o chora\u009d. Seja homem\u009d. Muitos garotos escutam essas frases na inf\u00e2ncia. Elas ilustram bem o processo no qual eles s\u00e3o ensinados a serem mais fortes [&hellip;]<\/p>\n","protected":false},"author":3,"featured_media":7525,"comment_status":"open","ping_status":"open","sticky":false,"template":"","format":"image","meta":{"footnotes":""},"categories":[28,80],"tags":[678,677,674,675,676,673],"class_list":["post-7524","post","type-post","status-publish","format-image","has-post-thumbnail","hentry","category-farofa-digital","category-home","tag-animacao","tag-animacao-infantil","tag-chora","tag-garoto","tag-ian-thommas","tag-valentino-valente","post_format-post-format-image"],"_links":{"self":[{"href":"https:\/\/blogs.correio24horas.com.br\/mesalte\/wp-json\/wp\/v2\/posts\/7524","targetHints":{"allow":["GET"]}}],"collection":[{"href":"https:\/\/blogs.correio24horas.com.br\/mesalte\/wp-json\/wp\/v2\/posts"}],"about":[{"href":"https:\/\/blogs.correio24horas.com.br\/mesalte\/wp-json\/wp\/v2\/types\/post"}],"author":[{"embeddable":true,"href":"https:\/\/blogs.correio24horas.com.br\/mesalte\/wp-json\/wp\/v2\/users\/3"}],"replies":[{"embeddable":true,"href":"https:\/\/blogs.correio24horas.com.br\/mesalte\/wp-json\/wp\/v2\/comments?post=7524"}],"version-history":[{"count":2,"href":"https:\/\/blogs.correio24horas.com.br\/mesalte\/wp-json\/wp\/v2\/posts\/7524\/revisions"}],"predecessor-version":[{"id":7527,"href":"https:\/\/blogs.correio24horas.com.br\/mesalte\/wp-json\/wp\/v2\/posts\/7524\/revisions\/7527"}],"wp:featuredmedia":[{"embeddable":true,"href":"https:\/\/blogs.correio24horas.com.br\/mesalte\/wp-json\/wp\/v2\/media\/7525"}],"wp:attachment":[{"href":"https:\/\/blogs.correio24horas.com.br\/mesalte\/wp-json\/wp\/v2\/media?parent=7524"}],"wp:term":[{"taxonomy":"category","embeddable":true,"href":"https:\/\/blogs.correio24horas.com.br\/mesalte\/wp-json\/wp\/v2\/categories?post=7524"},{"taxonomy":"post_tag","embeddable":true,"href":"https:\/\/blogs.correio24horas.com.br\/mesalte\/wp-json\/wp\/v2\/tags?post=7524"}],"curies":[{"name":"wp","href":"https:\/\/api.w.org\/{rel}","templated":true}]}}