{"id":7491,"date":"2016-10-20T08:52:42","date_gmt":"2016-10-20T11:52:42","guid":{"rendered":"http:\/\/www.correio24horas.com.br\/blogs\/mesalte\/?p=7491"},"modified":"2016-10-20T10:53:53","modified_gmt":"2016-10-20T13:53:53","slug":"policial-gato-que-escoltou-eduardo-cunha-ganhou-100-mil-seguidores-em-24h-veja-10-motivos-para-amar-lucas-valenca","status":"publish","type":"post","link":"https:\/\/blogs.correio24horas.com.br\/mesalte\/policial-gato-que-escoltou-eduardo-cunha-ganhou-100-mil-seguidores-em-24h-veja-10-motivos-para-amar-lucas-valenca\/","title":{"rendered":"Policial gato que escoltou Eduardo Cunha   ganhou 100 mil seguidores em 24h; veja 10 motivos para amar Lucas Valen\u00e7a"},"content":{"rendered":"<p>A melhor not\u00edcia de ontem foi que o ex-deputado Eduardo Cunha foi preso pela opera\u00e7\u00e3o da Pol\u00edcia Federal. Masssssssssss, n\u00e3o h\u00e1 ser humano nesse Brasil que n\u00e3o tenha reparado no upgrade da PF que trocou o japa &#8211; que estava em todas as pris\u00f5es da opera\u00e7\u00e3o &#8211; por um boy magya hipster TDB! O bonito, chamado Lucas Valen\u00e7a, ganhou 100 mil seguidores em 24h e virou o novo amor do pa\u00eds.\u00c2\u00a0O coque samurai, a barba e o <a class=\"external-link-new-window\" title=\"Opens external link in new window\" href=\"http:\/\/www.correio24horas.com.br\/detalhe\/noticia\/conheca-o-lumbersexual-nova-tendencia-entre-os-homens\/?cHash=9a789c870df6b7bf869e5085df9e805c\" target=\"_blank\">look de &#8220;lenhador urbano&#8221;<\/a> s\u00e3o algumas caracter\u00edsticas que podem caracterizar o hipster. Al\u00e9m de policial federal, Valen\u00e7a \u00e9 formado em engenharia el\u00e9trica pela Universidade Federal de Goi\u00e1s e \u00e9 membro da Federa\u00e7\u00e3o de Paraquedismo do Distrito Federal. Mas n\u00e3o para por a\u00ed. Separamos\u00c2\u00a010 motivos para amar voc\u00ea amar e seguir Lucas Valen\u00e7a (o insta dele \u00e9 @valenca26). Segundo informa\u00e7\u00f5es publicadas no Facebook, \u00e9 solteiro, torce para o Flamengo, gosta de rock, \u00e9 f\u00e3 de s\u00e9ries\u00c2\u00a0e\u00c2\u00a0de videogame.<\/p>\n<ol>\n<li><strong>Ele ama cerveja #vamostomarumajuntos?<\/strong><\/li>\n<\/ol>\n<p><img loading=\"lazy\" decoding=\"async\" class=\"aligncenter wp-image-7492 size-large\" src=\"http:\/\/www.correio24horas.com.br\/blogs\/mesalte\/wp-content\/uploads\/2016\/10\/2-Lucas-Valen\u00e7a-_Ama-Cerveja--957x1024.jpg\" alt=\"2 Lucas Valen\u00e7a _Ama Cerveja\" width=\"957\" height=\"1024\" srcset=\"https:\/\/blogs.correio24h.com.br\/mesalte\/wp-content\/uploads\/2016\/10\/2-Lucas-Valen\u00e7a-_Ama-Cerveja--957x1024.jpg 957w, https:\/\/blogs.correio24h.com.br\/mesalte\/wp-content\/uploads\/2016\/10\/2-Lucas-Valen\u00e7a-_Ama-Cerveja--280x300.jpg 280w, https:\/\/blogs.correio24h.com.br\/mesalte\/wp-content\/uploads\/2016\/10\/2-Lucas-Valen\u00e7a-_Ama-Cerveja--768x822.jpg 768w, https:\/\/blogs.correio24h.com.br\/mesalte\/wp-content\/uploads\/2016\/10\/2-Lucas-Valen\u00e7a-_Ama-Cerveja--136x146.jpg 136w, https:\/\/blogs.correio24h.com.br\/mesalte\/wp-content\/uploads\/2016\/10\/2-Lucas-Valen\u00e7a-_Ama-Cerveja--47x50.jpg 47w, https:\/\/blogs.correio24h.com.br\/mesalte\/wp-content\/uploads\/2016\/10\/2-Lucas-Valen\u00e7a-_Ama-Cerveja--70x75.jpg 70w, https:\/\/blogs.correio24h.com.br\/mesalte\/wp-content\/uploads\/2016\/10\/2-Lucas-Valen\u00e7a-_Ama-Cerveja-.jpg 1080w\" sizes=\"auto, (max-width: 957px) 100vw, 957px\" \/><\/p>\n<p><strong>2. Ama a natureza #vamostomaressebanhodecachoeira<\/strong><\/p>\n<p>&nbsp;<\/p>\n<p><img loading=\"lazy\" decoding=\"async\" class=\"aligncenter size-large wp-image-7493\" src=\"http:\/\/www.correio24horas.com.br\/blogs\/mesalte\/wp-content\/uploads\/2016\/10\/3Lucas-Valen\u00e7a-_Curte-Cachoeiras-819x1024.jpg\" alt=\"3Lucas Valen\u00e7a _Curte Cachoeiras\" width=\"819\" height=\"1024\" srcset=\"https:\/\/blogs.correio24h.com.br\/mesalte\/wp-content\/uploads\/2016\/10\/3Lucas-Valen\u00e7a-_Curte-Cachoeiras-819x1024.jpg 819w, https:\/\/blogs.correio24h.com.br\/mesalte\/wp-content\/uploads\/2016\/10\/3Lucas-Valen\u00e7a-_Curte-Cachoeiras-240x300.jpg 240w, https:\/\/blogs.correio24h.com.br\/mesalte\/wp-content\/uploads\/2016\/10\/3Lucas-Valen\u00e7a-_Curte-Cachoeiras-768x960.jpg 768w, https:\/\/blogs.correio24h.com.br\/mesalte\/wp-content\/uploads\/2016\/10\/3Lucas-Valen\u00e7a-_Curte-Cachoeiras-117x146.jpg 117w, https:\/\/blogs.correio24h.com.br\/mesalte\/wp-content\/uploads\/2016\/10\/3Lucas-Valen\u00e7a-_Curte-Cachoeiras-40x50.jpg 40w, https:\/\/blogs.correio24h.com.br\/mesalte\/wp-content\/uploads\/2016\/10\/3Lucas-Valen\u00e7a-_Curte-Cachoeiras-60x75.jpg 60w, https:\/\/blogs.correio24h.com.br\/mesalte\/wp-content\/uploads\/2016\/10\/3Lucas-Valen\u00e7a-_Curte-Cachoeiras.jpg 1080w\" sizes=\"auto, (max-width: 819px) 100vw, 819px\" \/><\/p>\n<p>&nbsp;<\/p>\n<p><strong>3. Gosta de brincar com os amigos e&#8230; #quebunda\u00e9essa?<\/strong><\/p>\n<p><img loading=\"lazy\" decoding=\"async\" class=\"aligncenter size-full wp-image-7494\" src=\"http:\/\/www.correio24horas.com.br\/blogs\/mesalte\/wp-content\/uploads\/2016\/10\/Lucas-Valen\u00e7a-_Ama-os-amigos-e-tem-um-bumbum-enorme.jpg\" alt=\"Lucas Valen\u00e7a _Ama os amigos e tem um bumbum enorme\" width=\"750\" height=\"664\" srcset=\"https:\/\/blogs.correio24h.com.br\/mesalte\/wp-content\/uploads\/2016\/10\/Lucas-Valen\u00e7a-_Ama-os-amigos-e-tem-um-bumbum-enorme.jpg 750w, https:\/\/blogs.correio24h.com.br\/mesalte\/wp-content\/uploads\/2016\/10\/Lucas-Valen\u00e7a-_Ama-os-amigos-e-tem-um-bumbum-enorme-300x266.jpg 300w, https:\/\/blogs.correio24h.com.br\/mesalte\/wp-content\/uploads\/2016\/10\/Lucas-Valen\u00e7a-_Ama-os-amigos-e-tem-um-bumbum-enorme-165x146.jpg 165w, https:\/\/blogs.correio24h.com.br\/mesalte\/wp-content\/uploads\/2016\/10\/Lucas-Valen\u00e7a-_Ama-os-amigos-e-tem-um-bumbum-enorme-50x44.jpg 50w, https:\/\/blogs.correio24h.com.br\/mesalte\/wp-content\/uploads\/2016\/10\/Lucas-Valen\u00e7a-_Ama-os-amigos-e-tem-um-bumbum-enorme-85x75.jpg 85w\" sizes=\"auto, (max-width: 750px) 100vw, 750px\" \/><\/p>\n<p><strong>Leia tamb\u00e9m&gt;&gt;&gt;<br \/>\n<a href=\"http:\/\/www.correio24horas.com.br\/blogs\/mesalte\/18-vaza-foto-do-modelo-paulo-zulu-de-53-anos-completamente-pelado-veja-sem-tarjas\/\" target=\"_blank\">[+18] Vaza foto do modelo Paulo Zulu, de 53 anos, completamente pelado; veja sem tarjas<\/a><\/strong><\/p>\n<p><strong>4. Ama os animais #auau<\/strong><\/p>\n<p><img loading=\"lazy\" decoding=\"async\" class=\"aligncenter size-full wp-image-7495\" src=\"http:\/\/www.correio24horas.com.br\/blogs\/mesalte\/wp-content\/uploads\/2016\/10\/Lucas-Valen\u00e7a-_Ama-os-Animais.jpg\" alt=\"Lucas Valen\u00e7a _Ama os Animais\" width=\"750\" height=\"750\" srcset=\"https:\/\/blogs.correio24h.com.br\/mesalte\/wp-content\/uploads\/2016\/10\/Lucas-Valen\u00e7a-_Ama-os-Animais.jpg 750w, https:\/\/blogs.correio24h.com.br\/mesalte\/wp-content\/uploads\/2016\/10\/Lucas-Valen\u00e7a-_Ama-os-Animais-150x150.jpg 150w, https:\/\/blogs.correio24h.com.br\/mesalte\/wp-content\/uploads\/2016\/10\/Lucas-Valen\u00e7a-_Ama-os-Animais-300x300.jpg 300w, https:\/\/blogs.correio24h.com.br\/mesalte\/wp-content\/uploads\/2016\/10\/Lucas-Valen\u00e7a-_Ama-os-Animais-146x146.jpg 146w, https:\/\/blogs.correio24h.com.br\/mesalte\/wp-content\/uploads\/2016\/10\/Lucas-Valen\u00e7a-_Ama-os-Animais-50x50.jpg 50w, https:\/\/blogs.correio24h.com.br\/mesalte\/wp-content\/uploads\/2016\/10\/Lucas-Valen\u00e7a-_Ama-os-Animais-80x80.jpg 80w, https:\/\/blogs.correio24h.com.br\/mesalte\/wp-content\/uploads\/2016\/10\/Lucas-Valen\u00e7a-_Ama-os-Animais-75x75.jpg 75w, https:\/\/blogs.correio24h.com.br\/mesalte\/wp-content\/uploads\/2016\/10\/Lucas-Valen\u00e7a-_Ama-os-Animais-85x85.jpg 85w\" sizes=\"auto, (max-width: 750px) 100vw, 750px\" \/><\/p>\n<p><strong>5. Curte os esportes #mechamadeslackline<\/strong><\/p>\n<p><img loading=\"lazy\" decoding=\"async\" class=\"aligncenter size-large wp-image-7496\" src=\"http:\/\/www.correio24horas.com.br\/blogs\/mesalte\/wp-content\/uploads\/2016\/10\/Lucas-Valen\u00e7a-_Ama-os-esportes-1024x1024.jpg\" alt=\"Lucas Valen\u00e7a _Ama os esportes\" width=\"1024\" height=\"1024\" srcset=\"https:\/\/blogs.correio24h.com.br\/mesalte\/wp-content\/uploads\/2016\/10\/Lucas-Valen\u00e7a-_Ama-os-esportes-1024x1024.jpg 1024w, https:\/\/blogs.correio24h.com.br\/mesalte\/wp-content\/uploads\/2016\/10\/Lucas-Valen\u00e7a-_Ama-os-esportes-150x150.jpg 150w, https:\/\/blogs.correio24h.com.br\/mesalte\/wp-content\/uploads\/2016\/10\/Lucas-Valen\u00e7a-_Ama-os-esportes-300x300.jpg 300w, https:\/\/blogs.correio24h.com.br\/mesalte\/wp-content\/uploads\/2016\/10\/Lucas-Valen\u00e7a-_Ama-os-esportes-768x768.jpg 768w, https:\/\/blogs.correio24h.com.br\/mesalte\/wp-content\/uploads\/2016\/10\/Lucas-Valen\u00e7a-_Ama-os-esportes-146x146.jpg 146w, https:\/\/blogs.correio24h.com.br\/mesalte\/wp-content\/uploads\/2016\/10\/Lucas-Valen\u00e7a-_Ama-os-esportes-50x50.jpg 50w, https:\/\/blogs.correio24h.com.br\/mesalte\/wp-content\/uploads\/2016\/10\/Lucas-Valen\u00e7a-_Ama-os-esportes-80x80.jpg 80w, https:\/\/blogs.correio24h.com.br\/mesalte\/wp-content\/uploads\/2016\/10\/Lucas-Valen\u00e7a-_Ama-os-esportes-75x75.jpg 75w, https:\/\/blogs.correio24h.com.br\/mesalte\/wp-content\/uploads\/2016\/10\/Lucas-Valen\u00e7a-_Ama-os-esportes-85x85.jpg 85w, https:\/\/blogs.correio24h.com.br\/mesalte\/wp-content\/uploads\/2016\/10\/Lucas-Valen\u00e7a-_Ama-os-esportes.jpg 1080w\" sizes=\"auto, (max-width: 1024px) 100vw, 1024px\" \/><\/p>\n<p><strong>6. Gosta de cuidar da beleza #quebonitohein<\/strong><\/p>\n<p><img loading=\"lazy\" decoding=\"async\" class=\"aligncenter size-large wp-image-7497\" src=\"http:\/\/www.correio24horas.com.br\/blogs\/mesalte\/wp-content\/uploads\/2016\/10\/Lucas-Valen\u00e7a-_\u00e8-vaidoso-1024x1024.jpg\" alt=\"Lucas Valen\u00e7a _\u00e8 vaidoso\" width=\"1024\" height=\"1024\" srcset=\"https:\/\/blogs.correio24h.com.br\/mesalte\/wp-content\/uploads\/2016\/10\/Lucas-Valen\u00e7a-_\u00e8-vaidoso-1024x1024.jpg 1024w, https:\/\/blogs.correio24h.com.br\/mesalte\/wp-content\/uploads\/2016\/10\/Lucas-Valen\u00e7a-_\u00e8-vaidoso-150x150.jpg 150w, https:\/\/blogs.correio24h.com.br\/mesalte\/wp-content\/uploads\/2016\/10\/Lucas-Valen\u00e7a-_\u00e8-vaidoso-300x300.jpg 300w, https:\/\/blogs.correio24h.com.br\/mesalte\/wp-content\/uploads\/2016\/10\/Lucas-Valen\u00e7a-_\u00e8-vaidoso-768x768.jpg 768w, https:\/\/blogs.correio24h.com.br\/mesalte\/wp-content\/uploads\/2016\/10\/Lucas-Valen\u00e7a-_\u00e8-vaidoso-146x146.jpg 146w, https:\/\/blogs.correio24h.com.br\/mesalte\/wp-content\/uploads\/2016\/10\/Lucas-Valen\u00e7a-_\u00e8-vaidoso-50x50.jpg 50w, https:\/\/blogs.correio24h.com.br\/mesalte\/wp-content\/uploads\/2016\/10\/Lucas-Valen\u00e7a-_\u00e8-vaidoso-80x80.jpg 80w, https:\/\/blogs.correio24h.com.br\/mesalte\/wp-content\/uploads\/2016\/10\/Lucas-Valen\u00e7a-_\u00e8-vaidoso-75x75.jpg 75w, https:\/\/blogs.correio24h.com.br\/mesalte\/wp-content\/uploads\/2016\/10\/Lucas-Valen\u00e7a-_\u00e8-vaidoso-85x85.jpg 85w, https:\/\/blogs.correio24h.com.br\/mesalte\/wp-content\/uploads\/2016\/10\/Lucas-Valen\u00e7a-_\u00e8-vaidoso.jpg 1080w\" sizes=\"auto, (max-width: 1024px) 100vw, 1024px\" \/><\/p>\n<p><strong>7. Ama a fam\u00edlia #nhom!<\/strong><\/p>\n<p><img loading=\"lazy\" decoding=\"async\" class=\"aligncenter size-large wp-image-7498\" src=\"http:\/\/www.correio24horas.com.br\/blogs\/mesalte\/wp-content\/uploads\/2016\/10\/Lucas-Valen\u00e7a-_Gosta-do-carinho-da-familia-1024x871.jpg\" alt=\"Lucas Valen\u00e7a _Gosta do carinho da familia\" width=\"1024\" height=\"871\" srcset=\"https:\/\/blogs.correio24h.com.br\/mesalte\/wp-content\/uploads\/2016\/10\/Lucas-Valen\u00e7a-_Gosta-do-carinho-da-familia-1024x871.jpg 1024w, https:\/\/blogs.correio24h.com.br\/mesalte\/wp-content\/uploads\/2016\/10\/Lucas-Valen\u00e7a-_Gosta-do-carinho-da-familia-300x255.jpg 300w, https:\/\/blogs.correio24h.com.br\/mesalte\/wp-content\/uploads\/2016\/10\/Lucas-Valen\u00e7a-_Gosta-do-carinho-da-familia-768x654.jpg 768w, https:\/\/blogs.correio24h.com.br\/mesalte\/wp-content\/uploads\/2016\/10\/Lucas-Valen\u00e7a-_Gosta-do-carinho-da-familia-172x146.jpg 172w, https:\/\/blogs.correio24h.com.br\/mesalte\/wp-content\/uploads\/2016\/10\/Lucas-Valen\u00e7a-_Gosta-do-carinho-da-familia-50x43.jpg 50w, https:\/\/blogs.correio24h.com.br\/mesalte\/wp-content\/uploads\/2016\/10\/Lucas-Valen\u00e7a-_Gosta-do-carinho-da-familia-88x75.jpg 88w, https:\/\/blogs.correio24h.com.br\/mesalte\/wp-content\/uploads\/2016\/10\/Lucas-Valen\u00e7a-_Gosta-do-carinho-da-familia.jpg 1080w\" sizes=\"auto, (max-width: 1024px) 100vw, 1024px\" \/><\/p>\n<p><strong>Leia tamb\u00e9m&gt;&gt;&gt;<\/strong><br \/>\n<a href=\"http:\/\/www.correio24horas.com.br\/blogs\/mesalte\/18-astro-porno-tio-breno-troca-de-produtora-e-faz-cena-como-passivo-pela-primeira-vez\/\" target=\"_blank\">[+18] Astro porn\u00f4, Tio Breno, troca de produtora e faz cena como passivo pela primeira vez<\/a><\/p>\n<p><strong>8. J\u00e1 tomou banho de argila em Morro de S\u00e3o Paulo na Bahia #Aiseeutepego<\/strong><\/p>\n<p><img loading=\"lazy\" decoding=\"async\" class=\"aligncenter size-large wp-image-7499\" src=\"http:\/\/www.correio24horas.com.br\/blogs\/mesalte\/wp-content\/uploads\/2016\/10\/Lucas-Valen\u00e7a-_Ja-tomou-banho-de-argila-em-Morro-de-Sao-PAulo-1024x1024.jpg\" alt=\"Lucas Valen\u00e7a _Ja tomou banho de argila em Morro de Sao PAulo\" width=\"1024\" height=\"1024\" srcset=\"https:\/\/blogs.correio24h.com.br\/mesalte\/wp-content\/uploads\/2016\/10\/Lucas-Valen\u00e7a-_Ja-tomou-banho-de-argila-em-Morro-de-Sao-PAulo-1024x1024.jpg 1024w, https:\/\/blogs.correio24h.com.br\/mesalte\/wp-content\/uploads\/2016\/10\/Lucas-Valen\u00e7a-_Ja-tomou-banho-de-argila-em-Morro-de-Sao-PAulo-150x150.jpg 150w, https:\/\/blogs.correio24h.com.br\/mesalte\/wp-content\/uploads\/2016\/10\/Lucas-Valen\u00e7a-_Ja-tomou-banho-de-argila-em-Morro-de-Sao-PAulo-300x300.jpg 300w, https:\/\/blogs.correio24h.com.br\/mesalte\/wp-content\/uploads\/2016\/10\/Lucas-Valen\u00e7a-_Ja-tomou-banho-de-argila-em-Morro-de-Sao-PAulo-768x768.jpg 768w, https:\/\/blogs.correio24h.com.br\/mesalte\/wp-content\/uploads\/2016\/10\/Lucas-Valen\u00e7a-_Ja-tomou-banho-de-argila-em-Morro-de-Sao-PAulo-146x146.jpg 146w, https:\/\/blogs.correio24h.com.br\/mesalte\/wp-content\/uploads\/2016\/10\/Lucas-Valen\u00e7a-_Ja-tomou-banho-de-argila-em-Morro-de-Sao-PAulo-50x50.jpg 50w, https:\/\/blogs.correio24h.com.br\/mesalte\/wp-content\/uploads\/2016\/10\/Lucas-Valen\u00e7a-_Ja-tomou-banho-de-argila-em-Morro-de-Sao-PAulo-80x80.jpg 80w, https:\/\/blogs.correio24h.com.br\/mesalte\/wp-content\/uploads\/2016\/10\/Lucas-Valen\u00e7a-_Ja-tomou-banho-de-argila-em-Morro-de-Sao-PAulo-75x75.jpg 75w, https:\/\/blogs.correio24h.com.br\/mesalte\/wp-content\/uploads\/2016\/10\/Lucas-Valen\u00e7a-_Ja-tomou-banho-de-argila-em-Morro-de-Sao-PAulo-85x85.jpg 85w, https:\/\/blogs.correio24h.com.br\/mesalte\/wp-content\/uploads\/2016\/10\/Lucas-Valen\u00e7a-_Ja-tomou-banho-de-argila-em-Morro-de-Sao-PAulo.jpg 1080w\" sizes=\"auto, (max-width: 1024px) 100vw, 1024px\" \/><\/p>\n<p><strong>9. Gosta de crian\u00e7as #vamosconstruirumafam\u00edlia<\/strong><\/p>\n<p><img loading=\"lazy\" decoding=\"async\" class=\"aligncenter size-full wp-image-7500\" src=\"http:\/\/www.correio24horas.com.br\/blogs\/mesalte\/wp-content\/uploads\/2016\/10\/Lucas-Valen\u00e7a-_Gosta-de-Crian\u00e7as.jpg\" alt=\"Lucas Valen\u00e7a _Gosta de Crian\u00e7as\" width=\"640\" height=\"640\" srcset=\"https:\/\/blogs.correio24h.com.br\/mesalte\/wp-content\/uploads\/2016\/10\/Lucas-Valen\u00e7a-_Gosta-de-Crian\u00e7as.jpg 640w, https:\/\/blogs.correio24h.com.br\/mesalte\/wp-content\/uploads\/2016\/10\/Lucas-Valen\u00e7a-_Gosta-de-Crian\u00e7as-150x150.jpg 150w, https:\/\/blogs.correio24h.com.br\/mesalte\/wp-content\/uploads\/2016\/10\/Lucas-Valen\u00e7a-_Gosta-de-Crian\u00e7as-300x300.jpg 300w, https:\/\/blogs.correio24h.com.br\/mesalte\/wp-content\/uploads\/2016\/10\/Lucas-Valen\u00e7a-_Gosta-de-Crian\u00e7as-146x146.jpg 146w, https:\/\/blogs.correio24h.com.br\/mesalte\/wp-content\/uploads\/2016\/10\/Lucas-Valen\u00e7a-_Gosta-de-Crian\u00e7as-50x50.jpg 50w, https:\/\/blogs.correio24h.com.br\/mesalte\/wp-content\/uploads\/2016\/10\/Lucas-Valen\u00e7a-_Gosta-de-Crian\u00e7as-80x80.jpg 80w, https:\/\/blogs.correio24h.com.br\/mesalte\/wp-content\/uploads\/2016\/10\/Lucas-Valen\u00e7a-_Gosta-de-Crian\u00e7as-75x75.jpg 75w, https:\/\/blogs.correio24h.com.br\/mesalte\/wp-content\/uploads\/2016\/10\/Lucas-Valen\u00e7a-_Gosta-de-Crian\u00e7as-85x85.jpg 85w\" sizes=\"auto, (max-width: 640px) 100vw, 640px\" \/><\/p>\n<p><strong>10. Participou da pris\u00e3o de Eduardo Cunha #aplausos<\/strong><\/p>\n<p><img loading=\"lazy\" decoding=\"async\" class=\"aligncenter size-full wp-image-7501\" src=\"http:\/\/www.correio24horas.com.br\/blogs\/mesalte\/wp-content\/uploads\/2016\/10\/pf.jpg\" alt=\"pf\" width=\"620\" height=\"326\" srcset=\"https:\/\/blogs.correio24h.com.br\/mesalte\/wp-content\/uploads\/2016\/10\/pf.jpg 620w, https:\/\/blogs.correio24h.com.br\/mesalte\/wp-content\/uploads\/2016\/10\/pf-300x158.jpg 300w, https:\/\/blogs.correio24h.com.br\/mesalte\/wp-content\/uploads\/2016\/10\/pf-260x137.jpg 260w, https:\/\/blogs.correio24h.com.br\/mesalte\/wp-content\/uploads\/2016\/10\/pf-50x26.jpg 50w, https:\/\/blogs.correio24h.com.br\/mesalte\/wp-content\/uploads\/2016\/10\/pf-143x75.jpg 143w\" sizes=\"auto, (max-width: 620px) 100vw, 620px\" \/><\/p>\n<p><strong>Leia tamb\u00e9m&gt;&gt;&gt;<\/strong><br \/>\n<a href=\"http:\/\/www.correio24horas.com.br\/blogs\/mesalte\/18-modelo-brigadeiro-show-de-24-anos-vence-concurso-bumbum-de-ouro-veja-fotos-sem-tarjas\/\" target=\"_blank\">[+18] Modelo Brigadeiro Show de 24 anos vence concurso Bumbum de Ouro; veja fotos sem tarjas<\/a><\/p>\n<p>&nbsp;<\/p>\n","protected":false},"excerpt":{"rendered":"<p>A melhor not\u00edcia de ontem foi que o ex-deputado Eduardo Cunha foi preso pela opera\u00e7\u00e3o da Pol\u00edcia Federal. Masssssssssss, n\u00e3o h\u00e1 ser humano nesse Brasil que [&hellip;]<\/p>\n","protected":false},"author":1,"featured_media":7502,"comment_status":"open","ping_status":"open","sticky":false,"template":"","format":"image","meta":{"footnotes":""},"categories":[80,27],"tags":[],"class_list":["post-7491","post","type-post","status-publish","format-image","has-post-thumbnail","hentry","category-home","category-me-abano","post_format-post-format-image"],"_links":{"self":[{"href":"https:\/\/blogs.correio24horas.com.br\/mesalte\/wp-json\/wp\/v2\/posts\/7491","targetHints":{"allow":["GET"]}}],"collection":[{"href":"https:\/\/blogs.correio24horas.com.br\/mesalte\/wp-json\/wp\/v2\/posts"}],"about":[{"href":"https:\/\/blogs.correio24horas.com.br\/mesalte\/wp-json\/wp\/v2\/types\/post"}],"author":[{"embeddable":true,"href":"https:\/\/blogs.correio24horas.com.br\/mesalte\/wp-json\/wp\/v2\/users\/1"}],"replies":[{"embeddable":true,"href":"https:\/\/blogs.correio24horas.com.br\/mesalte\/wp-json\/wp\/v2\/comments?post=7491"}],"version-history":[{"count":5,"href":"https:\/\/blogs.correio24horas.com.br\/mesalte\/wp-json\/wp\/v2\/posts\/7491\/revisions"}],"predecessor-version":[{"id":7510,"href":"https:\/\/blogs.correio24horas.com.br\/mesalte\/wp-json\/wp\/v2\/posts\/7491\/revisions\/7510"}],"wp:featuredmedia":[{"embeddable":true,"href":"https:\/\/blogs.correio24horas.com.br\/mesalte\/wp-json\/wp\/v2\/media\/7502"}],"wp:attachment":[{"href":"https:\/\/blogs.correio24horas.com.br\/mesalte\/wp-json\/wp\/v2\/media?parent=7491"}],"wp:term":[{"taxonomy":"category","embeddable":true,"href":"https:\/\/blogs.correio24horas.com.br\/mesalte\/wp-json\/wp\/v2\/categories?post=7491"},{"taxonomy":"post_tag","embeddable":true,"href":"https:\/\/blogs.correio24horas.com.br\/mesalte\/wp-json\/wp\/v2\/tags?post=7491"}],"curies":[{"name":"wp","href":"https:\/\/api.w.org\/{rel}","templated":true}]}}