{"id":7461,"date":"2016-10-18T17:34:05","date_gmt":"2016-10-18T20:34:05","guid":{"rendered":"http:\/\/www.correio24horas.com.br\/blogs\/mesalte\/?p=7461"},"modified":"2016-10-18T17:34:05","modified_gmt":"2016-10-18T20:34:05","slug":"fiac-bahia-2016-tera-quatro-espetaculos-que-falarao-sobre-questoes-de-genero","status":"publish","type":"post","link":"https:\/\/blogs.correio24horas.com.br\/mesalte\/fiac-bahia-2016-tera-quatro-espetaculos-que-falarao-sobre-questoes-de-genero\/","title":{"rendered":"FIAC Bahia 2016 ter\u00e1 quatro espet\u00e1culos que falar\u00e3o sobre\u00c2\u00a0quest\u00f5es de g\u00eanero"},"content":{"rendered":"<p>O\u00c2\u00a0Festival Internacional de Artes C\u00eanicas da Bahia 2016 ter\u00e1 \u00c2\u00a0quatro espet\u00e1culos que abordam as quest\u00f5es de\u00c2\u00a0g\u00eanero enquanto pr\u00e1tica pol\u00edtica. Os espet\u00e1culos ser\u00e3o exibidos a partir da pr\u00f3xima ter\u00e7a-feira (25).\u00c2\u00a0Um deles chamado\u00c2\u00a0<strong>Isto N\u00e3o \u00c9 Uma Mulata <\/strong>\u00e9 um mon\u00f3logo que tem no palco a atriz\u00c2\u00a0M\u00f4nica Santana que aborda\u00c2\u00a0quest\u00f5es como a invisibilidade, a visibilidade reduzida, os estere\u00f3tipos, o silenciamento, a exotiza\u00e7\u00e3o e a hipersexualiza\u00e7\u00e3o sobre a representa\u00e7\u00e3o da mulher negra.<\/p>\n<p>J\u00e1 em\u00c2\u00a0<strong>Mamba Negra &#8211; O covil da Imperatriz Mavambo<\/strong>, Diego Alc\u00e2ntara cria uma personagem anti-hero\u00edna do mundo underground que aponta caminhos e solu\u00e7\u00f5es agressivas na busca de ser diferente, construir um deslocamento diante das velhas logicas bin\u00e1rias\u00c2\u00a0de g\u00eanero e sociedade.<\/p>\n<p><strong>Endogenias, <\/strong>por sua vez,\u00c2\u00a0re\u00fane tr\u00eas coreografias concebidas por bailarinos do Bal\u00e9 Teatro Castro Alves: Generxs, de Leandro de Oliveira; Youkali, de Konstanze Mello, e D\u00ea L\u00edrios, de Tutto Gomes.\u00c2\u00a0 J\u00e1 em \u00c2\u00a0<strong>Obsessiva Dantesca<\/strong>\u00c2\u00a0a performer La\u00eds Machado vai expondo temas e situa\u00e7\u00f5es-tabu referentes \u00e0 \u00a0 condi\u00e7\u00e3o da mulher negr subvertendo a l\u00f3gica da vulnerabiliza\u00e7\u00e3o da mulher mediante a embriaguez.<\/p>\n<p><strong>Servi\u00e7o:<br \/>\nIsto N\u00e3o \u00c9 Uma Mulata (M\u00f4nica Santana \u201c BA) \u00c2\u00a0(foto de destaque acima)<\/strong><br \/>\nOnde: Casar\u00e3o Barabad\u00e1<br \/>\nQuando: 26\/10, \u00e0 \u00a0s 20h<br \/>\nQuanto: R$20 (inteira) e R$10 (meia)<br \/>\n<a href=\"https:\/\/www.sympla.com.br\/isso-nao-e-uma-mulata---monica-santana-ba__96619\" target=\"_blank\">Clique aqui para\u00c2\u00a0comprar\u00c2\u00a0<\/a><\/p>\n<p><strong>Mamba Negra &#8211; O covil da Imperatriz Mavambo<\/strong><br \/>\nOnde: Espa\u00e7o Cultural Barroquinha<br \/>\nQuando: 27\/10, \u00e0 \u00a0s 18h<br \/>\nQuanto: R$20 (inteira) e R$10 (meia)<br \/>\n<a href=\"https:\/\/www.sympla.com.br\/mamba-negra-o-covil-da-imperatriz-mavambo---diego-alcantara-ba__96625\" target=\"_blank\">Clique aqui para comprar\u00c2\u00a0<\/a><\/p>\n<div id=\"attachment_7462\" style=\"width: 1034px\" class=\"wp-caption aligncenter\"><img loading=\"lazy\" decoding=\"async\" aria-describedby=\"caption-attachment-7462\" class=\"wp-image-7462 size-large\" src=\"http:\/\/www.correio24horas.com.br\/blogs\/mesalte\/wp-content\/uploads\/2016\/10\/MAMBA_NEGRA_foto_taylla_de_paula-7-1024x682.jpg\" alt=\"MAMBA_NEGRA_foto_taylla_de_paula (7)\" width=\"1024\" height=\"682\" \/><p id=\"caption-attachment-7462\" class=\"wp-caption-text\">Foto: Taylla de Paula<\/p><\/div>\n<p><strong>Endogenias (Bal\u00e9 Teatro Castro Alves \u201c BA)<\/strong><br \/>\nOnde: Teatro Castro Alves<br \/>\nQuando: 27\/10, \u00e0 \u00a0s 20h<br \/>\nQuanto: R$20 (inteira) e R$10 (meia) &#8211; As vendas de ingressos para o espet\u00e1culo Endogenias ser\u00e3o efetuadas exclusivamente na bilheteria do TCA, das 10h \u00e0 \u00a0s 22h, ou atrav\u00e9s do site www.ingressorapido.com.br<\/p>\n<div id=\"attachment_7463\" style=\"width: 1034px\" class=\"wp-caption aligncenter\"><img loading=\"lazy\" decoding=\"async\" aria-describedby=\"caption-attachment-7463\" class=\"size-large wp-image-7463\" src=\"http:\/\/www.correio24horas.com.br\/blogs\/mesalte\/wp-content\/uploads\/2016\/10\/ENDOGENIAS-foto_fabio_bouzas-1-1-1024x671.jpg\" alt=\"Foto: Fabio Bouzas\" width=\"1024\" height=\"671\" srcset=\"https:\/\/blogs.correio24h.com.br\/mesalte\/wp-content\/uploads\/2016\/10\/ENDOGENIAS-foto_fabio_bouzas-1-1-1024x671.jpg 1024w, https:\/\/blogs.correio24h.com.br\/mesalte\/wp-content\/uploads\/2016\/10\/ENDOGENIAS-foto_fabio_bouzas-1-1-300x197.jpg 300w, https:\/\/blogs.correio24h.com.br\/mesalte\/wp-content\/uploads\/2016\/10\/ENDOGENIAS-foto_fabio_bouzas-1-1-768x503.jpg 768w, https:\/\/blogs.correio24h.com.br\/mesalte\/wp-content\/uploads\/2016\/10\/ENDOGENIAS-foto_fabio_bouzas-1-1-223x146.jpg 223w, https:\/\/blogs.correio24h.com.br\/mesalte\/wp-content\/uploads\/2016\/10\/ENDOGENIAS-foto_fabio_bouzas-1-1-50x33.jpg 50w, https:\/\/blogs.correio24h.com.br\/mesalte\/wp-content\/uploads\/2016\/10\/ENDOGENIAS-foto_fabio_bouzas-1-1-114x75.jpg 114w\" sizes=\"auto, (max-width: 1024px) 100vw, 1024px\" \/><p id=\"caption-attachment-7463\" class=\"wp-caption-text\">Foto: Fabio Bouzas<\/p><\/div>\n<p><strong>Obsessiva Dantesca (La\u00eds Machado \u201c BA)<\/strong><br \/>\nOnde: Ocupa\u00e7\u00e3o Coaty<br \/>\nQuando: 29\/10, \u00e0 \u00a0s 20h<br \/>\nQuanto: R$20 (inteira) e R$10 (meia)<br \/>\n<a href=\"https:\/\/www.sympla.com.br\/obsessiva-dantesca---lais-machado-ba__96671\" target=\"_blank\">Clique aqui para comprar\u00c2\u00a0<\/a><\/p>\n<div id=\"attachment_7464\" style=\"width: 1034px\" class=\"wp-caption aligncenter\"><img loading=\"lazy\" decoding=\"async\" aria-describedby=\"caption-attachment-7464\" class=\"size-large wp-image-7464\" src=\"http:\/\/www.correio24horas.com.br\/blogs\/mesalte\/wp-content\/uploads\/2016\/10\/OBSESSIVA_DANTESCA_foto_taylla_de_paula-2-1024x683.jpg\" alt=\"Foto: Taylla de Paula\" width=\"1024\" height=\"683\" \/><p id=\"caption-attachment-7464\" class=\"wp-caption-text\">Foto: Taylla de Paula<\/p><\/div>\n","protected":false},"excerpt":{"rendered":"<p>O\u00c2\u00a0Festival Internacional de Artes C\u00eanicas da Bahia 2016 ter\u00e1 \u00c2\u00a0quatro espet\u00e1culos que abordam as quest\u00f5es de\u00c2\u00a0g\u00eanero enquanto pr\u00e1tica pol\u00edtica. Os espet\u00e1culos ser\u00e3o exibidos a partir da [&hellip;]<\/p>\n","protected":false},"author":1,"featured_media":7465,"comment_status":"open","ping_status":"open","sticky":false,"template":"","format":"image","meta":{"footnotes":""},"categories":[80,16],"tags":[],"class_list":["post-7461","post","type-post","status-publish","format-image","has-post-thumbnail","hentry","category-home","category-me-jogo","post_format-post-format-image"],"_links":{"self":[{"href":"https:\/\/blogs.correio24horas.com.br\/mesalte\/wp-json\/wp\/v2\/posts\/7461","targetHints":{"allow":["GET"]}}],"collection":[{"href":"https:\/\/blogs.correio24horas.com.br\/mesalte\/wp-json\/wp\/v2\/posts"}],"about":[{"href":"https:\/\/blogs.correio24horas.com.br\/mesalte\/wp-json\/wp\/v2\/types\/post"}],"author":[{"embeddable":true,"href":"https:\/\/blogs.correio24horas.com.br\/mesalte\/wp-json\/wp\/v2\/users\/1"}],"replies":[{"embeddable":true,"href":"https:\/\/blogs.correio24horas.com.br\/mesalte\/wp-json\/wp\/v2\/comments?post=7461"}],"version-history":[{"count":1,"href":"https:\/\/blogs.correio24horas.com.br\/mesalte\/wp-json\/wp\/v2\/posts\/7461\/revisions"}],"predecessor-version":[{"id":7466,"href":"https:\/\/blogs.correio24horas.com.br\/mesalte\/wp-json\/wp\/v2\/posts\/7461\/revisions\/7466"}],"wp:featuredmedia":[{"embeddable":true,"href":"https:\/\/blogs.correio24horas.com.br\/mesalte\/wp-json\/wp\/v2\/media\/7465"}],"wp:attachment":[{"href":"https:\/\/blogs.correio24horas.com.br\/mesalte\/wp-json\/wp\/v2\/media?parent=7461"}],"wp:term":[{"taxonomy":"category","embeddable":true,"href":"https:\/\/blogs.correio24horas.com.br\/mesalte\/wp-json\/wp\/v2\/categories?post=7461"},{"taxonomy":"post_tag","embeddable":true,"href":"https:\/\/blogs.correio24horas.com.br\/mesalte\/wp-json\/wp\/v2\/tags?post=7461"}],"curies":[{"name":"wp","href":"https:\/\/api.w.org\/{rel}","templated":true}]}}