{"id":7453,"date":"2016-10-18T16:39:52","date_gmt":"2016-10-18T19:39:52","guid":{"rendered":"http:\/\/www.correio24horas.com.br\/blogs\/mesalte\/?p=7453"},"modified":"2016-10-20T13:23:48","modified_gmt":"2016-10-20T16:23:48","slug":"os-livros-das-religioes-nao-se-opoem-a-igualdade-o-problema-e-a-interpretacao-diz-ana-campina","status":"publish","type":"post","link":"https:\/\/blogs.correio24horas.com.br\/mesalte\/os-livros-das-religioes-nao-se-opoem-a-igualdade-o-problema-e-a-interpretacao-diz-ana-campina\/","title":{"rendered":"&#8220;Os livros das religi\u00f5es n\u00e3o se op\u00f5em \u00e0 \u00a0 igualdade. O problema \u00e9 a interpreta\u00e7\u00e3o&#8221;, diz Ana Campina\u00c2\u00a0"},"content":{"rendered":"<p>Diariamente noticiamos casos de viol\u00eancia e desrespeito aos direitos humanos sejam eles contra LGBTs, mulheres e pessoas com defici\u00eancia. Para que esse tipo de pr\u00e1tica e atitude deixe acontecer \u00e9 preciso investir na educa\u00e7\u00e3o.\u00c2\u00a0A opini\u00e3o \u00e9 da professora\u00c2\u00a0portuguesa Ana Campina, que est\u00e1 em Salvador e fez ontem palestra de\u00c2\u00a0abertura da <a href=\"http:\/\/www.faculdadesocial.edu.br\/home-graduacao\/\" target=\"_blank\">XIV Semana Acad\u00eamica da Faculdade Social da Bahia (FSBA)<\/a>, que encerra hoje com o tema\u00c2\u00a0A Sociedade do s\u00e9culo XXI: saberes, poderes e verdades\u009d.<\/p>\n<p>&#8220;Falar dos direitos humanos \u00e9 realmente pantanoso nesse momento. Temos um problema comum em v\u00e1rios lugares do mundo que \u00e9 a quest\u00e3o da viol\u00eancia que come\u00e7a pela forma de pensar. A xenofobia, a homofobia, o racismo, o feminic\u00eddio e a LGBTfobia s\u00e3o reflexos da forma de pensar das pessoas&#8221;, afirmou Ana que \u00e9 professora da Universidade Portucalense Infante D. Henrique (Porto &#8211; Portugal) e atua como Investigadora do Instituto Jur\u00eddico Portucalense.<\/p>\n<p>Graduada em Ci\u00eancia Pol\u00edticas, Campina destaque as religi\u00f5es t\u00eam importante papel para melhorar as condi\u00e7\u00f5es como s\u00e3o tratadas as quest\u00f5es relacionadas aos direitos humanos no desenvolvimento, inclusive, de pol\u00edticas p\u00fablicas que n\u00e3o atendem a igualdade. &#8220;Temos pol\u00edticas p\u00fablicas que n\u00e3o sabem lidar com as quest\u00f5es de g\u00eanero. Mas al\u00e9m das pol\u00edticas p\u00fablicas tem outra coisa que tem um peso grande que \u00e9 a religi\u00e3o. O catolicismo, a igreja mu\u00e7ulmana e o juda\u00edsmo s\u00e3o tr\u00eas pesos pesados a n\u00edvel mundial que defendem a igualdade mas uma igualdade perante um Deus, cada uma a sua maneira.\u00c2\u00a0Os livros das religi\u00f5es n\u00e3o se op\u00f5em \u00e0 \u00a0 igualdade. O problema \u00e9 a interpreta\u00e7\u00e3o que \u00e9 feita por seus seguidores&#8221;, pontua.<\/p>\n<blockquote><p>\u00c9 preciso colocar as leis que j\u00e1 existem em pr\u00e1tica e punir, pela sociedade e judicialmente, \u00c2\u00a0aqueles que praticam atos que v\u00e3o de encontro com os direitos humanos<\/p><\/blockquote>\n<p>A educadora criticou ainda os padr\u00f5es impostos pela sociedade. &#8220;Os padr\u00f5es precisam ser ajustados. Os desenhos da Disney precisam ser alternados e adaptados assim como as hist\u00f3rias dos contos de fadas e publicidade al\u00e9m de roupas que s\u00e3o colocadas com s\u00e3o ditas de homens e de mulher&#8221;, afirma. Al\u00e9m desse processo educacional a professora sugere que haja um engajamento maior de classes educacionais. &#8220;Grupos art\u00edsticos precisam se engajar nessas a\u00e7\u00f5es<\/p>\n<div id=\"attachment_7456\" style=\"width: 1034px\" class=\"wp-caption aligncenter\"><img loading=\"lazy\" decoding=\"async\" aria-describedby=\"caption-attachment-7456\" class=\"wp-image-7456 size-large\" src=\"http:\/\/www.correio24horas.com.br\/blogs\/mesalte\/wp-content\/uploads\/2016\/10\/Jorge-Gauthier-entrevista-Ana-Campina-1024x684.jpg\" alt=\"Ana Campina recebeu a professora Ana Campina na reda\u00e7\u00e3o do CORREIO Foto: Betto Jr\/CORREIO\" width=\"1024\" height=\"684\" srcset=\"https:\/\/blogs.correio24h.com.br\/mesalte\/wp-content\/uploads\/2016\/10\/Jorge-Gauthier-entrevista-Ana-Campina-1024x684.jpg 1024w, https:\/\/blogs.correio24h.com.br\/mesalte\/wp-content\/uploads\/2016\/10\/Jorge-Gauthier-entrevista-Ana-Campina-300x200.jpg 300w, https:\/\/blogs.correio24h.com.br\/mesalte\/wp-content\/uploads\/2016\/10\/Jorge-Gauthier-entrevista-Ana-Campina-768x513.jpg 768w, https:\/\/blogs.correio24h.com.br\/mesalte\/wp-content\/uploads\/2016\/10\/Jorge-Gauthier-entrevista-Ana-Campina-219x146.jpg 219w, https:\/\/blogs.correio24h.com.br\/mesalte\/wp-content\/uploads\/2016\/10\/Jorge-Gauthier-entrevista-Ana-Campina-50x33.jpg 50w, https:\/\/blogs.correio24h.com.br\/mesalte\/wp-content\/uploads\/2016\/10\/Jorge-Gauthier-entrevista-Ana-Campina-112x75.jpg 112w\" sizes=\"auto, (max-width: 1024px) 100vw, 1024px\" \/><p id=\"caption-attachment-7456\" class=\"wp-caption-text\">Jorge Gauthier recebeu a professora Ana Campina na reda\u00e7\u00e3o do CORREIO<br \/> Foto: Betto Jr\/CORREIO<\/p><\/div>\n<p>Campina ressalta que \u00e9 preciso trabalhar a educa\u00e7\u00e3o para os direitos humanos de forma espec\u00edfica para cada regi\u00e3o e tipo de p\u00fablico. &#8220;Ser normal \u00e9 reconhecer o outro na sua condi\u00e7\u00e3o de vida. Precisamos de uma educa\u00e7\u00e3o e reedu\u00e7\u00e3o dos direitos humanos. O que mais me preocupa s\u00e3o que os que mais discriminam s\u00e3o os jovens. Esse \u00e9 o ponto chave para o reconhecimento da igualdade.A lei \u00e9 cega, mas precisamos humanizar a lei atrav\u00e9s da educa\u00e7\u00e3o para os direitos humanos. \u00c9 preciso usar os meios de comunica\u00e7\u00e3o social de forma incisiva. Hoje, n\u00e3o denunciamos os crimes que acontecem. H\u00e1 muitos pa\u00edses onde os homossexuais, mulheres e homens n\u00e3o t\u00eam direitos nenhum. Temos a situa\u00e7\u00e3o da China que o regime encobre muitas coisas&#8221;, afirma a professora lembrando que h\u00e1 mais de 80 pa\u00edses que, por exemplo, condenam a homossexualidade.<\/p>\n<p>&nbsp;<\/p>\n","protected":false},"excerpt":{"rendered":"<p>Diariamente noticiamos casos de viol\u00eancia e desrespeito aos direitos humanos sejam eles contra LGBTs, mulheres e pessoas com defici\u00eancia. Para que esse tipo de pr\u00e1tica e [&hellip;]<\/p>\n","protected":false},"author":1,"featured_media":7454,"comment_status":"open","ping_status":"open","sticky":false,"template":"","format":"image","meta":{"footnotes":""},"categories":[80,11],"tags":[],"class_list":["post-7453","post","type-post","status-publish","format-image","has-post-thumbnail","hentry","category-home","category-me-informo","post_format-post-format-image"],"_links":{"self":[{"href":"https:\/\/blogs.correio24horas.com.br\/mesalte\/wp-json\/wp\/v2\/posts\/7453","targetHints":{"allow":["GET"]}}],"collection":[{"href":"https:\/\/blogs.correio24horas.com.br\/mesalte\/wp-json\/wp\/v2\/posts"}],"about":[{"href":"https:\/\/blogs.correio24horas.com.br\/mesalte\/wp-json\/wp\/v2\/types\/post"}],"author":[{"embeddable":true,"href":"https:\/\/blogs.correio24horas.com.br\/mesalte\/wp-json\/wp\/v2\/users\/1"}],"replies":[{"embeddable":true,"href":"https:\/\/blogs.correio24horas.com.br\/mesalte\/wp-json\/wp\/v2\/comments?post=7453"}],"version-history":[{"count":6,"href":"https:\/\/blogs.correio24horas.com.br\/mesalte\/wp-json\/wp\/v2\/posts\/7453\/revisions"}],"predecessor-version":[{"id":7511,"href":"https:\/\/blogs.correio24horas.com.br\/mesalte\/wp-json\/wp\/v2\/posts\/7453\/revisions\/7511"}],"wp:featuredmedia":[{"embeddable":true,"href":"https:\/\/blogs.correio24horas.com.br\/mesalte\/wp-json\/wp\/v2\/media\/7454"}],"wp:attachment":[{"href":"https:\/\/blogs.correio24horas.com.br\/mesalte\/wp-json\/wp\/v2\/media?parent=7453"}],"wp:term":[{"taxonomy":"category","embeddable":true,"href":"https:\/\/blogs.correio24horas.com.br\/mesalte\/wp-json\/wp\/v2\/categories?post=7453"},{"taxonomy":"post_tag","embeddable":true,"href":"https:\/\/blogs.correio24horas.com.br\/mesalte\/wp-json\/wp\/v2\/tags?post=7453"}],"curies":[{"name":"wp","href":"https:\/\/api.w.org\/{rel}","templated":true}]}}