{"id":7450,"date":"2016-10-18T10:54:31","date_gmt":"2016-10-18T13:54:31","guid":{"rendered":"http:\/\/www.correio24horas.com.br\/blogs\/mesalte\/?p=7450"},"modified":"2016-10-18T10:54:31","modified_gmt":"2016-10-18T13:54:31","slug":"fernanda-gentil-publica-primeira-foto-com-a-namorada-e-imagem-viraliza","status":"publish","type":"post","link":"https:\/\/blogs.correio24horas.com.br\/mesalte\/fernanda-gentil-publica-primeira-foto-com-a-namorada-e-imagem-viraliza\/","title":{"rendered":"Fernanda Gentil publica primeira foto com a namorada e imagem viraliza"},"content":{"rendered":"<p>A jornalista Fernanda Gentil postou a primeira foto ao lado do namorada, a tamb\u00e9m jornalista Priscila Montandon, em suas redes sociais, desde que as duas assumiram o romance. Nesta segunda-feira (17), Gentil usou sua conta no Instagram para postar a imagem com a legenda. #tbt mesmo sendo segunda em alguma ruela linda grega\u009d. A imagem ganhou ampla repercuss\u00e3o nas redes sociais da jornalista com mais de 120 mil curtidas e muitas frases de apoio.&#8221;\u00c2\u00a0O amor n\u00e3o tem sexo,regi\u00e3o, o amor \u00e9 universal, parab\u00e9ns pela atitude&#8221;, postou uma seguidora.<\/p>\n","protected":false},"excerpt":{"rendered":"<p>A jornalista Fernanda Gentil postou a primeira foto ao lado do namorada, a tamb\u00e9m jornalista Priscila Montandon, em suas redes sociais, desde que as duas assumiram [&hellip;]<\/p>\n","protected":false},"author":1,"featured_media":7451,"comment_status":"open","ping_status":"open","sticky":false,"template":"","format":"standard","meta":{"footnotes":""},"categories":[80,26],"tags":[],"class_list":["post-7450","post","type-post","status-publish","format-standard","has-post-thumbnail","hentry","category-home","category-me-inspiro"],"_links":{"self":[{"href":"https:\/\/blogs.correio24horas.com.br\/mesalte\/wp-json\/wp\/v2\/posts\/7450","targetHints":{"allow":["GET"]}}],"collection":[{"href":"https:\/\/blogs.correio24horas.com.br\/mesalte\/wp-json\/wp\/v2\/posts"}],"about":[{"href":"https:\/\/blogs.correio24horas.com.br\/mesalte\/wp-json\/wp\/v2\/types\/post"}],"author":[{"embeddable":true,"href":"https:\/\/blogs.correio24horas.com.br\/mesalte\/wp-json\/wp\/v2\/users\/1"}],"replies":[{"embeddable":true,"href":"https:\/\/blogs.correio24horas.com.br\/mesalte\/wp-json\/wp\/v2\/comments?post=7450"}],"version-history":[{"count":1,"href":"https:\/\/blogs.correio24horas.com.br\/mesalte\/wp-json\/wp\/v2\/posts\/7450\/revisions"}],"predecessor-version":[{"id":7452,"href":"https:\/\/blogs.correio24horas.com.br\/mesalte\/wp-json\/wp\/v2\/posts\/7450\/revisions\/7452"}],"wp:featuredmedia":[{"embeddable":true,"href":"https:\/\/blogs.correio24horas.com.br\/mesalte\/wp-json\/wp\/v2\/media\/7451"}],"wp:attachment":[{"href":"https:\/\/blogs.correio24horas.com.br\/mesalte\/wp-json\/wp\/v2\/media?parent=7450"}],"wp:term":[{"taxonomy":"category","embeddable":true,"href":"https:\/\/blogs.correio24horas.com.br\/mesalte\/wp-json\/wp\/v2\/categories?post=7450"},{"taxonomy":"post_tag","embeddable":true,"href":"https:\/\/blogs.correio24horas.com.br\/mesalte\/wp-json\/wp\/v2\/tags?post=7450"}],"curies":[{"name":"wp","href":"https:\/\/api.w.org\/{rel}","templated":true}]}}