{"id":7429,"date":"2016-10-17T16:30:09","date_gmt":"2016-10-17T19:30:09","guid":{"rendered":"http:\/\/www.correio24horas.com.br\/blogs\/mesalte\/?p=7429"},"modified":"2016-10-17T16:31:01","modified_gmt":"2016-10-17T19:31:01","slug":"globo-exibe-campanha-contra-a-homofobia-com-beijo-gay-no-horario-nobre-assista","status":"publish","type":"post","link":"https:\/\/blogs.correio24horas.com.br\/mesalte\/globo-exibe-campanha-contra-a-homofobia-com-beijo-gay-no-horario-nobre-assista\/","title":{"rendered":"Globo exibe campanha contra a homofobia com beijo gay no hor\u00e1rio nobre; assista"},"content":{"rendered":"<p>A Rede Globo de Televis\u00e3o tem mostrado que est\u00e1 dando passos largos quando o assunto \u00e9 diversidade sexual. Um exemplo disso \u00e9 a exibi\u00e7\u00e3o da\u00c2\u00a0<a href=\"http:\/\/www.correio24horas.com.br\/blogs\/mesalte\/caio-blat-e-ricardo-pereira-protagonizam-cena-de-sexo-na-globo-veja-trecho\/\" target=\"_blank\">primeira cena de sexo gay da TV brasileira<\/a>, al\u00e9m da\u00c2\u00a0recente inclus\u00e3o de <a href=\"http:\/\/www.correio24horas.com.br\/blogs\/mesalte\/bruna-marquezine-vivera-relacionamento-lesbico-com-leticia-colin-em-minisserie\/\" target=\"_blank\">um relacionamento l\u00e9sbico na\u00c2\u00a0miniss\u00e9rie\u00c2\u00a0Nada Ser\u00e1 Como Antes\u009d<\/a>.\u00c2\u00a0Quem est\u00e1 ligado na tela da emissora tamb\u00e9m\u00c2\u00a0deve ter notado a veicula\u00e7\u00e3o de um comercial importante para a comunidade LGBT. Trata-se da campanha\u00c2\u00a0Eu odeio berinjela\u009d, que est\u00e1 sendo veiculada em hor\u00e1rio nobre, inclusive nos intervalos do Jornal Nacional e da novela das 21h.<\/p>\n<p>Criada pela ag\u00eancia OpusM\u00faltipla para a ONG Dignidade, que \u00e9 dirigida pelo not\u00e1vel ativista Toni Reis, o\u00c2\u00a0filme foi escolhido pela Globo para integrar uma a\u00e7\u00e3o para a promo\u00e7\u00e3o do respeito m\u00fatuo veiculada nacionalmente desde o come\u00e7o de outubro. Com o mote Voc\u00ea n\u00e3o precisar aceitar, mas deve respeitar\u009d, o v\u00eddeo mostra a import\u00e2ncia de lutar contra a intoler\u00e2ncia de qualquer esp\u00e9cie e ensina que o respeito \u00e9 a melhor maneira de lidar com as diferen\u00e7as. Assista e conta pra gente, nos coment\u00e1rios, o que achou.<\/p>\n<p><iframe loading=\"lazy\" src=\"https:\/\/www.youtube.com\/embed\/shsBwphAOaI?controls=0\" width=\"920\" height=\"518\" frameborder=\"0\" allowfullscreen=\"allowfullscreen\"><\/iframe><\/p>\n<p><strong>Leia mais<br \/>\n<\/strong><a href=\"http:\/\/www.correio24horas.com.br\/blogs\/mesalte\/cervejaria-budweiser-lanca-comercial-com-beijo-entre-dois-homens\/\" target=\"_blank\">Cervejaria Budweiser lan\u00e7a comercial com beijo entre dois homens<br \/>\n<\/a><a href=\"http:\/\/www.correio24horas.com.br\/blogs\/mesalte\/avon-e-skol-lancam-videos-em-prol-da-diversidade\/\" target=\"_blank\">Avon e Skol lan\u00e7am v\u00eddeos em prol da diversidade<\/a><\/p>\n<div>Sempre achei suspeito a forma como alguns lidam com as diferen\u00e7as, especialmente no que se refere \u00e0 \u00a0 orienta\u00e7\u00e3o sexual. O que justifica uma pessoa gastar sua energia para agredir, verbal ou fisicamente, algu\u00e9m que n\u00e3o compactua com suas prefer\u00eancias? Talvez essa pessoa n\u00e3o esteja t\u00e3o segura assim de suas escolhas&#8221;, reflete Renato Cavalher, criador do filme.<\/div>\n<div>Obviamente que podemos discordar do modo de vida de outras pessoas. Sou a favor de todos os direitos e da Justi\u00e7a. N\u00e3o devemos discriminar e sim respeitar n\u00e3o apenas a religi\u00e3o e a cor, mas tamb\u00e9m a orienta\u00e7\u00e3o sexual\u009d, pontua Toni Reis, diretor executivo e fundador do Grupo Dignidade.<\/div>\n","protected":false},"excerpt":{"rendered":"<p>A Rede Globo de Televis\u00e3o tem mostrado que est\u00e1 dando passos largos quando o assunto \u00e9 diversidade sexual. Um exemplo disso \u00e9 a exibi\u00e7\u00e3o da\u00c2\u00a0primeira cena [&hellip;]<\/p>\n","protected":false},"author":3,"featured_media":7435,"comment_status":"open","ping_status":"open","sticky":false,"template":"","format":"image","meta":{"footnotes":""},"categories":[28,80],"tags":[451,672,671,669,670],"class_list":["post-7429","post","type-post","status-publish","format-image","has-post-thumbnail","hentry","category-farofa-digital","category-home","tag-globo","tag-ong-dignidade","tag-opusmultipla","tag-rede-globo","tag-tv-globo","post_format-post-format-image"],"_links":{"self":[{"href":"https:\/\/blogs.correio24horas.com.br\/mesalte\/wp-json\/wp\/v2\/posts\/7429","targetHints":{"allow":["GET"]}}],"collection":[{"href":"https:\/\/blogs.correio24horas.com.br\/mesalte\/wp-json\/wp\/v2\/posts"}],"about":[{"href":"https:\/\/blogs.correio24horas.com.br\/mesalte\/wp-json\/wp\/v2\/types\/post"}],"author":[{"embeddable":true,"href":"https:\/\/blogs.correio24horas.com.br\/mesalte\/wp-json\/wp\/v2\/users\/3"}],"replies":[{"embeddable":true,"href":"https:\/\/blogs.correio24horas.com.br\/mesalte\/wp-json\/wp\/v2\/comments?post=7429"}],"version-history":[{"count":2,"href":"https:\/\/blogs.correio24horas.com.br\/mesalte\/wp-json\/wp\/v2\/posts\/7429\/revisions"}],"predecessor-version":[{"id":7434,"href":"https:\/\/blogs.correio24horas.com.br\/mesalte\/wp-json\/wp\/v2\/posts\/7429\/revisions\/7434"}],"wp:featuredmedia":[{"embeddable":true,"href":"https:\/\/blogs.correio24horas.com.br\/mesalte\/wp-json\/wp\/v2\/media\/7435"}],"wp:attachment":[{"href":"https:\/\/blogs.correio24horas.com.br\/mesalte\/wp-json\/wp\/v2\/media?parent=7429"}],"wp:term":[{"taxonomy":"category","embeddable":true,"href":"https:\/\/blogs.correio24horas.com.br\/mesalte\/wp-json\/wp\/v2\/categories?post=7429"},{"taxonomy":"post_tag","embeddable":true,"href":"https:\/\/blogs.correio24horas.com.br\/mesalte\/wp-json\/wp\/v2\/tags?post=7429"}],"curies":[{"name":"wp","href":"https:\/\/api.w.org\/{rel}","templated":true}]}}