{"id":7290,"date":"2016-10-12T09:15:41","date_gmt":"2016-10-12T12:15:41","guid":{"rendered":"http:\/\/www.correio24horas.com.br\/blogs\/mesalte\/?p=7290"},"modified":"2016-10-24T14:35:59","modified_gmt":"2016-10-24T17:35:59","slug":"crianca-viada-veja-fotos-de-criancas-que-mostram-que-e-preciso-lacrar-desde-a-infancia","status":"publish","type":"post","link":"https:\/\/blogs.correio24horas.com.br\/mesalte\/crianca-viada-veja-fotos-de-criancas-que-mostram-que-e-preciso-lacrar-desde-a-infancia\/","title":{"rendered":"Crian\u00e7a viada: veja fotos de crian\u00e7as que mostram que \u00e9 preciso lacrar desde a inf\u00e2ncia"},"content":{"rendered":"<p>Menina n\u00e3o brinca de bola. Menino n\u00e3o pode tocar em boneca (&#8230;) As exig\u00eancias de ter as crian\u00e7as dentro dos padr\u00f5es s\u00e3o muitas e resultam em muitos apertos de mente na inf\u00e2ncia. As crian\u00e7as que, assim como eu, tinham um estilo &#8216;crian\u00e7a viada&#8217; &#8211; que nada mais \u00e9 do que ser lacradora e closeira desde cedo &#8211; sofreram muito com piadinhas, apelidos e afins.\u00c2\u00a0Para celebrar o respeito \u00e0 \u00a0 diversidade e \u00e0 \u00a0s express\u00f5es mostramos, inspirados no\u00c2\u00a0tumblr Crian\u00e7a Viada mostramos crian\u00e7as que eram felizes e lacravam muito mesmo passando por perrengues&gt;&gt;&gt;<\/p>\n<p>Veja os closes das crian\u00e7as felizes:<\/p>\n<ol>\n<li>Fecha essas pernas, menina! Era o que ouvir Taiane Muniz. Ela n\u00e3o fechava e continuava no close \ud83d\ude42 #d\u00ealinguamesmo<\/li>\n<\/ol>\n<p><img loading=\"lazy\" decoding=\"async\" class=\"aligncenter size-full wp-image-7306\" src=\"http:\/\/www.correio24horas.com.br\/blogs\/mesalte\/wp-content\/uploads\/2016\/10\/Taiane-Rodrigues.jpg\" alt=\"Taiane Rodrigues\" width=\"586\" height=\"625\" srcset=\"https:\/\/blogs.correio24h.com.br\/mesalte\/wp-content\/uploads\/2016\/10\/Taiane-Rodrigues.jpg 586w, https:\/\/blogs.correio24h.com.br\/mesalte\/wp-content\/uploads\/2016\/10\/Taiane-Rodrigues-281x300.jpg 281w, https:\/\/blogs.correio24h.com.br\/mesalte\/wp-content\/uploads\/2016\/10\/Taiane-Rodrigues-137x146.jpg 137w, https:\/\/blogs.correio24h.com.br\/mesalte\/wp-content\/uploads\/2016\/10\/Taiane-Rodrigues-47x50.jpg 47w, https:\/\/blogs.correio24h.com.br\/mesalte\/wp-content\/uploads\/2016\/10\/Taiane-Rodrigues-70x75.jpg 70w\" sizes=\"auto, (max-width: 586px) 100vw, 586px\" \/><\/p>\n<p>&nbsp;<\/p>\n<p>2. Close com direito a capa e tudo no estilo dos Reis Magos. O lacre era de Rubem Damasceno que cresceu t\u00e3o viada que virou at\u00e9 drag queen, Mell Blera. #umacapa\u00e9umacapa<\/p>\n<p><img loading=\"lazy\" decoding=\"async\" class=\"aligncenter size-full wp-image-7304\" src=\"http:\/\/www.correio24horas.com.br\/blogs\/mesalte\/wp-content\/uploads\/2016\/10\/Rubem-Damasceno.jpg\" alt=\"Rubem Damasceno\" width=\"609\" height=\"945\" srcset=\"https:\/\/blogs.correio24h.com.br\/mesalte\/wp-content\/uploads\/2016\/10\/Rubem-Damasceno.jpg 609w, https:\/\/blogs.correio24h.com.br\/mesalte\/wp-content\/uploads\/2016\/10\/Rubem-Damasceno-193x300.jpg 193w, https:\/\/blogs.correio24h.com.br\/mesalte\/wp-content\/uploads\/2016\/10\/Rubem-Damasceno-94x146.jpg 94w, https:\/\/blogs.correio24h.com.br\/mesalte\/wp-content\/uploads\/2016\/10\/Rubem-Damasceno-32x50.jpg 32w, https:\/\/blogs.correio24h.com.br\/mesalte\/wp-content\/uploads\/2016\/10\/Rubem-Damasceno-48x75.jpg 48w\" sizes=\"auto, (max-width: 609px) 100vw, 609px\" \/><\/p>\n<p>&nbsp;<\/p>\n<p>3. A Tia M\u00e1 (Ma\u00edra Azevedo) fazia a linha &#8216;Se liga bem caminhoneira&#8221; na vers\u00e3o mirim&#8230;. #chamasulamiranda<\/p>\n<p><img loading=\"lazy\" decoding=\"async\" class=\"aligncenter size-full wp-image-7307\" src=\"http:\/\/www.correio24horas.com.br\/blogs\/mesalte\/wp-content\/uploads\/2016\/10\/Tia-M\u00ed-_estilo-caminhoneira.jpg\" alt=\"Tia M+\u00ed _estilo caminhoneira\" width=\"528\" height=\"689\" srcset=\"https:\/\/blogs.correio24h.com.br\/mesalte\/wp-content\/uploads\/2016\/10\/Tia-M\u00ed-_estilo-caminhoneira.jpg 528w, https:\/\/blogs.correio24h.com.br\/mesalte\/wp-content\/uploads\/2016\/10\/Tia-M\u00ed-_estilo-caminhoneira-230x300.jpg 230w, https:\/\/blogs.correio24h.com.br\/mesalte\/wp-content\/uploads\/2016\/10\/Tia-M\u00ed-_estilo-caminhoneira-112x146.jpg 112w, https:\/\/blogs.correio24h.com.br\/mesalte\/wp-content\/uploads\/2016\/10\/Tia-M\u00ed-_estilo-caminhoneira-38x50.jpg 38w, https:\/\/blogs.correio24h.com.br\/mesalte\/wp-content\/uploads\/2016\/10\/Tia-M\u00ed-_estilo-caminhoneira-57x75.jpg 57w\" sizes=\"auto, (max-width: 528px) 100vw, 528px\" \/><\/p>\n<p>&nbsp;<\/p>\n<p>4. \u00c2\u00a0Quem nunca foi obrigadx a dan\u00e7ar S\u00e3o Jo\u00e3o e ainda sorrir? Lucas Moreira nessa foto s\u00f3 falta gritar &#8220;Me Salte, coisinha&#8230;.&#8221; Olha a cara de que n\u00e3o queria estar ali. #n\u00e3omepeguen\u00e3o<\/p>\n<p>&nbsp;<\/p>\n<p><img loading=\"lazy\" decoding=\"async\" class=\"aligncenter size-full wp-image-7300\" src=\"http:\/\/www.correio24horas.com.br\/blogs\/mesalte\/wp-content\/uploads\/2016\/10\/Lucas-Moreira.jpg\" alt=\"Lucas Moreira\" width=\"326\" height=\"476\" srcset=\"https:\/\/blogs.correio24h.com.br\/mesalte\/wp-content\/uploads\/2016\/10\/Lucas-Moreira.jpg 326w, https:\/\/blogs.correio24h.com.br\/mesalte\/wp-content\/uploads\/2016\/10\/Lucas-Moreira-205x300.jpg 205w, https:\/\/blogs.correio24h.com.br\/mesalte\/wp-content\/uploads\/2016\/10\/Lucas-Moreira-100x146.jpg 100w, https:\/\/blogs.correio24h.com.br\/mesalte\/wp-content\/uploads\/2016\/10\/Lucas-Moreira-34x50.jpg 34w, https:\/\/blogs.correio24h.com.br\/mesalte\/wp-content\/uploads\/2016\/10\/Lucas-Moreira-51x75.jpg 51w\" sizes=\"auto, (max-width: 326px) 100vw, 326px\" \/><\/p>\n<p>&nbsp;<\/p>\n<p>5. Quer mais close do que posar pra foto com as perninhas de lado e ainda com esse urso maravilhoso? O close \u00e9 de\u00c2\u00a0Hirom Barreto&#8230;.. #euqueroessapantufa<\/p>\n<p><img loading=\"lazy\" decoding=\"async\" class=\"aligncenter size-full wp-image-7298\" src=\"http:\/\/www.correio24horas.com.br\/blogs\/mesalte\/wp-content\/uploads\/2016\/10\/Hirom-Barreto.jpg\" alt=\"Hirom Barreto\" width=\"954\" height=\"960\" srcset=\"https:\/\/blogs.correio24h.com.br\/mesalte\/wp-content\/uploads\/2016\/10\/Hirom-Barreto.jpg 954w, https:\/\/blogs.correio24h.com.br\/mesalte\/wp-content\/uploads\/2016\/10\/Hirom-Barreto-150x150.jpg 150w, https:\/\/blogs.correio24h.com.br\/mesalte\/wp-content\/uploads\/2016\/10\/Hirom-Barreto-298x300.jpg 298w, https:\/\/blogs.correio24h.com.br\/mesalte\/wp-content\/uploads\/2016\/10\/Hirom-Barreto-768x773.jpg 768w, https:\/\/blogs.correio24h.com.br\/mesalte\/wp-content\/uploads\/2016\/10\/Hirom-Barreto-145x146.jpg 145w, https:\/\/blogs.correio24h.com.br\/mesalte\/wp-content\/uploads\/2016\/10\/Hirom-Barreto-50x50.jpg 50w, https:\/\/blogs.correio24h.com.br\/mesalte\/wp-content\/uploads\/2016\/10\/Hirom-Barreto-80x80.jpg 80w, https:\/\/blogs.correio24h.com.br\/mesalte\/wp-content\/uploads\/2016\/10\/Hirom-Barreto-75x75.jpg 75w, https:\/\/blogs.correio24h.com.br\/mesalte\/wp-content\/uploads\/2016\/10\/Hirom-Barreto-85x85.jpg 85w\" sizes=\"auto, (max-width: 954px) 100vw, 954px\" \/><\/p>\n<p>&nbsp;<\/p>\n<p>6.\u00c2\u00a0Fernanda Varela botava logo o bon\u00e9 de lado para se disfar\u00e7ar de boy na rua. Tem uma vibe Igor Kannario nessa foto #princesadoguetto #vidaloka<\/p>\n<p>&nbsp;<\/p>\n<p><img loading=\"lazy\" decoding=\"async\" class=\"aligncenter size-full wp-image-7296\" src=\"http:\/\/www.correio24horas.com.br\/blogs\/mesalte\/wp-content\/uploads\/2016\/10\/Fernanda-Varela_-mine-cafu\u00bau.jpg\" alt=\"Fernanda Varela_ mine cafu+\u00bau\" width=\"392\" height=\"510\" srcset=\"https:\/\/blogs.correio24h.com.br\/mesalte\/wp-content\/uploads\/2016\/10\/Fernanda-Varela_-mine-cafu\u00bau.jpg 392w, https:\/\/blogs.correio24h.com.br\/mesalte\/wp-content\/uploads\/2016\/10\/Fernanda-Varela_-mine-cafu\u00bau-231x300.jpg 231w, https:\/\/blogs.correio24h.com.br\/mesalte\/wp-content\/uploads\/2016\/10\/Fernanda-Varela_-mine-cafu\u00bau-112x146.jpg 112w, https:\/\/blogs.correio24h.com.br\/mesalte\/wp-content\/uploads\/2016\/10\/Fernanda-Varela_-mine-cafu\u00bau-38x50.jpg 38w, https:\/\/blogs.correio24h.com.br\/mesalte\/wp-content\/uploads\/2016\/10\/Fernanda-Varela_-mine-cafu\u00bau-58x75.jpg 58w\" sizes=\"auto, (max-width: 392px) 100vw, 392px\" \/><\/p>\n<p>7. Close que \u00e9 close tem que ter maquiagem e peruca &#8211; by Melanie Mason #queroesseolho<\/p>\n<p><img loading=\"lazy\" decoding=\"async\" class=\"aligncenter size-full wp-image-7302\" src=\"http:\/\/www.correio24horas.com.br\/blogs\/mesalte\/wp-content\/uploads\/2016\/10\/Melanie-Mason.jpg\" alt=\"Melanie Mason\" width=\"320\" height=\"320\" srcset=\"https:\/\/blogs.correio24h.com.br\/mesalte\/wp-content\/uploads\/2016\/10\/Melanie-Mason.jpg 320w, https:\/\/blogs.correio24h.com.br\/mesalte\/wp-content\/uploads\/2016\/10\/Melanie-Mason-150x150.jpg 150w, https:\/\/blogs.correio24h.com.br\/mesalte\/wp-content\/uploads\/2016\/10\/Melanie-Mason-300x300.jpg 300w, https:\/\/blogs.correio24h.com.br\/mesalte\/wp-content\/uploads\/2016\/10\/Melanie-Mason-146x146.jpg 146w, https:\/\/blogs.correio24h.com.br\/mesalte\/wp-content\/uploads\/2016\/10\/Melanie-Mason-50x50.jpg 50w, https:\/\/blogs.correio24h.com.br\/mesalte\/wp-content\/uploads\/2016\/10\/Melanie-Mason-80x80.jpg 80w, https:\/\/blogs.correio24h.com.br\/mesalte\/wp-content\/uploads\/2016\/10\/Melanie-Mason-75x75.jpg 75w, https:\/\/blogs.correio24h.com.br\/mesalte\/wp-content\/uploads\/2016\/10\/Melanie-Mason-85x85.jpg 85w\" sizes=\"auto, (max-width: 320px) 100vw, 320px\" \/><\/p>\n<p>8. Ariane Senna dando close desde pequena #queroesselen\u00e7oldeon\u00e7a<\/p>\n<p>&nbsp;<\/p>\n<p><img loading=\"lazy\" decoding=\"async\" class=\"aligncenter size-full wp-image-7293\" src=\"http:\/\/www.correio24horas.com.br\/blogs\/mesalte\/wp-content\/uploads\/2016\/10\/Arianne-Senna.jpg\" alt=\"Arianne Senna\" width=\"303\" height=\"303\" srcset=\"https:\/\/blogs.correio24h.com.br\/mesalte\/wp-content\/uploads\/2016\/10\/Arianne-Senna.jpg 303w, https:\/\/blogs.correio24h.com.br\/mesalte\/wp-content\/uploads\/2016\/10\/Arianne-Senna-150x150.jpg 150w, https:\/\/blogs.correio24h.com.br\/mesalte\/wp-content\/uploads\/2016\/10\/Arianne-Senna-300x300.jpg 300w, https:\/\/blogs.correio24h.com.br\/mesalte\/wp-content\/uploads\/2016\/10\/Arianne-Senna-146x146.jpg 146w, https:\/\/blogs.correio24h.com.br\/mesalte\/wp-content\/uploads\/2016\/10\/Arianne-Senna-50x50.jpg 50w, https:\/\/blogs.correio24h.com.br\/mesalte\/wp-content\/uploads\/2016\/10\/Arianne-Senna-80x80.jpg 80w, https:\/\/blogs.correio24h.com.br\/mesalte\/wp-content\/uploads\/2016\/10\/Arianne-Senna-75x75.jpg 75w, https:\/\/blogs.correio24h.com.br\/mesalte\/wp-content\/uploads\/2016\/10\/Arianne-Senna-85x85.jpg 85w\" sizes=\"auto, (max-width: 303px) 100vw, 303px\" \/><\/p>\n<p>9. Faz a pose, Andrey! Elx fazia com direito a m\u00e3ozinha by Gisele. #acheiglam<\/p>\n<p>&nbsp;<\/p>\n<p><img loading=\"lazy\" decoding=\"async\" class=\"aligncenter size-full wp-image-7292\" src=\"http:\/\/www.correio24horas.com.br\/blogs\/mesalte\/wp-content\/uploads\/2016\/10\/Andrey-e1476224934330.jpg\" alt=\"Andrey\" width=\"612\" height=\"612\" srcset=\"https:\/\/blogs.correio24h.com.br\/mesalte\/wp-content\/uploads\/2016\/10\/Andrey-e1476224934330.jpg 612w, https:\/\/blogs.correio24h.com.br\/mesalte\/wp-content\/uploads\/2016\/10\/Andrey-e1476224934330-150x150.jpg 150w, https:\/\/blogs.correio24h.com.br\/mesalte\/wp-content\/uploads\/2016\/10\/Andrey-e1476224934330-300x300.jpg 300w, https:\/\/blogs.correio24h.com.br\/mesalte\/wp-content\/uploads\/2016\/10\/Andrey-e1476224934330-146x146.jpg 146w, https:\/\/blogs.correio24h.com.br\/mesalte\/wp-content\/uploads\/2016\/10\/Andrey-e1476224934330-50x50.jpg 50w, https:\/\/blogs.correio24h.com.br\/mesalte\/wp-content\/uploads\/2016\/10\/Andrey-e1476224934330-80x80.jpg 80w, https:\/\/blogs.correio24h.com.br\/mesalte\/wp-content\/uploads\/2016\/10\/Andrey-e1476224934330-75x75.jpg 75w, https:\/\/blogs.correio24h.com.br\/mesalte\/wp-content\/uploads\/2016\/10\/Andrey-e1476224934330-85x85.jpg 85w\" sizes=\"auto, (max-width: 612px) 100vw, 612px\" \/><\/p>\n<p>&nbsp;<\/p>\n<p>10.\u00c2\u00a0Rafael Calamazzo lacra na pose at\u00e9 em caruru de sete meninos. #passadonodend\u00ea<\/p>\n<p>&nbsp;<\/p>\n<p><img loading=\"lazy\" decoding=\"async\" class=\"aligncenter size-full wp-image-7303\" src=\"http:\/\/www.correio24horas.com.br\/blogs\/mesalte\/wp-content\/uploads\/2016\/10\/Rafael-Calamazzo.jpg\" alt=\"Rafael Calamazzo\" width=\"467\" height=\"729\" srcset=\"https:\/\/blogs.correio24h.com.br\/mesalte\/wp-content\/uploads\/2016\/10\/Rafael-Calamazzo.jpg 467w, https:\/\/blogs.correio24h.com.br\/mesalte\/wp-content\/uploads\/2016\/10\/Rafael-Calamazzo-192x300.jpg 192w, https:\/\/blogs.correio24h.com.br\/mesalte\/wp-content\/uploads\/2016\/10\/Rafael-Calamazzo-94x146.jpg 94w, https:\/\/blogs.correio24h.com.br\/mesalte\/wp-content\/uploads\/2016\/10\/Rafael-Calamazzo-32x50.jpg 32w, https:\/\/blogs.correio24h.com.br\/mesalte\/wp-content\/uploads\/2016\/10\/Rafael-Calamazzo-48x75.jpg 48w\" sizes=\"auto, (max-width: 467px) 100vw, 467px\" \/><\/p>\n<p>&nbsp;<\/p>\n<p>11. Naiana Ribeiro tombando desde pequena #joguesuastran\u00e7as<\/p>\n<p><img loading=\"lazy\" decoding=\"async\" class=\"aligncenter size-large wp-image-7313\" src=\"http:\/\/www.correio24horas.com.br\/blogs\/mesalte\/wp-content\/uploads\/2016\/10\/Naiana-2002-1-747x1024.jpg\" alt=\"Naiana 2002 (1)\" width=\"747\" height=\"1024\" srcset=\"https:\/\/blogs.correio24h.com.br\/mesalte\/wp-content\/uploads\/2016\/10\/Naiana-2002-1-747x1024.jpg 747w, https:\/\/blogs.correio24h.com.br\/mesalte\/wp-content\/uploads\/2016\/10\/Naiana-2002-1-219x300.jpg 219w, https:\/\/blogs.correio24h.com.br\/mesalte\/wp-content\/uploads\/2016\/10\/Naiana-2002-1-768x1053.jpg 768w, https:\/\/blogs.correio24h.com.br\/mesalte\/wp-content\/uploads\/2016\/10\/Naiana-2002-1-106x146.jpg 106w, https:\/\/blogs.correio24h.com.br\/mesalte\/wp-content\/uploads\/2016\/10\/Naiana-2002-1-36x50.jpg 36w, https:\/\/blogs.correio24h.com.br\/mesalte\/wp-content\/uploads\/2016\/10\/Naiana-2002-1-55x75.jpg 55w, https:\/\/blogs.correio24h.com.br\/mesalte\/wp-content\/uploads\/2016\/10\/Naiana-2002-1.jpg 1025w\" sizes=\"auto, (max-width: 747px) 100vw, 747px\" \/><\/p>\n<p>12. Jones Fran\u00e7a abalava nos conjuntinhos total color, mas queria mesmo era as cores. #voupegaressatoalhadefuxico<\/p>\n<p>&nbsp;<\/p>\n<p><img loading=\"lazy\" decoding=\"async\" class=\"aligncenter size-full wp-image-7299\" src=\"http:\/\/www.correio24horas.com.br\/blogs\/mesalte\/wp-content\/uploads\/2016\/10\/Jones-Fran\u00baa.jpg\" alt=\"Jones Fran+\u00baa\" width=\"528\" height=\"875\" srcset=\"https:\/\/blogs.correio24h.com.br\/mesalte\/wp-content\/uploads\/2016\/10\/Jones-Fran\u00baa.jpg 528w, https:\/\/blogs.correio24h.com.br\/mesalte\/wp-content\/uploads\/2016\/10\/Jones-Fran\u00baa-181x300.jpg 181w, https:\/\/blogs.correio24h.com.br\/mesalte\/wp-content\/uploads\/2016\/10\/Jones-Fran\u00baa-88x146.jpg 88w, https:\/\/blogs.correio24h.com.br\/mesalte\/wp-content\/uploads\/2016\/10\/Jones-Fran\u00baa-30x50.jpg 30w, https:\/\/blogs.correio24h.com.br\/mesalte\/wp-content\/uploads\/2016\/10\/Jones-Fran\u00baa-45x75.jpg 45w\" sizes=\"auto, (max-width: 528px) 100vw, 528px\" \/><\/p>\n<p>&nbsp;<\/p>\n<p>13. Conhece Tonh\u00e3o? Desconstru\u00e7\u00e3o era a palavra de ordem da mini Gabriela Cruz #passadocomesselook<\/p>\n<p><img loading=\"lazy\" decoding=\"async\" class=\"aligncenter size-large wp-image-7297\" src=\"http:\/\/www.correio24horas.com.br\/blogs\/mesalte\/wp-content\/uploads\/2016\/10\/GAbriela-Cruz-967x1024.jpg\" alt=\"GAbriela Cruz\" width=\"967\" height=\"1024\" srcset=\"https:\/\/blogs.correio24h.com.br\/mesalte\/wp-content\/uploads\/2016\/10\/GAbriela-Cruz-967x1024.jpg 967w, https:\/\/blogs.correio24h.com.br\/mesalte\/wp-content\/uploads\/2016\/10\/GAbriela-Cruz-283x300.jpg 283w, https:\/\/blogs.correio24h.com.br\/mesalte\/wp-content\/uploads\/2016\/10\/GAbriela-Cruz-768x814.jpg 768w, https:\/\/blogs.correio24h.com.br\/mesalte\/wp-content\/uploads\/2016\/10\/GAbriela-Cruz-138x146.jpg 138w, https:\/\/blogs.correio24h.com.br\/mesalte\/wp-content\/uploads\/2016\/10\/GAbriela-Cruz-47x50.jpg 47w, https:\/\/blogs.correio24h.com.br\/mesalte\/wp-content\/uploads\/2016\/10\/GAbriela-Cruz-71x75.jpg 71w, https:\/\/blogs.correio24h.com.br\/mesalte\/wp-content\/uploads\/2016\/10\/GAbriela-Cruz.jpg 1114w\" sizes=\"auto, (max-width: 967px) 100vw, 967px\" \/><\/p>\n<p>&nbsp;<\/p>\n<p>14. Quem conhece DesiR\u00e9e Beck (Michael Cardoso) tem certeza que ela n\u00e3o foi trocada na maternidade vendo esse close de garota na inf\u00e2ncia. #queroesseolhonaminhavida<\/p>\n<p>&nbsp;<\/p>\n<p><img loading=\"lazy\" decoding=\"async\" class=\"aligncenter size-large wp-image-7295\" src=\"http:\/\/www.correio24horas.com.br\/blogs\/mesalte\/wp-content\/uploads\/2016\/10\/DesiREee_criancaviada_jorge-768x1024.jpg\" alt=\"DesiREee_criancaviada_jorge\" width=\"768\" height=\"1024\" srcset=\"https:\/\/blogs.correio24h.com.br\/mesalte\/wp-content\/uploads\/2016\/10\/DesiREee_criancaviada_jorge-768x1024.jpg 768w, https:\/\/blogs.correio24h.com.br\/mesalte\/wp-content\/uploads\/2016\/10\/DesiREee_criancaviada_jorge-225x300.jpg 225w, https:\/\/blogs.correio24h.com.br\/mesalte\/wp-content\/uploads\/2016\/10\/DesiREee_criancaviada_jorge-110x146.jpg 110w, https:\/\/blogs.correio24h.com.br\/mesalte\/wp-content\/uploads\/2016\/10\/DesiREee_criancaviada_jorge-38x50.jpg 38w, https:\/\/blogs.correio24h.com.br\/mesalte\/wp-content\/uploads\/2016\/10\/DesiREee_criancaviada_jorge-56x75.jpg 56w, https:\/\/blogs.correio24h.com.br\/mesalte\/wp-content\/uploads\/2016\/10\/DesiREee_criancaviada_jorge.jpg 960w\" sizes=\"auto, (max-width: 768px) 100vw, 768px\" \/><\/p>\n<p>&nbsp;<\/p>\n<p>15. T\u00e1 vendo essa pinta de bofe? Ficou na inf\u00e2ncia, n\u00e9 Osmar Marrom Martins? #caratop<\/p>\n<p><img loading=\"lazy\" decoding=\"async\" class=\"aligncenter size-full wp-image-7301\" src=\"http:\/\/www.correio24horas.com.br\/blogs\/mesalte\/wp-content\/uploads\/2016\/10\/Marrom.jpg\" alt=\"Marrom\" width=\"573\" height=\"785\" srcset=\"https:\/\/blogs.correio24h.com.br\/mesalte\/wp-content\/uploads\/2016\/10\/Marrom.jpg 573w, https:\/\/blogs.correio24h.com.br\/mesalte\/wp-content\/uploads\/2016\/10\/Marrom-219x300.jpg 219w, https:\/\/blogs.correio24h.com.br\/mesalte\/wp-content\/uploads\/2016\/10\/Marrom-107x146.jpg 107w, https:\/\/blogs.correio24h.com.br\/mesalte\/wp-content\/uploads\/2016\/10\/Marrom-36x50.jpg 36w, https:\/\/blogs.correio24h.com.br\/mesalte\/wp-content\/uploads\/2016\/10\/Marrom-55x75.jpg 55w\" sizes=\"auto, (max-width: 573px) 100vw, 573px\" \/><\/p>\n<p>&nbsp;<\/p>\n<p>16. Rodrigo Fausto provando que d\u00e1 pra lacrar no animal print desde cedo #soltaaon\u00e7a<\/p>\n<p><img loading=\"lazy\" decoding=\"async\" class=\"aligncenter size-full wp-image-7339\" src=\"http:\/\/www.correio24horas.com.br\/blogs\/mesalte\/wp-content\/uploads\/2016\/10\/Rodrigo-Fausto.jpg\" alt=\"Rodrigo Fausto\" width=\"526\" height=\"527\" srcset=\"https:\/\/blogs.correio24h.com.br\/mesalte\/wp-content\/uploads\/2016\/10\/Rodrigo-Fausto.jpg 526w, https:\/\/blogs.correio24h.com.br\/mesalte\/wp-content\/uploads\/2016\/10\/Rodrigo-Fausto-150x150.jpg 150w, https:\/\/blogs.correio24h.com.br\/mesalte\/wp-content\/uploads\/2016\/10\/Rodrigo-Fausto-300x300.jpg 300w, https:\/\/blogs.correio24h.com.br\/mesalte\/wp-content\/uploads\/2016\/10\/Rodrigo-Fausto-146x146.jpg 146w, https:\/\/blogs.correio24h.com.br\/mesalte\/wp-content\/uploads\/2016\/10\/Rodrigo-Fausto-50x50.jpg 50w, https:\/\/blogs.correio24h.com.br\/mesalte\/wp-content\/uploads\/2016\/10\/Rodrigo-Fausto-80x80.jpg 80w, https:\/\/blogs.correio24h.com.br\/mesalte\/wp-content\/uploads\/2016\/10\/Rodrigo-Fausto-75x75.jpg 75w, https:\/\/blogs.correio24h.com.br\/mesalte\/wp-content\/uploads\/2016\/10\/Rodrigo-Fausto-85x85.jpg 85w\" sizes=\"auto, (max-width: 526px) 100vw, 526px\" \/><\/p>\n<p>17. Mariana Figueiredo conta que sempre achou lindo gravata. Quando era pequena teve uma festa do dia dos pais que as crian\u00e7as iam vestir uma roupa do pai. Ela catou a \u00fanica gravata do pai e comp\u00f4s o look. #QuemfoiAnaCarolina?<br \/>\n<img loading=\"lazy\" decoding=\"async\" class=\"aligncenter size-full wp-image-7358\" src=\"http:\/\/www.correio24horas.com.br\/blogs\/mesalte\/wp-content\/uploads\/2016\/10\/mariana-figueiredo.jpg\" alt=\"mariana figueiredo\" width=\"320\" height=\"372\" srcset=\"https:\/\/blogs.correio24h.com.br\/mesalte\/wp-content\/uploads\/2016\/10\/mariana-figueiredo.jpg 320w, https:\/\/blogs.correio24h.com.br\/mesalte\/wp-content\/uploads\/2016\/10\/mariana-figueiredo-258x300.jpg 258w, https:\/\/blogs.correio24h.com.br\/mesalte\/wp-content\/uploads\/2016\/10\/mariana-figueiredo-126x146.jpg 126w, https:\/\/blogs.correio24h.com.br\/mesalte\/wp-content\/uploads\/2016\/10\/mariana-figueiredo-43x50.jpg 43w, https:\/\/blogs.correio24h.com.br\/mesalte\/wp-content\/uploads\/2016\/10\/mariana-figueiredo-65x75.jpg 65w\" sizes=\"auto, (max-width: 320px) 100vw, 320px\" \/><\/p>\n<p>&nbsp;<\/p>\n<p>18. Susana Fontoura lacrany desde pequenininha. Olha s\u00f3 o close!<br \/>\n<img loading=\"lazy\" decoding=\"async\" class=\"aligncenter size-full wp-image-7582\" src=\"http:\/\/www.correio24horas.com.br\/blogs\/mesalte\/wp-content\/uploads\/2016\/10\/Susana-Fontoura-1.jpg\" alt=\"Susana Fontoura\" width=\"280\" height=\"498\" srcset=\"https:\/\/blogs.correio24h.com.br\/mesalte\/wp-content\/uploads\/2016\/10\/Susana-Fontoura-1.jpg 280w, https:\/\/blogs.correio24h.com.br\/mesalte\/wp-content\/uploads\/2016\/10\/Susana-Fontoura-1-169x300.jpg 169w, https:\/\/blogs.correio24h.com.br\/mesalte\/wp-content\/uploads\/2016\/10\/Susana-Fontoura-1-82x146.jpg 82w, https:\/\/blogs.correio24h.com.br\/mesalte\/wp-content\/uploads\/2016\/10\/Susana-Fontoura-1-28x50.jpg 28w, https:\/\/blogs.correio24h.com.br\/mesalte\/wp-content\/uploads\/2016\/10\/Susana-Fontoura-1-42x75.jpg 42w\" sizes=\"auto, (max-width: 280px) 100vw, 280px\" \/><\/p>\n<p>19. &#8220;- Menino, abaixa essa perna!&#8221; Era o que Abdon Brito ouvia direto antes de tomar um tapinha &#8216;corretivo&#8217;.<\/p>\n<p>&nbsp;<\/p>\n<p><img loading=\"lazy\" decoding=\"async\" class=\"aligncenter size-full wp-image-7291\" src=\"http:\/\/www.correio24horas.com.br\/blogs\/mesalte\/wp-content\/uploads\/2016\/10\/Abdon-Brito.jpg\" alt=\"Abdon Brito\" width=\"463\" height=\"461\" srcset=\"https:\/\/blogs.correio24h.com.br\/mesalte\/wp-content\/uploads\/2016\/10\/Abdon-Brito.jpg 463w, https:\/\/blogs.correio24h.com.br\/mesalte\/wp-content\/uploads\/2016\/10\/Abdon-Brito-150x150.jpg 150w, https:\/\/blogs.correio24h.com.br\/mesalte\/wp-content\/uploads\/2016\/10\/Abdon-Brito-300x300.jpg 300w, https:\/\/blogs.correio24h.com.br\/mesalte\/wp-content\/uploads\/2016\/10\/Abdon-Brito-147x146.jpg 147w, https:\/\/blogs.correio24h.com.br\/mesalte\/wp-content\/uploads\/2016\/10\/Abdon-Brito-50x50.jpg 50w, https:\/\/blogs.correio24h.com.br\/mesalte\/wp-content\/uploads\/2016\/10\/Abdon-Brito-80x80.jpg 80w, https:\/\/blogs.correio24h.com.br\/mesalte\/wp-content\/uploads\/2016\/10\/Abdon-Brito-75x75.jpg 75w, https:\/\/blogs.correio24h.com.br\/mesalte\/wp-content\/uploads\/2016\/10\/Abdon-Brito-85x85.jpg 85w\" sizes=\"auto, (max-width: 463px) 100vw, 463px\" \/><\/p>\n<p>OBS: Se voc\u00ea ainda n\u00e3o entendeu o prop\u00f3sito dessa mat\u00e9ria volte a olhar essa \u00faltima foto. Olha s\u00f3 a alegria do Abdon&#8230;certamente depois do click &#8211; e do tapinha &#8211; o semblante desse seria outro. Fica a reflex\u00e3o: vale a pena impedir que as crian\u00e7as sejam livres e fa\u00e7am o que elas querem? \u00c2\u00a0Educar \u00e9 impedir as express\u00f5es de g\u00eanero?\u00c2\u00a0A maldade est\u00e1 na cabe\u00e7a dos adultos. Ou seja, melhorem!<\/p>\n","protected":false},"excerpt":{"rendered":"<p>Menina n\u00e3o brinca de bola. Menino n\u00e3o pode tocar em boneca (&#8230;) As exig\u00eancias de ter as crian\u00e7as dentro dos padr\u00f5es s\u00e3o muitas e resultam em [&hellip;]<\/p>\n","protected":false},"author":1,"featured_media":7339,"comment_status":"open","ping_status":"open","sticky":false,"template":"","format":"image","meta":{"footnotes":""},"categories":[80],"tags":[],"class_list":["post-7290","post","type-post","status-publish","format-image","has-post-thumbnail","hentry","category-home","post_format-post-format-image"],"_links":{"self":[{"href":"https:\/\/blogs.correio24horas.com.br\/mesalte\/wp-json\/wp\/v2\/posts\/7290","targetHints":{"allow":["GET"]}}],"collection":[{"href":"https:\/\/blogs.correio24horas.com.br\/mesalte\/wp-json\/wp\/v2\/posts"}],"about":[{"href":"https:\/\/blogs.correio24horas.com.br\/mesalte\/wp-json\/wp\/v2\/types\/post"}],"author":[{"embeddable":true,"href":"https:\/\/blogs.correio24horas.com.br\/mesalte\/wp-json\/wp\/v2\/users\/1"}],"replies":[{"embeddable":true,"href":"https:\/\/blogs.correio24horas.com.br\/mesalte\/wp-json\/wp\/v2\/comments?post=7290"}],"version-history":[{"count":7,"href":"https:\/\/blogs.correio24horas.com.br\/mesalte\/wp-json\/wp\/v2\/posts\/7290\/revisions"}],"predecessor-version":[{"id":7583,"href":"https:\/\/blogs.correio24horas.com.br\/mesalte\/wp-json\/wp\/v2\/posts\/7290\/revisions\/7583"}],"wp:featuredmedia":[{"embeddable":true,"href":"https:\/\/blogs.correio24horas.com.br\/mesalte\/wp-json\/wp\/v2\/media\/7339"}],"wp:attachment":[{"href":"https:\/\/blogs.correio24horas.com.br\/mesalte\/wp-json\/wp\/v2\/media?parent=7290"}],"wp:term":[{"taxonomy":"category","embeddable":true,"href":"https:\/\/blogs.correio24horas.com.br\/mesalte\/wp-json\/wp\/v2\/categories?post=7290"},{"taxonomy":"post_tag","embeddable":true,"href":"https:\/\/blogs.correio24horas.com.br\/mesalte\/wp-json\/wp\/v2\/tags?post=7290"}],"curies":[{"name":"wp","href":"https:\/\/api.w.org\/{rel}","templated":true}]}}