{"id":7281,"date":"2016-10-12T00:15:59","date_gmt":"2016-10-12T03:15:59","guid":{"rendered":"http:\/\/www.correio24horas.com.br\/blogs\/mesalte\/?p=7281"},"modified":"2016-10-11T16:51:26","modified_gmt":"2016-10-11T19:51:26","slug":"justica-reconhece-dupla-maternidade-no-registro-de-crianca-com-duas-maes-em-itabuna","status":"publish","type":"post","link":"https:\/\/blogs.correio24horas.com.br\/mesalte\/justica-reconhece-dupla-maternidade-no-registro-de-crianca-com-duas-maes-em-itabuna\/","title":{"rendered":"Justi\u00e7a reconhece dupla maternidade no registro de crian\u00e7a com duas m\u00e3es em Itabuna"},"content":{"rendered":"<p>Juntas h\u00e1 seis anos, a m\u00e9dica veterin\u00e1ria Lorena Machado Santana, 44, e a designer de festas e estudante Mayana Esther Morbeck Mota Coelho, 29, vivem nesta quarta-feira (12), Dia das Crian\u00e7as, um momento especial com o primeiro filho delas, Marcelo. A ju\u00edza Marina Kummer, da 1\u00aa Vara de Fam\u00edlia de Itabuna, na Bahia, autorizou a inclus\u00e3o dos nomes das duas m\u00e3es no registro de nascimento da crian\u00e7a.\u00c2\u00a0A comemora\u00e7\u00e3o de hoje \u00e9 antecedida de muitos percal\u00e7os que elas passaram para registrar a crian\u00e7a. Em entrevista ao Me Salte, elas revelam que ter o nome das duas no registro de Marcelo representa respeito, reafirma\u00e7\u00e3o da nossa uni\u00e3o e garantia de direitos para o Marcelo\u009d.<\/p>\n<p>Elas s\u00e3o o primeiro casal homoafetivo da cidade a ter a dupla maternidade reconhecida.\u00c2\u00a0Mayana conta que o mais dif\u00edcil foi a diferen\u00e7a de tratamento por serem duas mulheres. O mais dif\u00edcil foi quando n\u00e3o conseguimos realizar o registro de Marcelo como qualquer outro casal heterossexual, mesmo que j\u00e1 exista o provimento do Conselho Nacional de Justi\u00e7a n\u00ba 52 que nos respalda, bem como tantos outros casos no Brasil sobre a realiza\u00e7\u00e3o de registros de filhos de casais do mesmo sexo que s\u00e3o jurisprud\u00eancia para o nosso caso\u009d, indica.<\/p>\n<p>Lorena completa: Nos documentos indispens\u00e1veis ao registro estava sendo solicitado o nome do doador e este \u00e9 an\u00f4nimo, conforme a resolu\u00e7\u00e3o do Conselho Federal de Medicina n\u00e3o pode ser conhecido&#8230; E a\u00ed come\u00e7ou a &#8220;novela&#8221; (&#8230;) Ter o nosso nome, significa uma conquista a direitos que nos pertencem, pois constru\u00edmos uma fam\u00edlia como outra e por isso temos que ter a prote\u00e7\u00e3o legal do estado a nosso favor\u009d.<\/p>\n<p><strong>Amor de m\u00e3es<\/strong><br \/>\nA designer de festas conta que sempre teve vontade de ter filhos. Mas, o processo para elas chegarem ao Marcelo demorou quatro anos. Lorena fez uma insemina\u00e7\u00e3o e tr\u00eas fertiliza\u00e7\u00f5es in vitro sem sucesso. Em 2015, Mayana fez uma fertiliza\u00e7\u00e3o que n\u00e3o teve sucesso e na segunda veio Marcelo.<br \/>\nJ\u00e1 entrei na rela\u00e7\u00e3o deixando isso claro. A L\u00f3 tamb\u00e9m queria. Ent\u00e3o, depois de um ano juntas, come\u00e7amos a pesquisar sobre o assunto, encontramos uma cl\u00ednica em Salvador e come\u00e7amos o tratamento primeiramente em L\u00f3. Como somos do interior, a quest\u00e3o de ir para Salvador e realizar acompanhamento da evolu\u00e7\u00e3o folicular foi muito desgastante nos deixando assim, ansiosas. Tamb\u00e9m, ocorre uma mudan\u00e7a hormonal muito grande, onde \u00e9 necess\u00e1rio muito apoio e compreens\u00e3o da companheira\u009d, explica Mayana.<\/p>\n\n\t\t\t<style type='text\/css'>\n\t\t\t\t#gallery-1 {\n\t\t\t\t\tmargin: auto;\n\t\t\t\t}\n\t\t\t\t#gallery-1 .gallery-item {\n\t\t\t\t\tfloat: left;\n\t\t\t\t\tmargin-top: 10px;\n\t\t\t\t\ttext-align: center;\n\t\t\t\t\twidth: 33.33%;\n\t\t\t\t}\n\t\t\t\t#gallery-1 img {\n\t\t\t\t\tborder: 2px solid #cfcfcf;\n\t\t\t\t}\n\t\t\t\t#gallery-1 .gallery-caption {\n\t\t\t\t\tmargin-left: 0;\n\t\t\t\t}\n\t\t\t\t\/* see gallery_shortcode() in wp-includes\/media.php *\/\n\t\t\t<\/style>\n\t\t<div id='gallery-1' class='gallery galleryid-7281 gallery-columns-3 gallery-size-medium file'><dl class='gallery-item'>\n\t\t\t\t<dt class='gallery-icon landscape'>\n\t\t\t\t\t<a href='https:\/\/blogs.correio24h.com.br\/mesalte\/wp-content\/uploads\/2016\/10\/Maes-de-Itabuna-1.jpg'><img loading=\"lazy\" decoding=\"async\" width=\"300\" height=\"214\" src=\"https:\/\/blogs.correio24h.com.br\/mesalte\/wp-content\/uploads\/2016\/10\/Maes-de-Itabuna-1-300x214.jpg\" class=\"attachment-medium size-medium\" alt=\"\" srcset=\"https:\/\/blogs.correio24h.com.br\/mesalte\/wp-content\/uploads\/2016\/10\/Maes-de-Itabuna-1-300x214.jpg 300w, https:\/\/blogs.correio24h.com.br\/mesalte\/wp-content\/uploads\/2016\/10\/Maes-de-Itabuna-1-205x146.jpg 205w, https:\/\/blogs.correio24h.com.br\/mesalte\/wp-content\/uploads\/2016\/10\/Maes-de-Itabuna-1-50x36.jpg 50w, https:\/\/blogs.correio24h.com.br\/mesalte\/wp-content\/uploads\/2016\/10\/Maes-de-Itabuna-1.jpg 480w, https:\/\/blogs.correio24h.com.br\/mesalte\/wp-content\/uploads\/2016\/10\/Maes-de-Itabuna-1-105x75.jpg 105w\" sizes=\"auto, (max-width: 300px) 100vw, 300px\" \/><\/a>\n\t\t\t\t<\/dt><\/dl><dl class='gallery-item'>\n\t\t\t\t<dt class='gallery-icon landscape'>\n\t\t\t\t\t<a href='https:\/\/blogs.correio24h.com.br\/mesalte\/wp-content\/uploads\/2016\/10\/Maes-de-Itabuna_Familia.jpg'><img loading=\"lazy\" decoding=\"async\" width=\"300\" height=\"199\" src=\"https:\/\/blogs.correio24h.com.br\/mesalte\/wp-content\/uploads\/2016\/10\/Maes-de-Itabuna_Familia-300x199.jpg\" class=\"attachment-medium size-medium\" alt=\"\" srcset=\"https:\/\/blogs.correio24h.com.br\/mesalte\/wp-content\/uploads\/2016\/10\/Maes-de-Itabuna_Familia-300x199.jpg 300w, https:\/\/blogs.correio24h.com.br\/mesalte\/wp-content\/uploads\/2016\/10\/Maes-de-Itabuna_Familia-768x509.jpg 768w, https:\/\/blogs.correio24h.com.br\/mesalte\/wp-content\/uploads\/2016\/10\/Maes-de-Itabuna_Familia-1024x678.jpg 1024w, https:\/\/blogs.correio24h.com.br\/mesalte\/wp-content\/uploads\/2016\/10\/Maes-de-Itabuna_Familia-220x146.jpg 220w, https:\/\/blogs.correio24h.com.br\/mesalte\/wp-content\/uploads\/2016\/10\/Maes-de-Itabuna_Familia-50x33.jpg 50w, https:\/\/blogs.correio24h.com.br\/mesalte\/wp-content\/uploads\/2016\/10\/Maes-de-Itabuna_Familia-113x75.jpg 113w, https:\/\/blogs.correio24h.com.br\/mesalte\/wp-content\/uploads\/2016\/10\/Maes-de-Itabuna_Familia.jpg 1280w\" sizes=\"auto, (max-width: 300px) 100vw, 300px\" \/><\/a>\n\t\t\t\t<\/dt><\/dl><dl class='gallery-item'>\n\t\t\t\t<dt class='gallery-icon landscape'>\n\t\t\t\t\t<a href='https:\/\/blogs.correio24h.com.br\/mesalte\/wp-content\/uploads\/2016\/10\/Maes-de-Itabuna2.jpg'><img loading=\"lazy\" decoding=\"async\" width=\"300\" height=\"200\" src=\"https:\/\/blogs.correio24h.com.br\/mesalte\/wp-content\/uploads\/2016\/10\/Maes-de-Itabuna2-300x200.jpg\" class=\"attachment-medium size-medium\" alt=\"\" srcset=\"https:\/\/blogs.correio24h.com.br\/mesalte\/wp-content\/uploads\/2016\/10\/Maes-de-Itabuna2-300x200.jpg 300w, https:\/\/blogs.correio24h.com.br\/mesalte\/wp-content\/uploads\/2016\/10\/Maes-de-Itabuna2-768x512.jpg 768w, https:\/\/blogs.correio24h.com.br\/mesalte\/wp-content\/uploads\/2016\/10\/Maes-de-Itabuna2-1024x682.jpg 1024w, https:\/\/blogs.correio24h.com.br\/mesalte\/wp-content\/uploads\/2016\/10\/Maes-de-Itabuna2-219x146.jpg 219w, https:\/\/blogs.correio24h.com.br\/mesalte\/wp-content\/uploads\/2016\/10\/Maes-de-Itabuna2-50x33.jpg 50w, https:\/\/blogs.correio24h.com.br\/mesalte\/wp-content\/uploads\/2016\/10\/Maes-de-Itabuna2-113x75.jpg 113w, https:\/\/blogs.correio24h.com.br\/mesalte\/wp-content\/uploads\/2016\/10\/Maes-de-Itabuna2.jpg 1100w\" sizes=\"auto, (max-width: 300px) 100vw, 300px\" \/><\/a>\n\t\t\t\t<\/dt><\/dl><br style=\"clear: both\" \/><dl class='gallery-item'>\n\t\t\t\t<dt class='gallery-icon landscape'>\n\t\t\t\t\t<a href='https:\/\/blogs.correio24h.com.br\/mesalte\/wp-content\/uploads\/2016\/10\/Foto-Aline-Bezerra.jpg'><img loading=\"lazy\" decoding=\"async\" width=\"300\" height=\"216\" src=\"https:\/\/blogs.correio24h.com.br\/mesalte\/wp-content\/uploads\/2016\/10\/Foto-Aline-Bezerra-300x216.jpg\" class=\"attachment-medium size-medium\" alt=\"\" srcset=\"https:\/\/blogs.correio24h.com.br\/mesalte\/wp-content\/uploads\/2016\/10\/Foto-Aline-Bezerra-300x216.jpg 300w, https:\/\/blogs.correio24h.com.br\/mesalte\/wp-content\/uploads\/2016\/10\/Foto-Aline-Bezerra-203x146.jpg 203w, https:\/\/blogs.correio24h.com.br\/mesalte\/wp-content\/uploads\/2016\/10\/Foto-Aline-Bezerra-50x36.jpg 50w, https:\/\/blogs.correio24h.com.br\/mesalte\/wp-content\/uploads\/2016\/10\/Foto-Aline-Bezerra-104x75.jpg 104w, https:\/\/blogs.correio24h.com.br\/mesalte\/wp-content\/uploads\/2016\/10\/Foto-Aline-Bezerra.jpg 526w\" sizes=\"auto, (max-width: 300px) 100vw, 300px\" \/><\/a>\n\t\t\t\t<\/dt><\/dl><dl class='gallery-item'>\n\t\t\t\t<dt class='gallery-icon landscape'>\n\t\t\t\t\t<a href='https:\/\/blogs.correio24h.com.br\/mesalte\/wp-content\/uploads\/2016\/10\/Foto_-Aline-Bezerra.jpg'><img loading=\"lazy\" decoding=\"async\" width=\"300\" height=\"225\" src=\"https:\/\/blogs.correio24h.com.br\/mesalte\/wp-content\/uploads\/2016\/10\/Foto_-Aline-Bezerra-300x225.jpg\" class=\"attachment-medium size-medium\" alt=\"\" srcset=\"https:\/\/blogs.correio24h.com.br\/mesalte\/wp-content\/uploads\/2016\/10\/Foto_-Aline-Bezerra-300x225.jpg 300w, https:\/\/blogs.correio24h.com.br\/mesalte\/wp-content\/uploads\/2016\/10\/Foto_-Aline-Bezerra-195x146.jpg 195w, https:\/\/blogs.correio24h.com.br\/mesalte\/wp-content\/uploads\/2016\/10\/Foto_-Aline-Bezerra-50x37.jpg 50w, https:\/\/blogs.correio24h.com.br\/mesalte\/wp-content\/uploads\/2016\/10\/Foto_-Aline-Bezerra-100x75.jpg 100w, https:\/\/blogs.correio24h.com.br\/mesalte\/wp-content\/uploads\/2016\/10\/Foto_-Aline-Bezerra.jpg 498w\" sizes=\"auto, (max-width: 300px) 100vw, 300px\" \/><\/a>\n\t\t\t\t<\/dt><\/dl><dl class='gallery-item'>\n\t\t\t\t<dt class='gallery-icon landscape'>\n\t\t\t\t\t<a href='https:\/\/blogs.correio24h.com.br\/mesalte\/wp-content\/uploads\/2016\/10\/Foto_-Aline-Bezerra_capa.jpg'><img loading=\"lazy\" decoding=\"async\" width=\"300\" height=\"247\" src=\"https:\/\/blogs.correio24h.com.br\/mesalte\/wp-content\/uploads\/2016\/10\/Foto_-Aline-Bezerra_capa-300x247.jpg\" class=\"attachment-medium size-medium\" alt=\"\" srcset=\"https:\/\/blogs.correio24h.com.br\/mesalte\/wp-content\/uploads\/2016\/10\/Foto_-Aline-Bezerra_capa-300x247.jpg 300w, https:\/\/blogs.correio24h.com.br\/mesalte\/wp-content\/uploads\/2016\/10\/Foto_-Aline-Bezerra_capa-178x146.jpg 178w, https:\/\/blogs.correio24h.com.br\/mesalte\/wp-content\/uploads\/2016\/10\/Foto_-Aline-Bezerra_capa-50x41.jpg 50w, https:\/\/blogs.correio24h.com.br\/mesalte\/wp-content\/uploads\/2016\/10\/Foto_-Aline-Bezerra_capa-91x75.jpg 91w, https:\/\/blogs.correio24h.com.br\/mesalte\/wp-content\/uploads\/2016\/10\/Foto_-Aline-Bezerra_capa.jpg 461w\" sizes=\"auto, (max-width: 300px) 100vw, 300px\" \/><\/a>\n\t\t\t\t<\/dt><\/dl><br style=\"clear: both\" \/>\n\t\t\t<\/div>\n\n<p><strong>Preconceito<\/strong><br \/>\nQuando o assunto \u00e9 preconceito, elas afirmam que ainda n\u00e3o pensaram nisso e d\u00e3o uma resposta enche de esperan\u00e7a no amor por dias melhores. Por acreditarmos que nossa fam\u00edlia \u00e9 regida pelo amor, levamos isso como base fundamental para o Marcelo. Mas sabemos que a conversa \u00e9 a base para a forma\u00e7\u00e3o do eu de uma crian\u00e7a, e assim, sempre explicaremos que ele tem a mam\u00e3e May e a mam\u00e3e L\u00f3 e ele entender\u00e1 que isso n\u00e3o \u00e9 uma defeito, anormalidade\u009d e com certeza vai falar sobre isso com todos sem medo algum, de forma normal, porque a forma\u00e7\u00e3o familiar dele \u00e9 igual a qualquer outra. E \u00e9 essa conex\u00e3o (m\u00e3es e filho) que far\u00e1 toda a diferen\u00e7a para ele, bem como dele com a sociedade\u009d, completa May.<\/p>\n<blockquote><p>O preconceito est\u00e1 na mente de algumas pessoas e n\u00e3o na nossa, assim como os negros, as mulheres, os deficientes, os &#8220;diferentes&#8221; sofrem&#8230;. Lorena, uma das m\u00e3es de Marcelo<\/p><\/blockquote>\n<p>&#8220;Apesar de sermos o primeiro casal em Itabuna que conseguiu o reconhecimento da dupla maternidade, conhecemos muitos outros que vivem assim, mas essa conquista aqui no interior, acreditamos que \u00e9 uma motiva\u00e7ao para os demais casais que j\u00e1 tem uma fam\u00edlia formada pelo casal e filhos, mas ainda nao tiveram a coragem de encarar a Justi\u00e7a ou, aquelas que ainda vao gerar ou adotar uma crian\u00e7a pedirem o registro dos seus filhos tamb\u00e9m&#8221;, ressalta May.<\/p>\n<p>&nbsp;<\/p>\n","protected":false},"excerpt":{"rendered":"<p>Juntas h\u00e1 seis anos, a m\u00e9dica veterin\u00e1ria Lorena Machado Santana, 44, e a designer de festas e estudante Mayana Esther Morbeck Mota Coelho, 29, vivem nesta [&hellip;]<\/p>\n","protected":false},"author":1,"featured_media":7287,"comment_status":"open","ping_status":"open","sticky":false,"template":"","format":"image","meta":{"footnotes":""},"categories":[80,9],"tags":[],"class_list":["post-7281","post","type-post","status-publish","format-image","has-post-thumbnail","hentry","category-home","category-me-orgulho","post_format-post-format-image"],"_links":{"self":[{"href":"https:\/\/blogs.correio24horas.com.br\/mesalte\/wp-json\/wp\/v2\/posts\/7281","targetHints":{"allow":["GET"]}}],"collection":[{"href":"https:\/\/blogs.correio24horas.com.br\/mesalte\/wp-json\/wp\/v2\/posts"}],"about":[{"href":"https:\/\/blogs.correio24horas.com.br\/mesalte\/wp-json\/wp\/v2\/types\/post"}],"author":[{"embeddable":true,"href":"https:\/\/blogs.correio24horas.com.br\/mesalte\/wp-json\/wp\/v2\/users\/1"}],"replies":[{"embeddable":true,"href":"https:\/\/blogs.correio24horas.com.br\/mesalte\/wp-json\/wp\/v2\/comments?post=7281"}],"version-history":[{"count":2,"href":"https:\/\/blogs.correio24horas.com.br\/mesalte\/wp-json\/wp\/v2\/posts\/7281\/revisions"}],"predecessor-version":[{"id":7289,"href":"https:\/\/blogs.correio24horas.com.br\/mesalte\/wp-json\/wp\/v2\/posts\/7281\/revisions\/7289"}],"wp:featuredmedia":[{"embeddable":true,"href":"https:\/\/blogs.correio24horas.com.br\/mesalte\/wp-json\/wp\/v2\/media\/7287"}],"wp:attachment":[{"href":"https:\/\/blogs.correio24horas.com.br\/mesalte\/wp-json\/wp\/v2\/media?parent=7281"}],"wp:term":[{"taxonomy":"category","embeddable":true,"href":"https:\/\/blogs.correio24horas.com.br\/mesalte\/wp-json\/wp\/v2\/categories?post=7281"},{"taxonomy":"post_tag","embeddable":true,"href":"https:\/\/blogs.correio24horas.com.br\/mesalte\/wp-json\/wp\/v2\/tags?post=7281"}],"curies":[{"name":"wp","href":"https:\/\/api.w.org\/{rel}","templated":true}]}}