{"id":7219,"date":"2016-10-10T09:49:25","date_gmt":"2016-10-10T12:49:25","guid":{"rendered":"http:\/\/www.correio24horas.com.br\/blogs\/mesalte\/?p=7219"},"modified":"2016-10-10T10:09:51","modified_gmt":"2016-10-10T13:09:51","slug":"homem-trans-theo-meireles-conta-como-se-sente-apos-um-ano-que-assumiu-sua-nova-identidade-de-genero","status":"publish","type":"post","link":"https:\/\/blogs.correio24horas.com.br\/mesalte\/homem-trans-theo-meireles-conta-como-se-sente-apos-um-ano-que-assumiu-sua-nova-identidade-de-genero\/","title":{"rendered":"Homem trans Th\u00e9o Meireles conta como se sente ap\u00f3s um ano que assumiu sua nova identidade de g\u00eanero"},"content":{"rendered":"<p><em>Por Th\u00e9o Meireles*<\/em><\/p>\n<p>H\u00e1 um ano atr\u00e1s eu tomei coragem de assumir a minha felicidade. Para al\u00e9m das formas do meu corpo, eu aceitei o desafio de deixar de me esconder e dar a cara para bater. Acabei batendo na cara de muito preconceito, acabei me tornando um ser humano melhor, mais altru\u00edsta, mais complacente, mais disposto, mais focado, um amigo melhor, um profissional mais comprometido, um filho, um noivo, um sobrinho, um primo, um neto e um pai mais amoroso.<\/p>\n<p>Eu assumi h\u00e1 um ano mais do que uma nova identidade de g\u00eanero, assumi um posicionamento pol\u00edtico, o compromisso de garantir o meu espa\u00e7o nesse pa\u00eds escroto de pol\u00edtica suja e direitos anulados \u00e0 \u00a0quela condi\u00e7\u00e3o na qual me enquadro. Eu fui fundo, pesquisei, me informei e constru\u00ed um discurso. Eu levei \u00e0 \u00a0s pessoas as minhas experi\u00eancias, me envolvi onde pude para que cada vez mais gente soubesse respeitar o que j\u00e1 n\u00e3o \u00e9 mais uma novidade e aqui estou, munido de amor, de muito amor.\u00c2\u00a0A minha realidade \u00e9 diferente da realidade de muitxs companheirx.<\/p>\n<p>Eu fui aceito nos meus espa\u00e7os de conviv\u00eancia, eu fui respeitado nas institui\u00e7\u00f5es que frequento e fui acolhido pela minha fam\u00edlia, por\u00e9m, para mim de nada vale tudo isso enquanto eu estiver vendo meus irm\u00e3os e irm\u00e3s de luta sofrendo preconceito, apanhando, morrendo. Sou um privilegiado, mas se eu pudesse escolher eu dividiria esse privil\u00e9gio para que a nossa dor fosse igual assim como \u00e9 a nossa luta.<\/p>\n<div id=\"attachment_7220\" style=\"width: 1034px\" class=\"wp-caption aligncenter\"><img loading=\"lazy\" decoding=\"async\" aria-describedby=\"caption-attachment-7220\" class=\"wp-image-7220 size-large\" src=\"http:\/\/www.correio24horas.com.br\/blogs\/mesalte\/wp-content\/uploads\/2016\/10\/Theo-1024x487.jpg\" alt=\"Fotos divulgadas por Th\u00e9o sem sua rede social\" width=\"1024\" height=\"487\" srcset=\"https:\/\/blogs.correio24h.com.br\/mesalte\/wp-content\/uploads\/2016\/10\/Theo-1024x487.jpg 1024w, https:\/\/blogs.correio24h.com.br\/mesalte\/wp-content\/uploads\/2016\/10\/Theo-300x143.jpg 300w, https:\/\/blogs.correio24h.com.br\/mesalte\/wp-content\/uploads\/2016\/10\/Theo-768x366.jpg 768w, https:\/\/blogs.correio24h.com.br\/mesalte\/wp-content\/uploads\/2016\/10\/Theo-260x124.jpg 260w, https:\/\/blogs.correio24h.com.br\/mesalte\/wp-content\/uploads\/2016\/10\/Theo-50x24.jpg 50w, https:\/\/blogs.correio24h.com.br\/mesalte\/wp-content\/uploads\/2016\/10\/Theo-150x71.jpg 150w, https:\/\/blogs.correio24h.com.br\/mesalte\/wp-content\/uploads\/2016\/10\/Theo.jpg 1080w\" sizes=\"auto, (max-width: 1024px) 100vw, 1024px\" \/><p id=\"caption-attachment-7220\" class=\"wp-caption-text\">Fotos divulgadas por Th\u00e9o sem sua rede social junto com texto onde fala da sua nova vida<\/p><\/div>\n<p>H\u00e1 um ano eu sou voz, logo eu que n\u00e3o era nem plateia por vergonha de pisar fora de casa vestindo uma forma que n\u00e3o era a minha. \u00c9, eu cheguei l\u00e1. Garanti meu lugar de fala e fa\u00e7o dele a minha arma contra a falta da assist\u00eancia que por direito demandamos do estado e conseguimos a duras penas, profiro um discurso de coragem, mas ainda de clamor por respeito e igualdade.<\/p>\n<p>Eu n\u00e3o preciso de um CID. Tenho plena no\u00e7\u00e3o da minha capacidade f\u00edsica, laboral e mental. Eu n\u00e3o preciso da pena de ningu\u00e9m, o que eu tenho entre as pernas n\u00e3o define a minha masculinidade, eu n\u00e3o preciso de favores, eu quero ter \u201c sem nenhuma distin\u00e7\u00e3o &#8211; os direitos que s\u00e3o garantidos a mim constitucionalmente enquanto cidad\u00e3o.<br \/>\nObrigado m\u00e3e, por ter se reinventado por mim e ser esse po\u00e7o de amor que me inspira todos os dias. Obrigado, meu amor, pelo companheirismo de sempre, nunca me deixando sozinho nesse novo caminho. Obrigado, meu filho, por ser minha fonte de for\u00e7a. Obrigado meu pai, por mesmo de longe se fazer presente em vibra\u00e7\u00e3o e torcida pelo meu melhor. Obrigado a minha fam\u00edlia, pelo acolhimento quando tudo ainda era uma novidade.<\/p>\n<p>Obrigado aos amigos da Central de R\u00e1dios Rede Bahia que me encararam e acompanharam de forma sens\u00edvel e humana as mudan\u00e7as pelas quais passei, obrigado tamb\u00e9m por me incentivarem a entrar no ar com dois meses de testosterona, em pleno per\u00edodo de transi\u00e7\u00e3o da voz, assinando o meu nome. Obrigado aos meus amigos que entenderam a transi\u00e7\u00e3o como uma liberta\u00e7\u00e3o e me apoiaram de forma linda. Obrigaram aos amigos que conquistei durante essa ainda curta caminhada, obrigado pelas oportunidades de me envolver em projetos, pela confian\u00e7a de comandar debates e pelo tsunami de amor e carinho que recebo diariamente. Obrigado ao M\u00e3es Pela Diversidade, pelos tantos acolhimentos, por mostrar o verdadeiro significado de coletivo e conduzir em amor todas as propostas por igualdade.<br \/>\nTh\u00e9o fez um ano ontem. Eu fiz um ano ontem.<\/p>\n<p><em>*O texto foi publicado por Th\u00e9o na sua rede social e publicado na \u00edntegra aqui no Me Salte mediante sua autoriza\u00e7\u00e3o pr\u00e9via.\u00c2\u00a0<\/em><\/p>\n","protected":false},"excerpt":{"rendered":"<p>Por Th\u00e9o Meireles* H\u00e1 um ano atr\u00e1s eu tomei coragem de assumir a minha felicidade. Para al\u00e9m das formas do meu corpo, eu aceitei o desafio [&hellip;]<\/p>\n","protected":false},"author":2,"featured_media":7221,"comment_status":"open","ping_status":"open","sticky":false,"template":"","format":"image","meta":{"footnotes":""},"categories":[80,9],"tags":[],"class_list":["post-7219","post","type-post","status-publish","format-image","has-post-thumbnail","hentry","category-home","category-me-orgulho","post_format-post-format-image"],"_links":{"self":[{"href":"https:\/\/blogs.correio24horas.com.br\/mesalte\/wp-json\/wp\/v2\/posts\/7219","targetHints":{"allow":["GET"]}}],"collection":[{"href":"https:\/\/blogs.correio24horas.com.br\/mesalte\/wp-json\/wp\/v2\/posts"}],"about":[{"href":"https:\/\/blogs.correio24horas.com.br\/mesalte\/wp-json\/wp\/v2\/types\/post"}],"author":[{"embeddable":true,"href":"https:\/\/blogs.correio24horas.com.br\/mesalte\/wp-json\/wp\/v2\/users\/2"}],"replies":[{"embeddable":true,"href":"https:\/\/blogs.correio24horas.com.br\/mesalte\/wp-json\/wp\/v2\/comments?post=7219"}],"version-history":[{"count":7,"href":"https:\/\/blogs.correio24horas.com.br\/mesalte\/wp-json\/wp\/v2\/posts\/7219\/revisions"}],"predecessor-version":[{"id":7228,"href":"https:\/\/blogs.correio24horas.com.br\/mesalte\/wp-json\/wp\/v2\/posts\/7219\/revisions\/7228"}],"wp:featuredmedia":[{"embeddable":true,"href":"https:\/\/blogs.correio24horas.com.br\/mesalte\/wp-json\/wp\/v2\/media\/7221"}],"wp:attachment":[{"href":"https:\/\/blogs.correio24horas.com.br\/mesalte\/wp-json\/wp\/v2\/media?parent=7219"}],"wp:term":[{"taxonomy":"category","embeddable":true,"href":"https:\/\/blogs.correio24horas.com.br\/mesalte\/wp-json\/wp\/v2\/categories?post=7219"},{"taxonomy":"post_tag","embeddable":true,"href":"https:\/\/blogs.correio24horas.com.br\/mesalte\/wp-json\/wp\/v2\/tags?post=7219"}],"curies":[{"name":"wp","href":"https:\/\/api.w.org\/{rel}","templated":true}]}}