{"id":7199,"date":"2016-10-09T14:08:30","date_gmt":"2016-10-09T17:08:30","guid":{"rendered":"http:\/\/www.correio24horas.com.br\/blogs\/mesalte\/?p=7199"},"modified":"2016-10-09T14:08:30","modified_gmt":"2016-10-09T17:08:30","slug":"essa-coroa-pode-trazer-a-mensagem-a-nos-trans-de-que-somos-fortes-diz-brasileira-que-venceu-o-concurso-miss-trans-star-internacional","status":"publish","type":"post","link":"https:\/\/blogs.correio24horas.com.br\/mesalte\/essa-coroa-pode-trazer-a-mensagem-a-nos-trans-de-que-somos-fortes-diz-brasileira-que-venceu-o-concurso-miss-trans-star-internacional\/","title":{"rendered":"&#8220;Essa coroa pode trazer a mensagem a n\u00f3s trans de que somos fortes&#8221;, diz brasileira que venceu o concurso Miss Trans Star Internacional"},"content":{"rendered":"<p>A beleza de Rafaela Manfrini de Oliveira, de 30 anos, conquistou o mundo. A brasileira, que \u00e9 maquiadora e mora em S\u00e3o Paulo, venceu h\u00e1 duas semanas o concurso Miss Trans Star International 2016, que aconteceu em Barcelona na Espanha. Com o t\u00edtulo, ela agora \u00e9 considerada a mulher trans mais bela de todo mundo. Ela derrotou outras 24 candidatas que disputavam \u00c2\u00a0o principal evento do g\u00eanero na Europa.<\/p>\n<p>Em entrevista ao Me Salte, Rafaela revelou que a coroa pode ajudar outras pessoas trans em todos os lugares do mundo. &#8220;Eu acredito que esse t\u00edtulo \u00c2\u00a0e essa coroa pode ser usada para trazer a mensagem a todas as trans de que somos muito fortes e podemos realizar todos os nossos sonhos&#8230;seja ela qual for. Essa \u00e9 a maior mensagem que quero passar a todas&#8221;, contou Rafaela.<\/p>\n<p>Ela explicou que o concurso Miss Trans Star Internacional foi o terceiro concurso de beleza que participou. Os outros foram, em 2012, o Miss Trans Brasil e, em 2014, o Miss Internacional Queen. &#8220;A\u00c2\u00a0vontade de fazer parte de uma forma de melhor visibilidade me motivaram a ir ao miss.\u00c2\u00a0Eu n\u00e3o me sinto a trans mais bela do mundo! Mas, me sinto muito feliz em represent\u00e1- las. Sendo elas belas ou n\u00e3o (&#8230;)\u00c2\u00a0O grande motivo do concurso \u00e9 trazer visibilidade ao coletivo. Portanto, estou muito feliz em ser porta voz dessa visibilidade&#8221;, destacou a miss.<\/p>\n<p><em><strong>Em seu v\u00eddeo de inscri\u00e7\u00e3o no concurso, um dos crit\u00e9rios da sele\u00e7\u00e3o, ela destacou que o Brasil \u00e9 um dos pa\u00edses mais transf\u00f3bicos do mundo com poucas oportunidades para as pessoas transexuais. <\/strong><\/em><\/p>\n<p><em><strong>Veja:<\/strong><\/em><br \/>\n<iframe loading=\"lazy\" src=\"https:\/\/www.youtube.com\/embed\/I8J9DqUvUOg\" width=\"560\" height=\"315\" frameborder=\"0\" allowfullscreen=\"allowfullscreen\"><\/iframe><\/p>\n","protected":false},"excerpt":{"rendered":"<p>A beleza de Rafaela Manfrini de Oliveira, de 30 anos, conquistou o mundo. A brasileira, que \u00e9 maquiadora e mora em S\u00e3o Paulo, venceu h\u00e1 duas [&hellip;]<\/p>\n","protected":false},"author":1,"featured_media":7200,"comment_status":"open","ping_status":"open","sticky":false,"template":"","format":"image","meta":{"footnotes":""},"categories":[80,9],"tags":[656,655],"class_list":["post-7199","post","type-post","status-publish","format-image","has-post-thumbnail","hentry","category-home","category-me-orgulho","tag-misstrans","tag-rafaelamanfrini","post_format-post-format-image"],"_links":{"self":[{"href":"https:\/\/blogs.correio24horas.com.br\/mesalte\/wp-json\/wp\/v2\/posts\/7199","targetHints":{"allow":["GET"]}}],"collection":[{"href":"https:\/\/blogs.correio24horas.com.br\/mesalte\/wp-json\/wp\/v2\/posts"}],"about":[{"href":"https:\/\/blogs.correio24horas.com.br\/mesalte\/wp-json\/wp\/v2\/types\/post"}],"author":[{"embeddable":true,"href":"https:\/\/blogs.correio24horas.com.br\/mesalte\/wp-json\/wp\/v2\/users\/1"}],"replies":[{"embeddable":true,"href":"https:\/\/blogs.correio24horas.com.br\/mesalte\/wp-json\/wp\/v2\/comments?post=7199"}],"version-history":[{"count":1,"href":"https:\/\/blogs.correio24horas.com.br\/mesalte\/wp-json\/wp\/v2\/posts\/7199\/revisions"}],"predecessor-version":[{"id":7201,"href":"https:\/\/blogs.correio24horas.com.br\/mesalte\/wp-json\/wp\/v2\/posts\/7199\/revisions\/7201"}],"wp:featuredmedia":[{"embeddable":true,"href":"https:\/\/blogs.correio24horas.com.br\/mesalte\/wp-json\/wp\/v2\/media\/7200"}],"wp:attachment":[{"href":"https:\/\/blogs.correio24horas.com.br\/mesalte\/wp-json\/wp\/v2\/media?parent=7199"}],"wp:term":[{"taxonomy":"category","embeddable":true,"href":"https:\/\/blogs.correio24horas.com.br\/mesalte\/wp-json\/wp\/v2\/categories?post=7199"},{"taxonomy":"post_tag","embeddable":true,"href":"https:\/\/blogs.correio24horas.com.br\/mesalte\/wp-json\/wp\/v2\/tags?post=7199"}],"curies":[{"name":"wp","href":"https:\/\/api.w.org\/{rel}","templated":true}]}}