{"id":7164,"date":"2016-10-07T09:50:17","date_gmt":"2016-10-07T12:50:17","guid":{"rendered":"http:\/\/www.correio24horas.com.br\/blogs\/mesalte\/?p=7164"},"modified":"2016-10-07T10:05:01","modified_gmt":"2016-10-07T13:05:01","slug":"vereador-eleito-em-sao-paulo-fernando-holiday-defende-fim-de-secretarias-para-negros-e-lgbts","status":"publish","type":"post","link":"https:\/\/blogs.correio24horas.com.br\/mesalte\/vereador-eleito-em-sao-paulo-fernando-holiday-defende-fim-de-secretarias-para-negros-e-lgbts\/","title":{"rendered":"Vereador eleito em S\u00e3o Paulo, Fernando Holiday, defende\u00c2\u00a0fim de secretarias para negros e LGBTs"},"content":{"rendered":"<p>Um dos l\u00edderes do Movimento Brasil Livre (MBL), vereador eleito em S\u00e3o Paulo, Fernando Holiday, divulgou v\u00eddeo pelas redes sociais se mostrando a favor do posicionamento do prefeito eleito da capital paulista, Jo\u00e3o D\u00f3ria, de extinguir secretarias da prefeitura de S\u00e3o Paulo voltadas para a promo\u00e7\u00e3o da igualdade racial e tamb\u00e9m a que atende a popula\u00e7\u00e3o LGBT. D\u00f3ria deu essa opini\u00e3o, em entrevista ao jornal Folha S. Paulo, quando ainda era candidato.<\/p>\n<div id=\"attachment_7165\" style=\"width: 610px\" class=\"wp-caption aligncenter\"><img loading=\"lazy\" decoding=\"async\" aria-describedby=\"caption-attachment-7165\" class=\"wp-image-7165 size-full\" src=\"http:\/\/www.correio24horas.com.br\/blogs\/mesalte\/wp-content\/uploads\/2016\/10\/fernando-holiday.jpg\" alt=\"Foto: Divulga\u00e7\u00e3o\" width=\"600\" height=\"368\" srcset=\"https:\/\/blogs.correio24h.com.br\/mesalte\/wp-content\/uploads\/2016\/10\/fernando-holiday.jpg 600w, https:\/\/blogs.correio24h.com.br\/mesalte\/wp-content\/uploads\/2016\/10\/fernando-holiday-300x184.jpg 300w, https:\/\/blogs.correio24h.com.br\/mesalte\/wp-content\/uploads\/2016\/10\/fernando-holiday-238x146.jpg 238w, https:\/\/blogs.correio24h.com.br\/mesalte\/wp-content\/uploads\/2016\/10\/fernando-holiday-50x31.jpg 50w, https:\/\/blogs.correio24h.com.br\/mesalte\/wp-content\/uploads\/2016\/10\/fernando-holiday-122x75.jpg 122w\" sizes=\"auto, (max-width: 600px) 100vw, 600px\" \/><p id=\"caption-attachment-7165\" class=\"wp-caption-text\">Fernando teve 48 mil votos Foto: Divulga\u00e7\u00e3o<\/p><\/div>\n<p>O argumento de Holiday para concordar com as ideias de D\u00f3ria \u00e9 que as secretarias servem apenas como &#8216;cabides de empregos&#8217;. &#8220;Eu, enquanto negro, n\u00e3o vi nenhuma vantagem nessa\u00c2\u00a0secretaria. Ela nunca ajudou combater o racismo, pelo\u00c2\u00a0contr\u00e1rio (&#8230;) A\u00c2\u00a0prefeitura tem uma \u00e1rea espec\u00edfica para tratar da\u00c2\u00a0comunidade LGBT\u00c2\u00a0e, de novo,\u00c2\u00a0n\u00e3o houve nenhuma vantagem. \u00c9\u00c2\u00a0mais uma secretaria para servir de cabides de emprego e\u00c2\u00a0para sustentar o discurso da separa\u00e7\u00e3o, da segrega\u00e7\u00e3o,\u00c2\u00a0do \u00f3dio e do preconceito&#8221;, afirmou o futuro edil. Em outro trecho ele diz que seu posicionamento n\u00e3o tem o objetivo de tirar direitos de negros e LGBTs. &#8220;N\u00e3o devem ter direitos a menos, mas tamb\u00e9m n\u00e3o devem ter\u00c2\u00a0direitos a mais&#8221;, diz ele\u00c2\u00a0que \u00e9 a primeira pessoa abertamente gay a se eleger na C\u00e2mara de S\u00e3o Paulo.<\/p>\n<p><strong>Veja o v\u00eddeo completo. O que acha da opini\u00e3o do vereador eleito?<\/strong><\/p>\n<p><iframe loading=\"lazy\" src=\"https:\/\/www.facebook.com\/plugins\/video.php?href=https%3A%2F%2Fwww.facebook.com%2Ffernandoholiday.mbl%2Fvideos%2F1782618255309666%2F&#038;show_text=0&#038;width=560\" width=\"560\" height=\"315\" style=\"border:none;overflow:hidden\" scrolling=\"no\" frameborder=\"0\" allowTransparency=\"true\" allowFullScreen=\"true\"><\/iframe><\/p>\n","protected":false},"excerpt":{"rendered":"<p>Um dos l\u00edderes do Movimento Brasil Livre (MBL), vereador eleito em S\u00e3o Paulo, Fernando Holiday, divulgou v\u00eddeo pelas redes sociais se mostrando a favor do posicionamento [&hellip;]<\/p>\n","protected":false},"author":1,"featured_media":0,"comment_status":"open","ping_status":"open","sticky":false,"template":"","format":"standard","meta":{"footnotes":""},"categories":[80,11],"tags":[654,653],"class_list":["post-7164","post","type-post","status-publish","format-standard","hentry","category-home","category-me-informo","tag-fernandoholiday","tag-mbl"],"_links":{"self":[{"href":"https:\/\/blogs.correio24horas.com.br\/mesalte\/wp-json\/wp\/v2\/posts\/7164","targetHints":{"allow":["GET"]}}],"collection":[{"href":"https:\/\/blogs.correio24horas.com.br\/mesalte\/wp-json\/wp\/v2\/posts"}],"about":[{"href":"https:\/\/blogs.correio24horas.com.br\/mesalte\/wp-json\/wp\/v2\/types\/post"}],"author":[{"embeddable":true,"href":"https:\/\/blogs.correio24horas.com.br\/mesalte\/wp-json\/wp\/v2\/users\/1"}],"replies":[{"embeddable":true,"href":"https:\/\/blogs.correio24horas.com.br\/mesalte\/wp-json\/wp\/v2\/comments?post=7164"}],"version-history":[{"count":6,"href":"https:\/\/blogs.correio24horas.com.br\/mesalte\/wp-json\/wp\/v2\/posts\/7164\/revisions"}],"predecessor-version":[{"id":7171,"href":"https:\/\/blogs.correio24horas.com.br\/mesalte\/wp-json\/wp\/v2\/posts\/7164\/revisions\/7171"}],"wp:attachment":[{"href":"https:\/\/blogs.correio24horas.com.br\/mesalte\/wp-json\/wp\/v2\/media?parent=7164"}],"wp:term":[{"taxonomy":"category","embeddable":true,"href":"https:\/\/blogs.correio24horas.com.br\/mesalte\/wp-json\/wp\/v2\/categories?post=7164"},{"taxonomy":"post_tag","embeddable":true,"href":"https:\/\/blogs.correio24horas.com.br\/mesalte\/wp-json\/wp\/v2\/tags?post=7164"}],"curies":[{"name":"wp","href":"https:\/\/api.w.org\/{rel}","templated":true}]}}