{"id":7139,"date":"2016-10-05T22:42:52","date_gmt":"2016-10-06T01:42:52","guid":{"rendered":"http:\/\/www.correio24horas.com.br\/blogs\/mesalte\/?p=7139"},"modified":"2016-10-06T13:16:55","modified_gmt":"2016-10-06T16:16:55","slug":"the-voice-brasil-cantor-cubano-alexey-martinez-se-declara-para-marido-na-estreia-do-programa-e-minha-vida","status":"publish","type":"post","link":"https:\/\/blogs.correio24horas.com.br\/mesalte\/the-voice-brasil-cantor-cubano-alexey-martinez-se-declara-para-marido-na-estreia-do-programa-e-minha-vida\/","title":{"rendered":"The Voice Brasil: cantor cubano Alexey Martinez se declara para marido na estreia do programa: &#8220;Ele \u00e9  minha vida&#8221;"},"content":{"rendered":"<p>O The Voice Brasil come\u00e7ou na noite desta quarta-feira (05) levantando a bandeira da representatividade LGBT. Segundo cantor a se apresentar na estreia da 5\u00aa edi\u00e7\u00e3o do programa, o cantor cubano Alexey Martinez &#8211; que mora em Salvador desde 2011 &#8211; conseguiu virar todas as cadeiras dos t\u00e9cnicos. Mas, para al\u00e9m da m\u00fasica, o que chamou aten\u00e7\u00e3o foi o fato dele ser gay, levar o marido, Leo Santana, \u00c2\u00a0para o palco e fazer uma linda declara\u00e7\u00e3o de amor para ele.<\/p>\n<div id=\"attachment_7140\" style=\"width: 1034px\" class=\"wp-caption aligncenter\"><img loading=\"lazy\" decoding=\"async\" aria-describedby=\"caption-attachment-7140\" class=\"wp-image-7140 size-large\" src=\"http:\/\/www.correio24horas.com.br\/blogs\/mesalte\/wp-content\/uploads\/2016\/10\/alexey-1024x769.jpg\" alt=\"alexey\" width=\"1024\" height=\"769\" srcset=\"https:\/\/blogs.correio24h.com.br\/mesalte\/wp-content\/uploads\/2016\/10\/alexey-1024x769.jpg 1024w, https:\/\/blogs.correio24h.com.br\/mesalte\/wp-content\/uploads\/2016\/10\/alexey-300x225.jpg 300w, https:\/\/blogs.correio24h.com.br\/mesalte\/wp-content\/uploads\/2016\/10\/alexey-768x577.jpg 768w, https:\/\/blogs.correio24h.com.br\/mesalte\/wp-content\/uploads\/2016\/10\/alexey-194x146.jpg 194w, https:\/\/blogs.correio24h.com.br\/mesalte\/wp-content\/uploads\/2016\/10\/alexey-50x38.jpg 50w, https:\/\/blogs.correio24h.com.br\/mesalte\/wp-content\/uploads\/2016\/10\/alexey-100x75.jpg 100w, https:\/\/blogs.correio24h.com.br\/mesalte\/wp-content\/uploads\/2016\/10\/alexey.jpg 1080w\" sizes=\"auto, (max-width: 1024px) 100vw, 1024px\" \/><p id=\"caption-attachment-7140\" class=\"wp-caption-text\">&#8220;\u00c9 no afeto, no carinho, na cumplicidade rec\u00edproca e o amor que tentamos nos inspirar&#8221;, escreveu o cabano em declara\u00e7\u00e3o de amor ao marido<\/p><\/div>\n<p>&#8220;Ele \u00e9 minha vida, meu companheiro, minha constru\u00e7\u00e3o. Acho que ele acredita mais em mim do que eu mesmo&#8221;, contou o cantor que tem 2,1 mil seguidores no Instagram.\u00c2\u00a0Alexey contou que nasceu em Cuba e uma filha no Equador. Ele escolheu a Bahia pelo amor ao Leo, que tamb\u00e9m \u00e9 seu produtor. Na competi\u00e7\u00e3o, o cantor escolheu ficar no time de Claudia Leitte.<\/p>\n<p>H\u00e1 um ano comecei a estudar um repert\u00f3rio de m\u00fasicas em portugu\u00eas. A minha vontade \u00e9 cantar em portugu\u00eas aqui e em espanhol pela Am\u00e9rica Latina. Muitos artistas fazem isso e eu quero chegar l\u00e1\u009d, revelou o cantor ao portal GShow.<\/p>\n<p>Ele come\u00e7ou a cantar aos 8 anos e toca piano, trompa e viol\u00e3o. &#8220;Se ganhar o The Voice Brasil, eu&#8230; vou continuar desenvolvendo a minha carreira. Palavra que melhor define o momento da virada da cadeira do The Voice: Agradecimento&#8221;, contou em entrevista ao portal oficial do programa. <\/p>\n<p>Veja um trecho da apresenta\u00e7\u00e3o dele no programa:<br \/>\n<iframe loading=\"lazy\" style=\"border: none; overflow: hidden;\" src=\"https:\/\/www.facebook.com\/plugins\/video.php?href=https%3A%2F%2Fwww.facebook.com%2FTheVoiceBrasil%2Fvideos%2F1116049805110910%2F&amp;show_text=1&amp;width=560\" width=\"560\" height=\"400\" frameborder=\"0\" scrolling=\"no\"><\/iframe><\/p>\n<p>Olha s\u00f3 outro v\u00eddeo deles que achamos. Muito amor!<br \/>\n<iframe loading=\"lazy\" src=\"https:\/\/www.youtube.com\/embed\/7cccbg8PT_w\" width=\"560\" height=\"315\" frameborder=\"0\" allowfullscreen=\"allowfullscreen\"><\/iframe><\/p>\n<p>J\u00e1 tem minha torcida! Ahasa, muchacho!<\/p>\n<p>Saiba mais not\u00edcias sobre o universo LGBT acessando <a href=\"http:\/\/www.correio24horas.com.br\/mesalte\" target=\"_blank\">www.correio24horas.com.br\/mesalte<\/a><\/p>\n<p>&nbsp;<\/p>\n","protected":false},"excerpt":{"rendered":"<p>O The Voice Brasil come\u00e7ou na noite desta quarta-feira (05) levantando a bandeira da representatividade LGBT. Segundo cantor a se apresentar na estreia da 5\u00aa edi\u00e7\u00e3o [&hellip;]<\/p>\n","protected":false},"author":1,"featured_media":7141,"comment_status":"open","ping_status":"open","sticky":false,"template":"","format":"image","meta":{"footnotes":""},"categories":[80,9],"tags":[650,649,651,648],"class_list":["post-7139","post","type-post","status-publish","format-image","has-post-thumbnail","hentry","category-home","category-me-orgulho","tag-cantorgay","tag-thevoicebrasil","tag-thevoicegay","tag-tvb","post_format-post-format-image"],"_links":{"self":[{"href":"https:\/\/blogs.correio24horas.com.br\/mesalte\/wp-json\/wp\/v2\/posts\/7139","targetHints":{"allow":["GET"]}}],"collection":[{"href":"https:\/\/blogs.correio24horas.com.br\/mesalte\/wp-json\/wp\/v2\/posts"}],"about":[{"href":"https:\/\/blogs.correio24horas.com.br\/mesalte\/wp-json\/wp\/v2\/types\/post"}],"author":[{"embeddable":true,"href":"https:\/\/blogs.correio24horas.com.br\/mesalte\/wp-json\/wp\/v2\/users\/1"}],"replies":[{"embeddable":true,"href":"https:\/\/blogs.correio24horas.com.br\/mesalte\/wp-json\/wp\/v2\/comments?post=7139"}],"version-history":[{"count":14,"href":"https:\/\/blogs.correio24horas.com.br\/mesalte\/wp-json\/wp\/v2\/posts\/7139\/revisions"}],"predecessor-version":[{"id":7156,"href":"https:\/\/blogs.correio24horas.com.br\/mesalte\/wp-json\/wp\/v2\/posts\/7139\/revisions\/7156"}],"wp:featuredmedia":[{"embeddable":true,"href":"https:\/\/blogs.correio24horas.com.br\/mesalte\/wp-json\/wp\/v2\/media\/7141"}],"wp:attachment":[{"href":"https:\/\/blogs.correio24horas.com.br\/mesalte\/wp-json\/wp\/v2\/media?parent=7139"}],"wp:term":[{"taxonomy":"category","embeddable":true,"href":"https:\/\/blogs.correio24horas.com.br\/mesalte\/wp-json\/wp\/v2\/categories?post=7139"},{"taxonomy":"post_tag","embeddable":true,"href":"https:\/\/blogs.correio24horas.com.br\/mesalte\/wp-json\/wp\/v2\/tags?post=7139"}],"curies":[{"name":"wp","href":"https:\/\/api.w.org\/{rel}","templated":true}]}}