{"id":7129,"date":"2016-10-05T13:48:31","date_gmt":"2016-10-05T16:48:31","guid":{"rendered":"http:\/\/www.correio24horas.com.br\/blogs\/mesalte\/?p=7129"},"modified":"2016-10-05T13:48:31","modified_gmt":"2016-10-05T16:48:31","slug":"documentario-sobre-homem-trans-morto-em-1973-sera-exibido-em-salvador","status":"publish","type":"post","link":"https:\/\/blogs.correio24horas.com.br\/mesalte\/documentario-sobre-homem-trans-morto-em-1973-sera-exibido-em-salvador\/","title":{"rendered":"Document\u00e1rio sobre homem trans morto em 1973 ser\u00e1 exibido em Salvador"},"content":{"rendered":"<p>O document\u00e1rio\u00c2\u00a0Cores e Flores para Tita (doc, 92min, 2016), da\u00c2\u00a0\u00c2\u00a0diretora e produtora Susan Kalik, ser\u00e1 exibido nesta quarta-feira (5), \u00e0 \u00a0s 18h, no Teatro Greg\u00f3rio de Mattos dentro do projeto De Trans pra Frente.\u00c2\u00a0Ao documentar a foto-ativista, Andr\u00e9a Magnoni, na constru\u00e7\u00e3o de uma exposi\u00e7\u00e3o em homenagem ao seu tio Renato Tita\u009d, homem trans morto em 1973, o filme aborda a Transgeneridade atrav\u00e9s dos fatos sobre o tio, que ela traz \u00e0 \u00a0 tona: sua real identidade de g\u00eanero, um prov\u00e1vel estupro, e as consequ\u00eancias que o levaram ao suic\u00eddio aos 15 anos.<\/p>\n<p>A exibi\u00e7\u00e3o ser\u00e1 seguida de bate-papo com a diretora Susan Kalik, e com o cineasta Thiago Gomes, diretor assistente e montador do filme, al\u00e9m dos entrevistades do filme, Andr\u00e9a Magnoni, Di Nascimento, Lanmi Tripoli e Tito Carvalhal.<\/p>\n<p>&nbsp;<\/p>\n<p>O filme conta com depoimentos de importantes agentes do ativismo trans e travesti do Nordeste, entre eles, Keila Simpson, travesti, atual\u00c2\u00a0presidenta da Antra \u201c Associa\u00e7\u00e3o Nacional de Travestis e Transexuais; do\u00c2\u00a0homem trans, Diego Nascimento, que aos 16 anos j\u00e1 \u00e9 Coordenador do n\u00facleo IBRAT\/BA \u201c Instituto Brasileiro de Transmasculinidade;\u00c2\u00a0Viviane Vergueiro, mulher trans, pesquisadora e mestra pela UFBA, integrante do CUS \u201c Grupo de Pesquisa em Cultura e Sexualidade; e a\u00c2\u00a0travesti e blogueira Sofia Favero, \u00c2\u00a0dona da p\u00e1gina Travesti Reflexiva.<\/p>\n<p>&nbsp;<\/p>\n<p>Entrada: pague quanto quiser, valor revertido para o projeto Transviando o ENEM<\/p>\n","protected":false},"excerpt":{"rendered":"<p>O document\u00e1rio\u00c2\u00a0Cores e Flores para Tita (doc, 92min, 2016), da\u00c2\u00a0\u00c2\u00a0diretora e produtora Susan Kalik, ser\u00e1 exibido nesta quarta-feira (5), \u00e0 \u00a0s 18h, no Teatro Greg\u00f3rio de [&hellip;]<\/p>\n","protected":false},"author":1,"featured_media":7130,"comment_status":"open","ping_status":"open","sticky":false,"template":"","format":"standard","meta":{"footnotes":""},"categories":[80,16,9],"tags":[],"class_list":["post-7129","post","type-post","status-publish","format-standard","has-post-thumbnail","hentry","category-home","category-me-jogo","category-me-orgulho"],"_links":{"self":[{"href":"https:\/\/blogs.correio24horas.com.br\/mesalte\/wp-json\/wp\/v2\/posts\/7129","targetHints":{"allow":["GET"]}}],"collection":[{"href":"https:\/\/blogs.correio24horas.com.br\/mesalte\/wp-json\/wp\/v2\/posts"}],"about":[{"href":"https:\/\/blogs.correio24horas.com.br\/mesalte\/wp-json\/wp\/v2\/types\/post"}],"author":[{"embeddable":true,"href":"https:\/\/blogs.correio24horas.com.br\/mesalte\/wp-json\/wp\/v2\/users\/1"}],"replies":[{"embeddable":true,"href":"https:\/\/blogs.correio24horas.com.br\/mesalte\/wp-json\/wp\/v2\/comments?post=7129"}],"version-history":[{"count":1,"href":"https:\/\/blogs.correio24horas.com.br\/mesalte\/wp-json\/wp\/v2\/posts\/7129\/revisions"}],"predecessor-version":[{"id":7131,"href":"https:\/\/blogs.correio24horas.com.br\/mesalte\/wp-json\/wp\/v2\/posts\/7129\/revisions\/7131"}],"wp:featuredmedia":[{"embeddable":true,"href":"https:\/\/blogs.correio24horas.com.br\/mesalte\/wp-json\/wp\/v2\/media\/7130"}],"wp:attachment":[{"href":"https:\/\/blogs.correio24horas.com.br\/mesalte\/wp-json\/wp\/v2\/media?parent=7129"}],"wp:term":[{"taxonomy":"category","embeddable":true,"href":"https:\/\/blogs.correio24horas.com.br\/mesalte\/wp-json\/wp\/v2\/categories?post=7129"},{"taxonomy":"post_tag","embeddable":true,"href":"https:\/\/blogs.correio24horas.com.br\/mesalte\/wp-json\/wp\/v2\/tags?post=7129"}],"curies":[{"name":"wp","href":"https:\/\/api.w.org\/{rel}","templated":true}]}}