{"id":7113,"date":"2016-10-04T15:40:35","date_gmt":"2016-10-04T18:40:35","guid":{"rendered":"http:\/\/www.correio24horas.com.br\/blogs\/mesalte\/?p=7113"},"modified":"2016-10-04T15:52:25","modified_gmt":"2016-10-04T18:52:25","slug":"claudialeittedesfilaraemnovobloconocarnaval2017","status":"publish","type":"post","link":"https:\/\/blogs.correio24horas.com.br\/mesalte\/claudialeittedesfilaraemnovobloconocarnaval2017\/","title":{"rendered":"Claudia Leitte desfilar\u00e1 em novo bloco no Carnaval 2017: Blow Out, sexta, na Barra"},"content":{"rendered":"<p>A cantora Claudia Leitte desfilar\u00e1 em um novo bloco no Carnaval 2017, al\u00e9m do seu bloco Largadinho. A cantora ser\u00e1 a grande atra\u00e7\u00e3o do Bloco Blow Out\u00c2\u00a0 na sexta-feira de folia no\u00c2\u00a0circuito Barra-Ondina. O nome do bloco \u00e9 o mesmo da festa, lan\u00e7ada em 2016, que foi a grande atra\u00e7\u00e3o da<a href=\"http:\/\/www.correio24horas.com.br\/blogs\/mesalte\/san-sebastian-reuniu-14-mil-pessoas-em-quatro-festas-de-aniversario\/\" target=\"_blank\"> festa de anivers\u00e1rio de 7 anos da\u00c2\u00a0San Sebastian <\/a>onde Claudia se apresentou, no m\u00eas de agosto deste ano.\u00c2\u00a0A Blow Out no anivers\u00e1rio da San Sebastian foi o ponto alto e muito bem aceita pelo p\u00fablico de todo o Brasil. A parceria deu super certo e vamos apostar nela mais uma vez, muito confiantes em mais uma festa de sucesso\u009d, refor\u00e7ou Andre Magal, s\u00f3cio da San Sebastian.\u00c2\u00a0O bloco ter\u00e1\u00c2\u00a0desfile tem\u00e1tico e uma super decora\u00e7\u00e3o no trio el\u00e9trico.\u00c2\u00a0 Informa\u00e7\u00f5es e vendas estar\u00e3o dispon\u00edveis pelo site www.blocoblowout.com. Detalhe: vai ter um lote promocional nesta quinta-feira (6).<\/p>\n<p>Leia tamb\u00e9m:<br \/>\n<a href=\"http:\/\/www.correio24horas.com.br\/blogs\/mesalte\/entrevistacomclaudialeitte\/#sthash.7Z8gpa1E.dpuf\" target=\"_blank\">O p\u00fablico gay \u00e9 o meu p\u00fablico. \u00c9 a massa que me segue\u009d, diz Claudia Leitte; veja v\u00eddeo com entrevista<\/a><\/p>\n<p>&nbsp;<\/p>\n","protected":false},"excerpt":{"rendered":"<p>A cantora Claudia Leitte desfilar\u00e1 em um novo bloco no Carnaval 2017, al\u00e9m do seu bloco Largadinho. A cantora ser\u00e1 a grande atra\u00e7\u00e3o do Bloco Blow [&hellip;]<\/p>\n","protected":false},"author":1,"featured_media":7114,"comment_status":"open","ping_status":"open","sticky":false,"template":"","format":"image","meta":{"footnotes":""},"categories":[28,80],"tags":[],"class_list":["post-7113","post","type-post","status-publish","format-image","has-post-thumbnail","hentry","category-farofa-digital","category-home","post_format-post-format-image"],"_links":{"self":[{"href":"https:\/\/blogs.correio24horas.com.br\/mesalte\/wp-json\/wp\/v2\/posts\/7113","targetHints":{"allow":["GET"]}}],"collection":[{"href":"https:\/\/blogs.correio24horas.com.br\/mesalte\/wp-json\/wp\/v2\/posts"}],"about":[{"href":"https:\/\/blogs.correio24horas.com.br\/mesalte\/wp-json\/wp\/v2\/types\/post"}],"author":[{"embeddable":true,"href":"https:\/\/blogs.correio24horas.com.br\/mesalte\/wp-json\/wp\/v2\/users\/1"}],"replies":[{"embeddable":true,"href":"https:\/\/blogs.correio24horas.com.br\/mesalte\/wp-json\/wp\/v2\/comments?post=7113"}],"version-history":[{"count":4,"href":"https:\/\/blogs.correio24horas.com.br\/mesalte\/wp-json\/wp\/v2\/posts\/7113\/revisions"}],"predecessor-version":[{"id":7119,"href":"https:\/\/blogs.correio24horas.com.br\/mesalte\/wp-json\/wp\/v2\/posts\/7113\/revisions\/7119"}],"wp:featuredmedia":[{"embeddable":true,"href":"https:\/\/blogs.correio24horas.com.br\/mesalte\/wp-json\/wp\/v2\/media\/7114"}],"wp:attachment":[{"href":"https:\/\/blogs.correio24horas.com.br\/mesalte\/wp-json\/wp\/v2\/media?parent=7113"}],"wp:term":[{"taxonomy":"category","embeddable":true,"href":"https:\/\/blogs.correio24horas.com.br\/mesalte\/wp-json\/wp\/v2\/categories?post=7113"},{"taxonomy":"post_tag","embeddable":true,"href":"https:\/\/blogs.correio24horas.com.br\/mesalte\/wp-json\/wp\/v2\/tags?post=7113"}],"curies":[{"name":"wp","href":"https:\/\/api.w.org\/{rel}","templated":true}]}}