{"id":7107,"date":"2016-10-04T08:47:10","date_gmt":"2016-10-04T11:47:10","guid":{"rendered":"http:\/\/www.correio24horas.com.br\/blogs\/mesalte\/?p=7107"},"modified":"2016-10-06T18:01:43","modified_gmt":"2016-10-06T21:01:43","slug":"sarau-la-frida-reune-mulheres-negras-em-projeto-de-arte-e-empoderamento-no-dois-de-julho","status":"publish","type":"post","link":"https:\/\/blogs.correio24horas.com.br\/mesalte\/sarau-la-frida-reune-mulheres-negras-em-projeto-de-arte-e-empoderamento-no-dois-de-julho\/","title":{"rendered":"Sarau La Frida re\u00fane mulheres negras em projeto de arte e empoderamento no Dois de Julho"},"content":{"rendered":"<p>&nbsp;<\/p>\n<p>Produzido pelo movimento La Frida &#8211; projeto m\u00f3vel que une a bicicleta \u00e0 \u00a0 arte de rua &#8211; acontece no pr\u00f3ximo domingo (9) o Sarau La Frida, que promove o encontro de in\u00fameras manifesta\u00e7\u00f5es negras femininas : poesia, m\u00fasica, exposi\u00e7\u00e3o, empreendorismo, fotografia, dentre outras. O evento acontecer\u00e1\u00c2\u00a0a partir das 15h, na Casa Preta, na Rua Areal de Cima, 40, no Largo Dois de Julho.<\/p>\n<p>Participar\u00e3o dos eventos as poetisas Jamile Santana, Helemoz\u00e3o, Ayran Yay\u00e1, Luz Marques e Fabiana Lima, a artes\u00e3 Liz Barbosa, a grafiteira Andressa Monique al\u00e9m das \u00c2\u00a0cantoras Jadsa Castro e Cris Mendes. O Sarau contar\u00e1 tamb\u00e9m com o La Frida-Bike Caf\u00e9 , com um card\u00e1pio de caf\u00e9s comidinhas. O projeto conceder\u00e1\u00c2\u00a020% de desconto em todo o card\u00e1pio para quem for de bike ao evento.A entrada \u00e9 no esquema pague quanto puder\/quiser\u009d.<\/p>\n<p>&nbsp;<\/p>\n<p>Sarau La Frida<br \/>\nData: 09 de outubro<br \/>\nHor\u00e1rio: 15h<br \/>\nLocal: Rua Areal de Cima, 40 &#8211; Dois de Julho- Casa Preta<br \/>\nRealiza\u00e7\u00e3o: La Frida Bike<br \/>\nParceria: GanjaGram Records, Aldeia &#8211; Coletivo C\u00eanico<\/p>\n","protected":false},"excerpt":{"rendered":"<p>&nbsp; Produzido pelo movimento La Frida &#8211; projeto m\u00f3vel que une a bicicleta \u00e0 \u00a0 arte de rua &#8211; acontece no pr\u00f3ximo domingo (9) o Sarau [&hellip;]<\/p>\n","protected":false},"author":1,"featured_media":7163,"comment_status":"open","ping_status":"open","sticky":false,"template":"","format":"standard","meta":{"footnotes":""},"categories":[80,16],"tags":[],"class_list":["post-7107","post","type-post","status-publish","format-standard","has-post-thumbnail","hentry","category-home","category-me-jogo"],"_links":{"self":[{"href":"https:\/\/blogs.correio24horas.com.br\/mesalte\/wp-json\/wp\/v2\/posts\/7107","targetHints":{"allow":["GET"]}}],"collection":[{"href":"https:\/\/blogs.correio24horas.com.br\/mesalte\/wp-json\/wp\/v2\/posts"}],"about":[{"href":"https:\/\/blogs.correio24horas.com.br\/mesalte\/wp-json\/wp\/v2\/types\/post"}],"author":[{"embeddable":true,"href":"https:\/\/blogs.correio24horas.com.br\/mesalte\/wp-json\/wp\/v2\/users\/1"}],"replies":[{"embeddable":true,"href":"https:\/\/blogs.correio24horas.com.br\/mesalte\/wp-json\/wp\/v2\/comments?post=7107"}],"version-history":[{"count":1,"href":"https:\/\/blogs.correio24horas.com.br\/mesalte\/wp-json\/wp\/v2\/posts\/7107\/revisions"}],"predecessor-version":[{"id":7109,"href":"https:\/\/blogs.correio24horas.com.br\/mesalte\/wp-json\/wp\/v2\/posts\/7107\/revisions\/7109"}],"wp:featuredmedia":[{"embeddable":true,"href":"https:\/\/blogs.correio24horas.com.br\/mesalte\/wp-json\/wp\/v2\/media\/7163"}],"wp:attachment":[{"href":"https:\/\/blogs.correio24horas.com.br\/mesalte\/wp-json\/wp\/v2\/media?parent=7107"}],"wp:term":[{"taxonomy":"category","embeddable":true,"href":"https:\/\/blogs.correio24horas.com.br\/mesalte\/wp-json\/wp\/v2\/categories?post=7107"},{"taxonomy":"post_tag","embeddable":true,"href":"https:\/\/blogs.correio24horas.com.br\/mesalte\/wp-json\/wp\/v2\/tags?post=7107"}],"curies":[{"name":"wp","href":"https:\/\/api.w.org\/{rel}","templated":true}]}}