{"id":7097,"date":"2016-10-02T15:17:26","date_gmt":"2016-10-02T18:17:26","guid":{"rendered":"http:\/\/www.correio24horas.com.br\/blogs\/mesalte\/?p=7097"},"modified":"2016-10-02T15:18:16","modified_gmt":"2016-10-02T18:18:16","slug":"onu-tera-perito-internacional-de-orientacao-sexual-e-identidade-de-genero","status":"publish","type":"post","link":"https:\/\/blogs.correio24horas.com.br\/mesalte\/onu-tera-perito-internacional-de-orientacao-sexual-e-identidade-de-genero\/","title":{"rendered":"ONU ter\u00e1  perito internacional de orienta\u00e7\u00e3o sexual e identidade de g\u00eanero"},"content":{"rendered":"<p>O Conselho dos Direitos Humanos da Organiza\u00e7\u00e3o das Na\u00e7\u00f5es Unidas (ONU) aprovou a nomea\u00e7\u00e3o do professor de direito Vitit Muntarbhorn para acompanhar e defender os direitos de gays, l\u00e9sbicas e transg\u00eaneros que sofrem persegui\u00e7\u00f5es em todo o mundo. Muntarbhorn, que j\u00e1 cumpriu in\u00fameras miss\u00f5es direitos humanos, exercer\u00e1, pela primeira vez na hist\u00f3ria da ONU, a fun\u00e7\u00e3o de perito internacional de orienta\u00e7\u00e3o sexual e identidade de g\u00eanero.<\/p>\n<p>Vitit Muntarbhorn ser\u00e1 o perito internacional de orienta\u00e7\u00e3o sexual e identidade de g\u00eanero da ONU Fundo Humanit\u00e1rio das Na\u00e7\u00f5es Unidas<br \/>\nA indica\u00e7\u00e3o foi aprovada pela maioria dos 47 membros do conselho, que se reuniu, na semana passada, em Genebra, Su\u00ed\u00e7a, e a anunciada ontem (1\u00ba) para todos os \u00f3rg\u00e3os do sistema das Na\u00e7\u00f5es Unidas, respons\u00e1veis pela promo\u00e7\u00e3o e prote\u00e7\u00e3o dos direitos humanos em todo o mundo.<\/p>\n<p>Estamos realmente ansiosos para trabalhar com o professor Muntarbhorn\u009d, disse o diretor executivo da Associa\u00e7\u00e3o Internacional de L\u00e9sbicas, Gays, Bissexuais e Transg\u00eaneros (Ilga), Renato Sabbadini. A organiza\u00e7\u00e3o re\u00fane 1,2 mil entidades que atuam em defesa de pessoas perseguidas por quest\u00f5es sexuais ou de g\u00eanero em 131 pa\u00edses.<\/p>\n<p>Segundo Sabbadini, milhares de pessoas enfrentam viol\u00eancia em v\u00e1rios pa\u00edses em raz\u00e3o de sua orienta\u00e7\u00e3o sexual, o que requer a medidas de salvaguarda dos direitos humanos das pessoas LGBT em todo o mundo\u009d.Muntarbhorn \u00e9 professor de direito internacional na Universidade Chulalongkorn, em Bangcoc, na Tail\u00e2ndia, e membro da Comiss\u00e3o Internacional Independente da ONU de Inqu\u00e9rito sobre a S\u00edria.<\/p>\n<p>Vemos o professor Muntarbhorn com a experi\u00eancia e as habilidades necess\u00e1rias para este papel desafiador. Ele n\u00e3o s\u00f3 tem trabalhado com as comiss\u00f5es nacionais de direitos humanos, com o minist\u00e9rio tailand\u00eas da Justi\u00e7a e ONGs [organiza\u00e7\u00f5es n\u00e3o governamentais] sobre esta quest\u00e3o, como tamb\u00e9m tem colocado no sistema das Na\u00e7\u00f5es Unidas muitas outras quest\u00f5es humanit\u00e1rias\u009d, disse Andr\u00e9 du Plessis, que representa na ONU as reivindica\u00e7\u00f5es apresentadas pela Ilga.<\/p>\n<p><strong>Princ\u00edpios de Yogyakarta<\/strong><br \/>\nAp\u00f3s atuar como co-presidente da comiss\u00e3o que elaborou os Princ\u00edpios de Yogyakarta, que trata dos direitos humanos em rela\u00e7\u00e3o \u00e0 \u00a0 orienta\u00e7\u00e3o sexual e identidade de g\u00eanero, Muntarbhorn tamb\u00e9m ficou conhecido como defensor dos direitos humanos com esse enfoque. Os Princ\u00edpios de Yogyakarta estabelecem que os direitos humanos s\u00e3o universais e que a orienta\u00e7\u00e3o sexual e a identidade de g\u00eanero s\u00e3o essenciais para a dignidade e humanidade de cada pessoa e n\u00e3o devem ser motivo de discrimina\u00e7\u00e3o ou abuso.<\/p>\n<p>No fim do ano, a Ilga realizar\u00e1 uma confer\u00eancia mundial na Tail\u00e2ndia para alertar o mundo sobre a discrimina\u00e7\u00e3o contra as pessoas LGBT. Na ocasi\u00e3o, a entidade dever\u00e1 manifestar apoio para que Muntarbhorn realize seu trabalho em favor da aceita\u00e7\u00e3o das pessoas LGBT, o que s\u00f3 ser\u00e1 alcan\u00e7ado se houver di\u00e1logo e compreens\u00e3o, segundo as co-secret\u00e1rias da Ilga Ruth Baldacchino e Helen Kennedy.<\/p>\n<p>Texto: Ag\u00eancia Brasil<\/p>\n","protected":false},"excerpt":{"rendered":"<p>O Conselho dos Direitos Humanos da Organiza\u00e7\u00e3o das Na\u00e7\u00f5es Unidas (ONU) aprovou a nomea\u00e7\u00e3o do professor de direito Vitit Muntarbhorn para acompanhar e defender os direitos [&hellip;]<\/p>\n","protected":false},"author":2,"featured_media":7098,"comment_status":"open","ping_status":"open","sticky":false,"template":"","format":"image","meta":{"footnotes":""},"categories":[80,24],"tags":[],"class_list":["post-7097","post","type-post","status-publish","format-image","has-post-thumbnail","hentry","category-home","category-me-cuido","post_format-post-format-image"],"_links":{"self":[{"href":"https:\/\/blogs.correio24horas.com.br\/mesalte\/wp-json\/wp\/v2\/posts\/7097","targetHints":{"allow":["GET"]}}],"collection":[{"href":"https:\/\/blogs.correio24horas.com.br\/mesalte\/wp-json\/wp\/v2\/posts"}],"about":[{"href":"https:\/\/blogs.correio24horas.com.br\/mesalte\/wp-json\/wp\/v2\/types\/post"}],"author":[{"embeddable":true,"href":"https:\/\/blogs.correio24horas.com.br\/mesalte\/wp-json\/wp\/v2\/users\/2"}],"replies":[{"embeddable":true,"href":"https:\/\/blogs.correio24horas.com.br\/mesalte\/wp-json\/wp\/v2\/comments?post=7097"}],"version-history":[{"count":2,"href":"https:\/\/blogs.correio24horas.com.br\/mesalte\/wp-json\/wp\/v2\/posts\/7097\/revisions"}],"predecessor-version":[{"id":7100,"href":"https:\/\/blogs.correio24horas.com.br\/mesalte\/wp-json\/wp\/v2\/posts\/7097\/revisions\/7100"}],"wp:featuredmedia":[{"embeddable":true,"href":"https:\/\/blogs.correio24horas.com.br\/mesalte\/wp-json\/wp\/v2\/media\/7098"}],"wp:attachment":[{"href":"https:\/\/blogs.correio24horas.com.br\/mesalte\/wp-json\/wp\/v2\/media?parent=7097"}],"wp:term":[{"taxonomy":"category","embeddable":true,"href":"https:\/\/blogs.correio24horas.com.br\/mesalte\/wp-json\/wp\/v2\/categories?post=7097"},{"taxonomy":"post_tag","embeddable":true,"href":"https:\/\/blogs.correio24horas.com.br\/mesalte\/wp-json\/wp\/v2\/tags?post=7097"}],"curies":[{"name":"wp","href":"https:\/\/api.w.org\/{rel}","templated":true}]}}