{"id":7082,"date":"2016-09-30T17:11:38","date_gmt":"2016-09-30T20:11:38","guid":{"rendered":"http:\/\/www.correio24horas.com.br\/blogs\/mesalte\/?p=7082"},"modified":"2016-09-30T17:12:57","modified_gmt":"2016-09-30T20:12:57","slug":"cantor-neto-muniz-lanca-cd-de-estreia-ouca","status":"publish","type":"post","link":"https:\/\/blogs.correio24horas.com.br\/mesalte\/cantor-neto-muniz-lanca-cd-de-estreia-ouca\/","title":{"rendered":"Cantor Neto Muniz lan\u00e7a CD de estreia; ou\u00e7a"},"content":{"rendered":"<p>Neto Muniz, de 25 anos, \u00e9 advogado por forma\u00e7\u00e3o mas sempre teve o canto na sua alma. O resultado da paix\u00e3o pela m\u00fasica ele transformou em um CD, com 11 faixas, que foi lan\u00e7ado ontem em plataformas digitais. O \u00e1lbum promocional Neto Muniz- ao vivo em Salvador tem oito regrava\u00e7\u00f5es e tr\u00eas faixas in\u00e9ditas. A m\u00fasica de trabalho &#8211; Loucuras de Amor &#8211; tem composi\u00e7\u00e3o de grandes nomes da m\u00fasica brasileira que j\u00e1 escreveram can\u00e7\u00f5es para artistas como Ivete Sangalo.\u00c2\u00a0&#8220;A minha pegada \u00e9 o ax\u00e9. Acho que como todo baiano tenho isso na minha raiz. A minha primeira m\u00fasica de trabalho se chama Loucuras de amor de composi\u00e7\u00e3o de Alain Tavares e Lari Tavares. \u00c9 um samba reggae bem regional&#8221;, conta Neto.<\/p>\n<div id=\"attachment_7089\" style=\"width: 618px\" class=\"wp-caption aligncenter\"><img loading=\"lazy\" decoding=\"async\" aria-describedby=\"caption-attachment-7089\" class=\"wp-image-7089 size-full\" src=\"http:\/\/www.correio24horas.com.br\/blogs\/mesalte\/wp-content\/uploads\/2016\/09\/NetoMuniz3-1.jpg\" alt=\"NetoMuniz3\" width=\"608\" height=\"913\" srcset=\"https:\/\/blogs.correio24h.com.br\/mesalte\/wp-content\/uploads\/2016\/09\/NetoMuniz3-1.jpg 608w, https:\/\/blogs.correio24h.com.br\/mesalte\/wp-content\/uploads\/2016\/09\/NetoMuniz3-1-200x300.jpg 200w, https:\/\/blogs.correio24h.com.br\/mesalte\/wp-content\/uploads\/2016\/09\/NetoMuniz3-1-97x146.jpg 97w, https:\/\/blogs.correio24h.com.br\/mesalte\/wp-content\/uploads\/2016\/09\/NetoMuniz3-1-33x50.jpg 33w, https:\/\/blogs.correio24h.com.br\/mesalte\/wp-content\/uploads\/2016\/09\/NetoMuniz3-1-50x75.jpg 50w\" sizes=\"auto, (max-width: 608px) 100vw, 608px\" \/><p id=\"caption-attachment-7089\" class=\"wp-caption-text\">Foto: Divulga\u00e7\u00e3o<\/p><\/div>\n<p>&nbsp;<\/p>\n<p>Outras can\u00e7\u00f5es que Neto destaca no trabalho de estreia s\u00e3o Se vier eu pego, escrita por Tiago Toxa; Alegria, alegria, escrita por Sacomanny, Dan Kambaiah e Santaluz. &#8220;Eu sempre tive o canto na minha alma, mas profissionalmente canto h\u00e1 um ano&#8221;, conta Neto.<\/p>\n<p>O cantor relata que se inspira em outros cantores baianos e sonha em subir no trio el\u00e9trico. &#8220;Cada vez que ou\u00e7o uma m\u00fasica de Carnaval me sinto inspirado a querer prosseguir &#8230; Seja por Durval Lellys, Bell Marques, Daniela Mercury e at\u00e9 a pr\u00f3pria Claudinha (Claudia Leitte), que hoje eh a \u00fanica que vejo cantar o ax\u00e9 raiz&#8221;, destaca Neto.<\/p>\n<p><strong>Aumenta o voluma e ou\u00e7a as novas can\u00e7\u00f5es de Neto Muniz<\/strong><br \/>\n<iframe loading=\"lazy\" src=\"https:\/\/www.youtube.com\/embed\/lC8ot4oKhZs\" width=\"560\" height=\"315\" frameborder=\"0\" allowfullscreen=\"allowfullscreen\"><\/iframe><\/p>\n<p>Curtiu?\u00c2\u00a0Todo o CD est\u00e1 dispon\u00edvel tamb\u00e9m para download.<a href=\"http:\/\/www.suamusica.com.br\/netomuniz268\/neto-muniz-ao-vivo-em-salvador-promocional-2016\" target=\"_blank\"> Clique aqui ou na imagem para baixar gratuitamente.\u00c2\u00a0<\/a><\/p>\n<p><a href=\"http:\/\/www.suamusica.com.br\/netomuniz268\/neto-muniz-ao-vivo-em-salvador-promocional-2016\" target=\"_blank\"><img loading=\"lazy\" decoding=\"async\" class=\"aligncenter size-large wp-image-7087\" src=\"http:\/\/www.correio24horas.com.br\/blogs\/mesalte\/wp-content\/uploads\/2016\/09\/NetoMunizCD2-1024x1024.jpg\" alt=\"NetoMunizCD2\" width=\"1024\" height=\"1024\" srcset=\"https:\/\/blogs.correio24h.com.br\/mesalte\/wp-content\/uploads\/2016\/09\/NetoMunizCD2-1024x1024.jpg 1024w, https:\/\/blogs.correio24h.com.br\/mesalte\/wp-content\/uploads\/2016\/09\/NetoMunizCD2-150x150.jpg 150w, https:\/\/blogs.correio24h.com.br\/mesalte\/wp-content\/uploads\/2016\/09\/NetoMunizCD2-300x300.jpg 300w, https:\/\/blogs.correio24h.com.br\/mesalte\/wp-content\/uploads\/2016\/09\/NetoMunizCD2-768x768.jpg 768w, https:\/\/blogs.correio24h.com.br\/mesalte\/wp-content\/uploads\/2016\/09\/NetoMunizCD2-146x146.jpg 146w, https:\/\/blogs.correio24h.com.br\/mesalte\/wp-content\/uploads\/2016\/09\/NetoMunizCD2-50x50.jpg 50w, https:\/\/blogs.correio24h.com.br\/mesalte\/wp-content\/uploads\/2016\/09\/NetoMunizCD2-80x80.jpg 80w, https:\/\/blogs.correio24h.com.br\/mesalte\/wp-content\/uploads\/2016\/09\/NetoMunizCD2-75x75.jpg 75w, https:\/\/blogs.correio24h.com.br\/mesalte\/wp-content\/uploads\/2016\/09\/NetoMunizCD2-85x85.jpg 85w, https:\/\/blogs.correio24h.com.br\/mesalte\/wp-content\/uploads\/2016\/09\/NetoMunizCD2.jpg 1280w\" sizes=\"auto, (max-width: 1024px) 100vw, 1024px\" \/><\/a><\/p>\n<p>&nbsp;<\/p>\n","protected":false},"excerpt":{"rendered":"<p>Neto Muniz, de 25 anos, \u00e9 advogado por forma\u00e7\u00e3o mas sempre teve o canto na sua alma. O resultado da paix\u00e3o pela m\u00fasica ele transformou em [&hellip;]<\/p>\n","protected":false},"author":1,"featured_media":7088,"comment_status":"open","ping_status":"open","sticky":false,"template":"","format":"image","meta":{"footnotes":""},"categories":[80,16],"tags":[646,647,645],"class_list":["post-7082","post","type-post","status-publish","format-image","has-post-thumbnail","hentry","category-home","category-me-jogo","tag-axe","tag-musicabaiana","tag-netomuniz","post_format-post-format-image"],"_links":{"self":[{"href":"https:\/\/blogs.correio24horas.com.br\/mesalte\/wp-json\/wp\/v2\/posts\/7082","targetHints":{"allow":["GET"]}}],"collection":[{"href":"https:\/\/blogs.correio24horas.com.br\/mesalte\/wp-json\/wp\/v2\/posts"}],"about":[{"href":"https:\/\/blogs.correio24horas.com.br\/mesalte\/wp-json\/wp\/v2\/types\/post"}],"author":[{"embeddable":true,"href":"https:\/\/blogs.correio24horas.com.br\/mesalte\/wp-json\/wp\/v2\/users\/1"}],"replies":[{"embeddable":true,"href":"https:\/\/blogs.correio24horas.com.br\/mesalte\/wp-json\/wp\/v2\/comments?post=7082"}],"version-history":[{"count":1,"href":"https:\/\/blogs.correio24horas.com.br\/mesalte\/wp-json\/wp\/v2\/posts\/7082\/revisions"}],"predecessor-version":[{"id":7090,"href":"https:\/\/blogs.correio24horas.com.br\/mesalte\/wp-json\/wp\/v2\/posts\/7082\/revisions\/7090"}],"wp:featuredmedia":[{"embeddable":true,"href":"https:\/\/blogs.correio24horas.com.br\/mesalte\/wp-json\/wp\/v2\/media\/7088"}],"wp:attachment":[{"href":"https:\/\/blogs.correio24horas.com.br\/mesalte\/wp-json\/wp\/v2\/media?parent=7082"}],"wp:term":[{"taxonomy":"category","embeddable":true,"href":"https:\/\/blogs.correio24horas.com.br\/mesalte\/wp-json\/wp\/v2\/categories?post=7082"},{"taxonomy":"post_tag","embeddable":true,"href":"https:\/\/blogs.correio24horas.com.br\/mesalte\/wp-json\/wp\/v2\/tags?post=7082"}],"curies":[{"name":"wp","href":"https:\/\/api.w.org\/{rel}","templated":true}]}}