{"id":6625,"date":"2016-09-06T10:13:56","date_gmt":"2016-09-06T13:13:56","guid":{"rendered":"http:\/\/www.correio24horas.com.br\/blogs\/mesalte\/?p=6625"},"modified":"2016-09-06T10:13:56","modified_gmt":"2016-09-06T13:13:56","slug":"trio-pop-nao-desfilara-mais-na-parada-lgbt-da-bahia","status":"publish","type":"post","link":"https:\/\/blogs.correio24horas.com.br\/mesalte\/trio-pop-nao-desfilara-mais-na-parada-lgbt-da-bahia\/","title":{"rendered":"Trio pop n\u00e3o desfilar\u00e1 mais na parada LGBT da Bahia"},"content":{"rendered":"<p>O trio pop Me Salte &amp; Farofa Digital n\u00e3o desfilar\u00e1 mais na edi\u00e7\u00e3o 2016 da parada do orgulho LGBT da Bahia que acontecer\u00e1 no pr\u00f3ximo domingo (11) em Salvador. A produ\u00e7\u00e3o resolveu suspender o desfile em fun\u00e7\u00e3o de problemas relacionados \u00e0 \u00a0 quest\u00f5es log\u00edsticas e estruturais do trio. Quem j\u00e1 comprou o ingresso ter\u00e1 o valor reembolsado. A produ\u00e7\u00e3o entrar\u00e1 em contato com todos para fazer as devolu\u00e7\u00f5es.\u00c2\u00a0D\u00favidas e informa\u00e7\u00f5es: 71 99929-8090<\/p>\n<p><a href=\"http:\/\/www.correio24horas.com.br\/blogs\/mesalte\/parada-lgbt-da-bahia-estima-reunir-1-milhao-de-pessoas-em-salvador-dia-11\/\" target=\"_blank\"><strong>VEJA A PROGRAMA\u00c7\u00c3O COMPLETA DA PARADA LGBT DA BAHIA<\/strong><\/a><\/p>\n","protected":false},"excerpt":{"rendered":"<p>O trio pop Me Salte &amp; Farofa Digital n\u00e3o desfilar\u00e1 mais na edi\u00e7\u00e3o 2016 da parada do orgulho LGBT da Bahia que acontecer\u00e1 no pr\u00f3ximo domingo [&hellip;]<\/p>\n","protected":false},"author":1,"featured_media":0,"comment_status":"open","ping_status":"open","sticky":false,"template":"","format":"image","meta":{"footnotes":""},"categories":[80,16],"tags":[],"class_list":["post-6625","post","type-post","status-publish","format-image","hentry","category-home","category-me-jogo","post_format-post-format-image"],"_links":{"self":[{"href":"https:\/\/blogs.correio24horas.com.br\/mesalte\/wp-json\/wp\/v2\/posts\/6625","targetHints":{"allow":["GET"]}}],"collection":[{"href":"https:\/\/blogs.correio24horas.com.br\/mesalte\/wp-json\/wp\/v2\/posts"}],"about":[{"href":"https:\/\/blogs.correio24horas.com.br\/mesalte\/wp-json\/wp\/v2\/types\/post"}],"author":[{"embeddable":true,"href":"https:\/\/blogs.correio24horas.com.br\/mesalte\/wp-json\/wp\/v2\/users\/1"}],"replies":[{"embeddable":true,"href":"https:\/\/blogs.correio24horas.com.br\/mesalte\/wp-json\/wp\/v2\/comments?post=6625"}],"version-history":[{"count":1,"href":"https:\/\/blogs.correio24horas.com.br\/mesalte\/wp-json\/wp\/v2\/posts\/6625\/revisions"}],"predecessor-version":[{"id":6626,"href":"https:\/\/blogs.correio24horas.com.br\/mesalte\/wp-json\/wp\/v2\/posts\/6625\/revisions\/6626"}],"wp:attachment":[{"href":"https:\/\/blogs.correio24horas.com.br\/mesalte\/wp-json\/wp\/v2\/media?parent=6625"}],"wp:term":[{"taxonomy":"category","embeddable":true,"href":"https:\/\/blogs.correio24horas.com.br\/mesalte\/wp-json\/wp\/v2\/categories?post=6625"},{"taxonomy":"post_tag","embeddable":true,"href":"https:\/\/blogs.correio24horas.com.br\/mesalte\/wp-json\/wp\/v2\/tags?post=6625"}],"curies":[{"name":"wp","href":"https:\/\/api.w.org\/{rel}","templated":true}]}}