{"id":6594,"date":"2016-09-05T10:20:06","date_gmt":"2016-09-05T13:20:06","guid":{"rendered":"http:\/\/www.correio24horas.com.br\/blogs\/mesalte\/?p=6594"},"modified":"2016-09-05T10:22:18","modified_gmt":"2016-09-05T13:22:18","slug":"cantor-gospel-gui-faraes-ex-diante-do-trono-e-gay-e-tem-nudes-vazadas-afirma-site","status":"publish","type":"post","link":"https:\/\/blogs.correio24horas.com.br\/mesalte\/cantor-gospel-gui-faraes-ex-diante-do-trono-e-gay-e-tem-nudes-vazadas-afirma-site\/","title":{"rendered":"Cantor gospel Gui Faraes, ex-Diante do Trono, \u00e9 gay e tem nudes vazadas, afirma site"},"content":{"rendered":"<p>O cantor gospel Guilherme Fares, o Gui Fares, foi envolvido numa grande pol\u00eamica envolvendo seu nome e uma suposta homossexualidade. O site O Fuxico Gospel, um dos maiores em not\u00edcias especializadas sobre a cena evang\u00e9lica, revelou fotos (nudes) e \u00e1udio de uma conversa de Gui com um homem onde revela que teria, inclusive, se afastado da igreja depois que descobriu sua atra\u00e7\u00e3o por homens.<\/p>\n<p>Gui, que hoje mora nos Estados Unidos, ganhou fama no meio gospel quando dividia os palcos com Ana Paula Valad\u00e3o na banda Diante do Trono\u009d. Ana Paula, para quem n\u00e3o lembra, foi a que encabe\u00e7ou uma campanha contra a C&amp;A por conta de uma cole\u00e7\u00e3o de roupas sem g\u00eanero. Procurado pela imprensa, o cantor n\u00e3o deu nenhuma declara\u00e7\u00e3o sobre o acontecido.<\/p>\n<p>Veja uma das conversas atribu\u00eddas ao cantor:<br \/>\n<img loading=\"lazy\" decoding=\"async\" class=\"aligncenter size-full wp-image-6595\" src=\"http:\/\/www.correio24horas.com.br\/blogs\/mesalte\/wp-content\/uploads\/2016\/09\/cantor_gui_fares.jpg\" alt=\"cantor_gui_fares\" width=\"550\" height=\"343\" srcset=\"https:\/\/blogs.correio24h.com.br\/mesalte\/wp-content\/uploads\/2016\/09\/cantor_gui_fares.jpg 550w, https:\/\/blogs.correio24h.com.br\/mesalte\/wp-content\/uploads\/2016\/09\/cantor_gui_fares-300x187.jpg 300w, https:\/\/blogs.correio24h.com.br\/mesalte\/wp-content\/uploads\/2016\/09\/cantor_gui_fares-234x146.jpg 234w, https:\/\/blogs.correio24h.com.br\/mesalte\/wp-content\/uploads\/2016\/09\/cantor_gui_fares-50x31.jpg 50w, https:\/\/blogs.correio24h.com.br\/mesalte\/wp-content\/uploads\/2016\/09\/cantor_gui_fares-120x75.jpg 120w\" sizes=\"auto, (max-width: 550px) 100vw, 550px\" \/><\/p>\n","protected":false},"excerpt":{"rendered":"<p>O cantor gospel Guilherme Fares, o Gui Fares, foi envolvido numa grande pol\u00eamica envolvendo seu nome e uma suposta homossexualidade. O site O Fuxico Gospel, um [&hellip;]<\/p>\n","protected":false},"author":1,"featured_media":6599,"comment_status":"open","ping_status":"open","sticky":false,"template":"","format":"image","meta":{"footnotes":""},"categories":[80,11],"tags":[578,577],"class_list":["post-6594","post","type-post","status-publish","format-image","has-post-thumbnail","hentry","category-home","category-me-informo","tag-diantedotrono","tag-guifaraes","post_format-post-format-image"],"_links":{"self":[{"href":"https:\/\/blogs.correio24horas.com.br\/mesalte\/wp-json\/wp\/v2\/posts\/6594","targetHints":{"allow":["GET"]}}],"collection":[{"href":"https:\/\/blogs.correio24horas.com.br\/mesalte\/wp-json\/wp\/v2\/posts"}],"about":[{"href":"https:\/\/blogs.correio24horas.com.br\/mesalte\/wp-json\/wp\/v2\/types\/post"}],"author":[{"embeddable":true,"href":"https:\/\/blogs.correio24horas.com.br\/mesalte\/wp-json\/wp\/v2\/users\/1"}],"replies":[{"embeddable":true,"href":"https:\/\/blogs.correio24horas.com.br\/mesalte\/wp-json\/wp\/v2\/comments?post=6594"}],"version-history":[{"count":2,"href":"https:\/\/blogs.correio24horas.com.br\/mesalte\/wp-json\/wp\/v2\/posts\/6594\/revisions"}],"predecessor-version":[{"id":6598,"href":"https:\/\/blogs.correio24horas.com.br\/mesalte\/wp-json\/wp\/v2\/posts\/6594\/revisions\/6598"}],"wp:featuredmedia":[{"embeddable":true,"href":"https:\/\/blogs.correio24horas.com.br\/mesalte\/wp-json\/wp\/v2\/media\/6599"}],"wp:attachment":[{"href":"https:\/\/blogs.correio24horas.com.br\/mesalte\/wp-json\/wp\/v2\/media?parent=6594"}],"wp:term":[{"taxonomy":"category","embeddable":true,"href":"https:\/\/blogs.correio24horas.com.br\/mesalte\/wp-json\/wp\/v2\/categories?post=6594"},{"taxonomy":"post_tag","embeddable":true,"href":"https:\/\/blogs.correio24horas.com.br\/mesalte\/wp-json\/wp\/v2\/tags?post=6594"}],"curies":[{"name":"wp","href":"https:\/\/api.w.org\/{rel}","templated":true}]}}