{"id":6573,"date":"2016-09-02T17:13:29","date_gmt":"2016-09-02T20:13:29","guid":{"rendered":"http:\/\/www.correio24horas.com.br\/blogs\/mesalte\/?p=6573"},"modified":"2016-09-02T17:13:29","modified_gmt":"2016-09-02T20:13:29","slug":"salvador-e-regiao-metropolitana-realizam-paradas-lgbts-domingo-04","status":"publish","type":"post","link":"https:\/\/blogs.correio24horas.com.br\/mesalte\/salvador-e-regiao-metropolitana-realizam-paradas-lgbts-domingo-04\/","title":{"rendered":"Salvador e regi\u00e3o metropolitana realizam paradas LGBTs domingo (04)"},"content":{"rendered":"<p>Diversos bairros de Salvador e Regi\u00e3o Metropolitana realizam neste final de semana, que antecede a 15\u00aa edi\u00e7\u00e3o da parada do orgulho LGBT da Bahia, uma s\u00e9rie de atividades e paradas. Em Candeias, por exemplo, ter\u00e1 show de Scarleth Sangalo, cover oficial de Ivete Sangalo. Veja abaixo o roteiro e se organize para mostrar seu orgulho.<\/p>\n<p><strong>3\u00aa Paradinha Gay do Toror\u00f3<\/strong><br \/>\nNeste domingo (4), o Grupo Gay da Bahia (GGB) realiza a 3\u00aa Paradinha Gay do Toror\u00f3, dando inicio a V Semana da Diversidade LGBT. O evento ser\u00e1 realizado das 11h \u00e0 \u00a0s 20h30, no Toror\u00f3, em Salvador. No palco Largo do Amparo, as atividades come\u00e7am \u00e0 \u00a0s 11h, com apresenta\u00e7\u00e3o da banda Samba S10. Logo mais, \u00e0 \u00a0s 13h, \u00e9 a vez da banda Samba de Lequinho entrar no palco. Depois os atores transformistas Michelle Lorem, Natasha Vogue, Fabiane Galv\u00e3o, Suzzy di Costa, Luana Lins, Nathalia Stryker, Eyshilla Butterfly &amp; Kimberly Portunaylle, Alehandra Dellavega, Camila Park e Penelope Cardeck animam o p\u00fablico a partir das 15h.<\/p>\n<p>A programa\u00e7\u00e3o ainda inclui apresenta\u00e7\u00f5es da Samba de Farofa, \u00e0 \u00a0s 16h30, D\u00e3o e Caravana Black, \u00e0 \u00a0s 17h30 e Ila Canto Ancestral, \u00e0 \u00a0s 20h30, encerrando a programa\u00e7\u00e3o. Na mesma ocasi\u00e3o ser\u00e1 realizada a coroa\u00e7\u00e3o de Peteleka, personalidade querida da comunidade, como madrinha do evento. Com concentra\u00e7\u00e3o na Pra\u00e7a do Campo da P\u00f3lvora, o in\u00edcio do desfile no mini trio ir\u00e1 come\u00e7ar \u00e0 \u00a0s 15h30, com show de Mr. Armeng. Em seguida, \u00e0 \u00a0s 16h30, Memeu Ramos e Allane Lopes se apresentam. Logo mais a noite, \u00e0 \u00a0s 18h30, \u00e9 a vez da banda Vibe de Patr\u00e3o levar alegria para o p\u00fablico do bairro.<\/p>\n<p><strong>Caminhada LGBT do Sub\u00farbio<br \/>\n<\/strong>Tamb\u00e9m no domingo\u00c2\u00a0acontecer\u00e1 mais uma edi\u00e7\u00e3o da Caminhada LGBT do Sub\u00farbio de Salvador, organizada por Rosy Silva e Alexsandra Leite, ativistas de diversos movimentos sociais promovidos na regi\u00e3o. A Caminhada do Sub\u00farbio busca fortalecer a bandeira da luta contra a homofobia, a viol\u00eancia contra as mulheres e tamb\u00e9m contra todo e qualquer tipo de preconceito. A concentra\u00e7\u00e3o para o in\u00edcio da caminhada, que contar\u00e1 com a presen\u00e7a de um trio el\u00e9trico, ser\u00e1 na rotat\u00f3ria de Paripe, com previs\u00e3o de sa\u00edda para as 15h, percorrendo parte da Av. Suburbana, at\u00e9 a Pra\u00e7a da Revolu\u00e7\u00e3o, em Periperi. A apresentadora oficial do evento ser\u00e1 Valerie Orarah, que comandar\u00e1 a apresenta\u00e7\u00e3o de destaques da cena LGBT, de renomados DJs, de personalidades locais, al\u00e9m da cantora Maryam Santangelo, que vai embalar o trajeto da caminhada com muita m\u00fasica ao vivo, junto ao discurso de paz e respeito a todas as formas de amor.<\/p>\n<p><strong>Diversidade no Rio Sena<\/strong><br \/>\nNeste domingo (4) tamb\u00e9m ocorrer\u00e1 a 1\u00aa Parada da Consci\u00eancia LGBT do Rio Sena, no sub\u00farbio de Salvador. A partir das 14h com sa\u00edda de Ilha Amarela indo at\u00e9 a pra\u00e7a do Rio Sena. O evento ter\u00e1 apresenta\u00e7\u00f5es de pared\u00f5es, pagodes, ax\u00e9 e m\u00fasica pop. O grande diferencial do evento \u00e9 que, ao inv\u00e9s do trio, ter\u00e1 o som conduzido por um pared\u00e3o.<\/p>\n<p><strong>Candeias<br \/>\n<\/strong>A oitava edi\u00e7\u00e3o da parada LGBT \u00c2\u00a0de Candeias,\u00c2\u00a0, na Regi\u00e3o Metropolitana de Salvador, acontecer\u00e1 neste domingo. A festa come\u00e7a\u00c2\u00a0a partir das 15h. A concentra\u00e7\u00e3o ocorre na sa\u00edda do largo do Triangulo e segue no Trio El\u00e9trico at\u00e9 a Rodovi\u00e1ria. Dentre os shows, haver\u00e1 o de Scarleth Sangalo (foto acima), cover oficial de Ivete Sangalo.<\/p>\n<p><strong>Lauro de Freitas<br \/>\n<\/strong>Com o tema S\u00f3 o amor pode acabar com o preconceito acontecer\u00e1 neste domingo (04) a 10\u00aa edi\u00e7\u00e3o da parada do orgulho LGBT de Lauro de Freitas, na Regi\u00e3o Metropolitana de Salvador. A concentra\u00e7\u00e3o come\u00e7ar\u00e1 \u00e0 \u00a0s 13h em frente \u00e0 \u00a0 antiga Mega Insinuante. Haver\u00e1 trios e apresenta\u00e7\u00f5es art\u00edsticas.<\/p>\n","protected":false},"excerpt":{"rendered":"<p>Diversos bairros de Salvador e Regi\u00e3o Metropolitana realizam neste final de semana, que antecede a 15\u00aa edi\u00e7\u00e3o da parada do orgulho LGBT da Bahia, uma s\u00e9rie [&hellip;]<\/p>\n","protected":false},"author":1,"featured_media":6574,"comment_status":"open","ping_status":"open","sticky":false,"template":"","format":"image","meta":{"footnotes":""},"categories":[80,9],"tags":[],"class_list":["post-6573","post","type-post","status-publish","format-image","has-post-thumbnail","hentry","category-home","category-me-orgulho","post_format-post-format-image"],"_links":{"self":[{"href":"https:\/\/blogs.correio24horas.com.br\/mesalte\/wp-json\/wp\/v2\/posts\/6573","targetHints":{"allow":["GET"]}}],"collection":[{"href":"https:\/\/blogs.correio24horas.com.br\/mesalte\/wp-json\/wp\/v2\/posts"}],"about":[{"href":"https:\/\/blogs.correio24horas.com.br\/mesalte\/wp-json\/wp\/v2\/types\/post"}],"author":[{"embeddable":true,"href":"https:\/\/blogs.correio24horas.com.br\/mesalte\/wp-json\/wp\/v2\/users\/1"}],"replies":[{"embeddable":true,"href":"https:\/\/blogs.correio24horas.com.br\/mesalte\/wp-json\/wp\/v2\/comments?post=6573"}],"version-history":[{"count":1,"href":"https:\/\/blogs.correio24horas.com.br\/mesalte\/wp-json\/wp\/v2\/posts\/6573\/revisions"}],"predecessor-version":[{"id":6575,"href":"https:\/\/blogs.correio24horas.com.br\/mesalte\/wp-json\/wp\/v2\/posts\/6573\/revisions\/6575"}],"wp:featuredmedia":[{"embeddable":true,"href":"https:\/\/blogs.correio24horas.com.br\/mesalte\/wp-json\/wp\/v2\/media\/6574"}],"wp:attachment":[{"href":"https:\/\/blogs.correio24horas.com.br\/mesalte\/wp-json\/wp\/v2\/media?parent=6573"}],"wp:term":[{"taxonomy":"category","embeddable":true,"href":"https:\/\/blogs.correio24horas.com.br\/mesalte\/wp-json\/wp\/v2\/categories?post=6573"},{"taxonomy":"post_tag","embeddable":true,"href":"https:\/\/blogs.correio24horas.com.br\/mesalte\/wp-json\/wp\/v2\/tags?post=6573"}],"curies":[{"name":"wp","href":"https:\/\/api.w.org\/{rel}","templated":true}]}}