{"id":6566,"date":"2016-09-02T16:36:08","date_gmt":"2016-09-02T19:36:08","guid":{"rendered":"http:\/\/www.correio24horas.com.br\/blogs\/mesalte\/?p=6566"},"modified":"2016-09-02T16:44:19","modified_gmt":"2016-09-02T19:44:19","slug":"euvira-performer-da-bahia-que-esta-fazendo-sucesso-em-sp-faz-curta-temporada-em-salvador","status":"publish","type":"post","link":"https:\/\/blogs.correio24horas.com.br\/mesalte\/euvira-performer-da-bahia-que-esta-fazendo-sucesso-em-sp-faz-curta-temporada-em-salvador\/","title":{"rendered":"Euvira, performer da Bahia que est\u00e1 fazendo sucesso em SP, faz curta temporada em Salvador"},"content":{"rendered":"<p>Euvira lacra! Quem acompanha o Me Salte desde o come\u00e7o ficou acostumado em ver a face contestadora dela por aqui. Mas, ela est\u00e1 afastada da cena soteropolitana por raz\u00f5es especiais: ela est\u00e1 arrasando na cena de S\u00e3o Paulo no trabalho com performer. Esse m\u00eas, ela far\u00e1 uma curta temporada em Salvador com direito at\u00e9 a performar em cima de um trio el\u00e9trico na 15\u00aa Parada do Orgulho LGBT da Bahia &#8211; que ela denominou de dend\u00ea tour.<\/p>\n<p>Na terra da garoa, a Euvira drag &#8211; que tinha um estilo mais focado em makes e figurinos em tons de preto &#8211; deu lugar a Euvira mais performer. &#8220;Atualmente eu tenho trabalhado muito mais como performer do que como drag e quando digo isso n\u00e3o quero dizer que drag n\u00e3o seja um ato perform\u00e1tico, mas sim que n\u00e3o tenho feito shows de dublagem, minhas maquiagens s\u00e3o bem distintas da Euvira &#8216;cl\u00e1ssica&#8217; (preto, salto alto, turbante&#8230;)&#8221;, contou Euvira, em entrevista exclusiva ao Me Salte.<\/p>\n<p><img loading=\"lazy\" decoding=\"async\" class=\"aligncenter size-large wp-image-6568\" src=\"http:\/\/www.correio24horas.com.br\/blogs\/mesalte\/wp-content\/uploads\/2016\/09\/Euvira-por-Carlos-Sales1-1024x1024.jpg\" alt=\"Euvira por Carlos Sales1\" width=\"1024\" height=\"1024\" srcset=\"https:\/\/blogs.correio24h.com.br\/mesalte\/wp-content\/uploads\/2016\/09\/Euvira-por-Carlos-Sales1-1024x1024.jpg 1024w, https:\/\/blogs.correio24h.com.br\/mesalte\/wp-content\/uploads\/2016\/09\/Euvira-por-Carlos-Sales1-150x150.jpg 150w, https:\/\/blogs.correio24h.com.br\/mesalte\/wp-content\/uploads\/2016\/09\/Euvira-por-Carlos-Sales1-300x300.jpg 300w, https:\/\/blogs.correio24h.com.br\/mesalte\/wp-content\/uploads\/2016\/09\/Euvira-por-Carlos-Sales1-768x768.jpg 768w, https:\/\/blogs.correio24h.com.br\/mesalte\/wp-content\/uploads\/2016\/09\/Euvira-por-Carlos-Sales1-146x146.jpg 146w, https:\/\/blogs.correio24h.com.br\/mesalte\/wp-content\/uploads\/2016\/09\/Euvira-por-Carlos-Sales1-50x50.jpg 50w, https:\/\/blogs.correio24h.com.br\/mesalte\/wp-content\/uploads\/2016\/09\/Euvira-por-Carlos-Sales1-80x80.jpg 80w, https:\/\/blogs.correio24h.com.br\/mesalte\/wp-content\/uploads\/2016\/09\/Euvira-por-Carlos-Sales1-75x75.jpg 75w, https:\/\/blogs.correio24h.com.br\/mesalte\/wp-content\/uploads\/2016\/09\/Euvira-por-Carlos-Sales1-85x85.jpg 85w\" sizes=\"auto, (max-width: 1024px) 100vw, 1024px\" \/><\/p>\n<p>Atualmente, Euvira \u00e9 hostess residente em duas badaladas festas &#8211; a ODD e a BLUM &#8211; que s\u00e3o festas de m\u00fasica tecno. Ela tamb\u00e9m est\u00e1 performando na Mamba Negra, festa de m\u00fasica tecno, e na Kevin, que \u00e9 uma festa de\u00c2\u00a0acontece num clube de sexo\/sauna.<\/p>\n<p>Euvira conta que, com a viv\u00eancia em S\u00e3o Paulo com outras drags e performers, tem explorado outros caminhos art\u00edsticos. &#8220;Tenho me reiventado e inovado na monta\u00e7\u00e3o com muita influ\u00eancia da cultura clubber e tranimal &#8211; semelhante ao que Malayka SN (aqui de Salvador) faz e tenho me inspirado muito nela pra desenvolver minha imagem visual nessas festas&#8221;, conta Euvira que antes de ir para S\u00e3o Paulo dividia o palco \u00e0 \u00a0s ter\u00e7as no bar \u00c2ncora do Marujo com Malayka SN.<\/p>\n<p>Mas, apesar de ter mudado a forma de se montar e se apresentar, ela garante que n\u00e3o mudou a sua ess\u00eancia tem\u00e1tica: &#8220;N\u00e3o deixo de lado minhas den\u00fancias contra o racismo e os padr\u00f5es de beleza. Aqui em S\u00e3o Paulo existe muito racismo e de forma bem velada, mas n\u00e3o deixo passar nada. Estou sempre questionando as pessoas, os produtores, os artistas e mostro que o fato deu vindo da Bahia\/Nordeste \u00c2\u00a0n\u00e3o \u00e9 motivo pra eu ser tratada de qualquer maneira. Eu protesto sempre, seja nas minhas performances seja nos meus mini text\u00f5es no facebook&#8221;, destacou Euvira &#8211; do jeito que a gente gosta e conhece!<\/p>\n<p><img loading=\"lazy\" decoding=\"async\" class=\"aligncenter size-large wp-image-6569\" src=\"http:\/\/www.correio24horas.com.br\/blogs\/mesalte\/wp-content\/uploads\/2016\/09\/Euvira-pra-BLUM-por-Guilherme-Alonso-1024x1024.jpg\" alt=\"Euvira pra BLUM por Guilherme Alonso\" width=\"1024\" height=\"1024\" srcset=\"https:\/\/blogs.correio24h.com.br\/mesalte\/wp-content\/uploads\/2016\/09\/Euvira-pra-BLUM-por-Guilherme-Alonso-1024x1024.jpg 1024w, https:\/\/blogs.correio24h.com.br\/mesalte\/wp-content\/uploads\/2016\/09\/Euvira-pra-BLUM-por-Guilherme-Alonso-150x150.jpg 150w, https:\/\/blogs.correio24h.com.br\/mesalte\/wp-content\/uploads\/2016\/09\/Euvira-pra-BLUM-por-Guilherme-Alonso-300x300.jpg 300w, https:\/\/blogs.correio24h.com.br\/mesalte\/wp-content\/uploads\/2016\/09\/Euvira-pra-BLUM-por-Guilherme-Alonso-768x768.jpg 768w, https:\/\/blogs.correio24h.com.br\/mesalte\/wp-content\/uploads\/2016\/09\/Euvira-pra-BLUM-por-Guilherme-Alonso-146x146.jpg 146w, https:\/\/blogs.correio24h.com.br\/mesalte\/wp-content\/uploads\/2016\/09\/Euvira-pra-BLUM-por-Guilherme-Alonso-50x50.jpg 50w, https:\/\/blogs.correio24h.com.br\/mesalte\/wp-content\/uploads\/2016\/09\/Euvira-pra-BLUM-por-Guilherme-Alonso-80x80.jpg 80w, https:\/\/blogs.correio24h.com.br\/mesalte\/wp-content\/uploads\/2016\/09\/Euvira-pra-BLUM-por-Guilherme-Alonso-75x75.jpg 75w, https:\/\/blogs.correio24h.com.br\/mesalte\/wp-content\/uploads\/2016\/09\/Euvira-pra-BLUM-por-Guilherme-Alonso-85x85.jpg 85w, https:\/\/blogs.correio24h.com.br\/mesalte\/wp-content\/uploads\/2016\/09\/Euvira-pra-BLUM-por-Guilherme-Alonso.jpg 1365w\" sizes=\"auto, (max-width: 1024px) 100vw, 1024px\" \/><\/p>\n<p>&#8220;N\u00e3o vim para S\u00e3o Paulo tentar a sorte. Eu vim porque a noite de S\u00e3o Paulo precisava me conhecer e me ouvir. Me coloco como um artista maduro e inteligente e n\u00e3o um nordestino matuto como \u00e9 costume de se pensar\/falar aqui&#8221;, alerta Euvira que j\u00e1 est\u00e1 em S\u00e3o Paulo h\u00e1 tr\u00eas meses.<\/p>\n<p>Al\u00e9m disso, est\u00e1 trabalhando no Centro de Cidadania LGBT de SP como articulador\/produtor cultural organizando eventos nas ruas, com a unidade m\u00f3vel, pra promover os servi\u00e7os que o Centro oferece. &#8220;Aos domingos me apresento no Largo do Arouche fazendo show semelhante ao que Valerie O&#8217;rarah faz na Creperia \u00c2\u00a0La Bouche, em Salvador. Vale lembrar que Valerie foi\/\u00e9 minha grande influ\u00eancia na arte do transformismo e dublagem&#8221;, enfatizou Euvira.<\/p>\n<p>&nbsp;<\/p>\n<div id=\"attachment_3784\" style=\"width: 778px\" class=\"wp-caption aligncenter\"><img loading=\"lazy\" decoding=\"async\" aria-describedby=\"caption-attachment-3784\" class=\"size-large wp-image-3784\" src=\"http:\/\/www.correio24horas.com.br\/blogs\/mesalte\/wp-content\/uploads\/2016\/05\/Euvira-768x1024.jpg\" alt=\"Euvira no concurso Antropofagia Drag Queen, em Salvador, antes de embarcar para S\u00e3o Paulo\" width=\"768\" height=\"1024\" srcset=\"https:\/\/blogs.correio24h.com.br\/mesalte\/wp-content\/uploads\/2016\/05\/Euvira-768x1024.jpg 768w, https:\/\/blogs.correio24h.com.br\/mesalte\/wp-content\/uploads\/2016\/05\/Euvira-225x300.jpg 225w, https:\/\/blogs.correio24h.com.br\/mesalte\/wp-content\/uploads\/2016\/05\/Euvira-110x146.jpg 110w, https:\/\/blogs.correio24h.com.br\/mesalte\/wp-content\/uploads\/2016\/05\/Euvira-38x50.jpg 38w, https:\/\/blogs.correio24h.com.br\/mesalte\/wp-content\/uploads\/2016\/05\/Euvira-56x75.jpg 56w\" sizes=\"auto, (max-width: 768px) 100vw, 768px\" \/><p id=\"caption-attachment-3784\" class=\"wp-caption-text\">Euvira no concurso Antropofagia Drag Queen, em Salvador, antes de embarcar para S\u00e3o Paulo<\/p><\/div>\n<p><strong>T\u00e1 com saudades de Euvira? Veja detalhes da Dend\u00ea Tour!<br \/>\n<\/strong>Nesta ter\u00e7a-feira (6) \u00c2\u00a0come\u00e7a a Dend\u00ea Tour de Euvira em Salvador. A partir das 0h, ela volta a se apresentar na Ter\u00e7a Mais Estranha do Mundo &#8211; no bar \u00c2ncora do Marujo na Rua Carlos Gomes\/ingresso: R$ 5 &#8211; que agora segue a todo vapor sob o comanda de Malayka.\u00c2\u00a0<span style=\"line-height: 1.5;\">&#8220;Estou muito feliz em poder voltar pro \u00c2ncora e saber que o projeto que eu construir de criar um espa\u00e7o onde diversas linguagens art\u00edsticas e diversos tipos de artista pudessem de expressar de forma livre est\u00e1 forte e cada dia melhor<\/span><span style=\"line-height: 1.5;\">. Is<\/span><span style=\"line-height: 1.5;\">so n\u00e3o seria poss\u00edvel sem a intelige\u00eacia, a for\u00e7a e a poesia de Malayka. O \u00c2ncora \u00e9 minha casa, minha maternidade e minha escola e eu sempre vou levar aquele lugar e as pessoas que trabalham l\u00e1 no meu cora\u00e7\u00e3o&#8221;.\u00c2\u00a0<\/span><\/p>\n<p>Nos dias 08, 09 e 11 de setembro, Euvira vai participar da II Semana fora do arm\u00e1rio. &#8220;No dia 08 eu performo no Passeio Publico junto com os djs da Batekoo, Afrobapho, Tombo e Pragtecno-ba \u00e0 \u00a0s 20h. No dia 09 vou performar na TROPOS Co. no Rio Vermelho e no dia 11 vou ser a Margareth Menezes por um dia e puxar o trio da Secretaria de Justi\u00e7a, Direitos Humanos e Direitos Sociais \u00e0 \u00a0s 15h no Campo Grande&#8221;, conta Euvira que no dia seguinte voltar\u00e1 para o frio da paulic\u00e9ia desvairada.<\/p>\n","protected":false},"excerpt":{"rendered":"<p>Euvira lacra! Quem acompanha o Me Salte desde o come\u00e7o ficou acostumado em ver a face contestadora dela por aqui. Mas, ela est\u00e1 afastada da cena [&hellip;]<\/p>\n","protected":false},"author":1,"featured_media":6567,"comment_status":"open","ping_status":"open","sticky":false,"template":"","format":"image","meta":{"footnotes":""},"categories":[80,25],"tags":[],"class_list":["post-6566","post","type-post","status-publish","format-image","has-post-thumbnail","hentry","category-home","category-me-transformo","post_format-post-format-image"],"_links":{"self":[{"href":"https:\/\/blogs.correio24horas.com.br\/mesalte\/wp-json\/wp\/v2\/posts\/6566","targetHints":{"allow":["GET"]}}],"collection":[{"href":"https:\/\/blogs.correio24horas.com.br\/mesalte\/wp-json\/wp\/v2\/posts"}],"about":[{"href":"https:\/\/blogs.correio24horas.com.br\/mesalte\/wp-json\/wp\/v2\/types\/post"}],"author":[{"embeddable":true,"href":"https:\/\/blogs.correio24horas.com.br\/mesalte\/wp-json\/wp\/v2\/users\/1"}],"replies":[{"embeddable":true,"href":"https:\/\/blogs.correio24horas.com.br\/mesalte\/wp-json\/wp\/v2\/comments?post=6566"}],"version-history":[{"count":3,"href":"https:\/\/blogs.correio24horas.com.br\/mesalte\/wp-json\/wp\/v2\/posts\/6566\/revisions"}],"predecessor-version":[{"id":6572,"href":"https:\/\/blogs.correio24horas.com.br\/mesalte\/wp-json\/wp\/v2\/posts\/6566\/revisions\/6572"}],"wp:featuredmedia":[{"embeddable":true,"href":"https:\/\/blogs.correio24horas.com.br\/mesalte\/wp-json\/wp\/v2\/media\/6567"}],"wp:attachment":[{"href":"https:\/\/blogs.correio24horas.com.br\/mesalte\/wp-json\/wp\/v2\/media?parent=6566"}],"wp:term":[{"taxonomy":"category","embeddable":true,"href":"https:\/\/blogs.correio24horas.com.br\/mesalte\/wp-json\/wp\/v2\/categories?post=6566"},{"taxonomy":"post_tag","embeddable":true,"href":"https:\/\/blogs.correio24horas.com.br\/mesalte\/wp-json\/wp\/v2\/tags?post=6566"}],"curies":[{"name":"wp","href":"https:\/\/api.w.org\/{rel}","templated":true}]}}