{"id":6547,"date":"2016-09-02T10:40:18","date_gmt":"2016-09-02T13:40:18","guid":{"rendered":"http:\/\/www.correio24horas.com.br\/blogs\/mesalte\/?p=6547"},"modified":"2016-09-02T11:24:51","modified_gmt":"2016-09-02T14:24:51","slug":"entrevistacomclaudialeitte","status":"publish","type":"post","link":"https:\/\/blogs.correio24horas.com.br\/mesalte\/entrevistacomclaudialeitte\/","title":{"rendered":"&#8220;O p\u00fablico gay \u00e9 o meu p\u00fablico. \u00c9 a massa que me segue&#8221;, diz Claudia Leitte; veja v\u00eddeo com entrevista"},"content":{"rendered":"<p>A cantora Claudia Leitte j\u00e1 foi envolvida em v\u00e1rias pol\u00eamicas relacionando o p\u00fablico gay com sua carreira. A maior delas, em 2012, quando disse em um programa de televis\u00e3o que n\u00e3o aceitaria que seu primeiro filho, Davi, fosse gay.\u00c2\u00a0Para falar sobre essas quest\u00f5es e tamb\u00e9m sua carreira e perspectivas para o Carnaval, <a href=\"http:\/\/www.correio24horas.com.br\/blogs\/mesalte\/san-sebastian-reuniu-14-mil-pessoas-em-quatro-festas-de-aniversario\/\" target=\"_blank\">Claudia recebeu a equipe do Me Salte nos bastidores da festa de anivers\u00e1rio do Clube San Sebastian, que ela fez em Salvador.<\/a><\/p>\n<p>J\u00e1 na primeira resposta, ela se declarou ao p\u00fablico gay deixando claro que qualquer mal entendido teria ficado no passado.\u00c2\u00a0&#8220;O p\u00fablico gay \u00e9 o meu p\u00fablico. \u00c9 a massa que me segue&#8221;, afirmou ela que \u00e9 seguida em seus shows e blocos de Carnaval quase em sua totalidade por gays.<\/p>\n<p>A cantora criticou a rotula\u00e7\u00e3o que as pessoas colocam nela. &#8220;As pessoas precisam de r\u00f3tulo para definir as outras (&#8230;) \u00c9 um saco isso (&#8230;) A rela\u00e7\u00e3o que tenho com o p\u00fablico gay \u00e9 t\u00e3o saud\u00e1vel&#8221;, destacou. \u00c2\u00a0Claudia ainda admitiu &#8211; mesmo sem explicar quais teriam sido &#8211; erros com rela\u00e7\u00e3o \u00e0 \u00a0 suas posi\u00e7\u00f5es. &#8220;Eu fui uma menina hoje eu sou uma mulher. (&#8230;) claro que sou um ser humano e a gente comete erros&#8221;.<\/p>\n<p>Na entrevista, ela ainda falou sobre carreira internacional e foco do carnaval \u00e9 Salvador. Esse ano, ela foi madrinha de bateria da escola de samba carioca Mocidade Independente de Padre Miguel. Esse ano, ela disse que tem recebido convites para shows durante o carnaval, mas que seu foco \u00e9 a folia em Salvador.<\/p>\n<p><strong>Veja a entrevista completa<\/strong><\/p>\n<p><iframe loading=\"lazy\" src=\"https:\/\/www.youtube.com\/embed\/9ygPiSbZNMI\" width=\"560\" height=\"315\" frameborder=\"0\" allowfullscreen=\"allowfullscreen\"><\/iframe><\/p>\n","protected":false},"excerpt":{"rendered":"<p>A cantora Claudia Leitte j\u00e1 foi envolvida em v\u00e1rias pol\u00eamicas relacionando o p\u00fablico gay com sua carreira. A maior delas, em 2012, quando disse em um [&hellip;]<\/p>\n","protected":false},"author":1,"featured_media":6548,"comment_status":"open","ping_status":"open","sticky":false,"template":"","format":"image","meta":{"footnotes":""},"categories":[28,80,26],"tags":[566,570,569,565,181,563,564,571,568,567],"class_list":["post-6547","post","type-post","status-publish","format-image","has-post-thumbnail","hentry","category-farofa-digital","category-home","category-me-inspiro","tag-carnaval","tag-claudia-e-gays","tag-claudia-leitte","tag-claudiagays","tag-claudialeitte","tag-corazon","tag-corazontour","tag-gays-e-claudia-leitte","tag-gayseclaudialeitte","tag-largadinho","post_format-post-format-image"],"_links":{"self":[{"href":"https:\/\/blogs.correio24horas.com.br\/mesalte\/wp-json\/wp\/v2\/posts\/6547","targetHints":{"allow":["GET"]}}],"collection":[{"href":"https:\/\/blogs.correio24horas.com.br\/mesalte\/wp-json\/wp\/v2\/posts"}],"about":[{"href":"https:\/\/blogs.correio24horas.com.br\/mesalte\/wp-json\/wp\/v2\/types\/post"}],"author":[{"embeddable":true,"href":"https:\/\/blogs.correio24horas.com.br\/mesalte\/wp-json\/wp\/v2\/users\/1"}],"replies":[{"embeddable":true,"href":"https:\/\/blogs.correio24horas.com.br\/mesalte\/wp-json\/wp\/v2\/comments?post=6547"}],"version-history":[{"count":5,"href":"https:\/\/blogs.correio24horas.com.br\/mesalte\/wp-json\/wp\/v2\/posts\/6547\/revisions"}],"predecessor-version":[{"id":6553,"href":"https:\/\/blogs.correio24horas.com.br\/mesalte\/wp-json\/wp\/v2\/posts\/6547\/revisions\/6553"}],"wp:featuredmedia":[{"embeddable":true,"href":"https:\/\/blogs.correio24horas.com.br\/mesalte\/wp-json\/wp\/v2\/media\/6548"}],"wp:attachment":[{"href":"https:\/\/blogs.correio24horas.com.br\/mesalte\/wp-json\/wp\/v2\/media?parent=6547"}],"wp:term":[{"taxonomy":"category","embeddable":true,"href":"https:\/\/blogs.correio24horas.com.br\/mesalte\/wp-json\/wp\/v2\/categories?post=6547"},{"taxonomy":"post_tag","embeddable":true,"href":"https:\/\/blogs.correio24horas.com.br\/mesalte\/wp-json\/wp\/v2\/tags?post=6547"}],"curies":[{"name":"wp","href":"https:\/\/api.w.org\/{rel}","templated":true}]}}