{"id":6535,"date":"2016-09-01T18:46:23","date_gmt":"2016-09-01T21:46:23","guid":{"rendered":"http:\/\/www.correio24horas.com.br\/blogs\/mesalte\/?p=6535"},"modified":"2016-09-01T18:58:25","modified_gmt":"2016-09-01T21:58:25","slug":"parada-lgbt-da-bahia-estima-reunir-1-milhao-de-pessoas-em-salvador-dia-11","status":"publish","type":"post","link":"https:\/\/blogs.correio24horas.com.br\/mesalte\/parada-lgbt-da-bahia-estima-reunir-1-milhao-de-pessoas-em-salvador-dia-11\/","title":{"rendered":"Parada LGBT da Bahia estima reunir 1 milh\u00e3o de pessoas em Salvador dia 11 de setembro"},"content":{"rendered":"<p>Misturando busca por respeito, alegria e diversidade acontecer\u00e1 no dia 11 de setembro em Salvador a 15\u00aa edi\u00e7\u00e3o da parada do orgulho LGBT da Bahia. De acordo com Keila Simpson, militante trans e representante do Grupo Gay da Bahia (GGB), a estimativa da entidade \u00e9 reunir 1 milh\u00e3o de pessoas no desfile de trios que sair\u00e1 do Campo Grande em dire\u00e7\u00e3o \u00e0 \u00a0 Pra\u00e7a Castro Alves. A informa\u00e7\u00e3o foi dada na tarde de hoje durante coletiva que lan\u00e7ou a parada, a V semana da diversidade LGBT e tamb\u00e9m a II Semana Fora do Arm\u00e1rio, esta \u00faltima que est\u00e1 sendo promovida pelo Governo do Estado. &#8220;Estamos num tempo que \u00e9 preciso respeitar a diversidade&#8221;, disse Keila na cerim\u00f4nia que aconteceu no Pal\u00e1cio Rio Branco, no Centro Hist\u00f3rico de Salvador.<\/p>\n<p>A secret\u00e1ria municipal de ordem p\u00fablica de Salvador, Rosemma Maluf, que esse ano ser\u00e1 a madrinha da parada ap\u00f3s ter sido <a href=\"http:\/\/www.correio24horas.com.br\/blogs\/mesalte\/o-mundo-precisa-de-mais-amor-e-menos-preconceito-defende-rosemma-maluf-eleita-madrinha-da-parada-lgbt\/\" target=\"_blank\">escolhida por uma enquete feita no Me Salte<\/a>, destacou que \u00e9 preciso lutar pela igualdade.&#8221; Sou uma pessoa que respeita o outro e apoia a luta pelos direitos iguais. Esse deve ser o contexto da parada&#8221; , afirmou.\u00c2\u00a0Tendo como madrinha a Miss Salvador Gay 2016, Petra Peron, o <a href=\"http:\/\/www.correio24horas.com.br\/blogs\/mesalte\/trio-me-salte-veja-como-participar\/\" target=\"_blank\">Me Salte ter\u00e1 um trio na parada que homenagear\u00e1 as divas pop.<\/a><\/p>\n<p><img loading=\"lazy\" decoding=\"async\" class=\"aligncenter size-full wp-image-6536\" src=\"http:\/\/www.correio24horas.com.br\/blogs\/mesalte\/wp-content\/uploads\/2016\/09\/Rosemma-Maluf.jpg\" alt=\"Rosemma Maluf\" width=\"960\" height=\"720\" srcset=\"https:\/\/blogs.correio24h.com.br\/mesalte\/wp-content\/uploads\/2016\/09\/Rosemma-Maluf.jpg 960w, https:\/\/blogs.correio24h.com.br\/mesalte\/wp-content\/uploads\/2016\/09\/Rosemma-Maluf-300x225.jpg 300w, https:\/\/blogs.correio24h.com.br\/mesalte\/wp-content\/uploads\/2016\/09\/Rosemma-Maluf-768x576.jpg 768w, https:\/\/blogs.correio24h.com.br\/mesalte\/wp-content\/uploads\/2016\/09\/Rosemma-Maluf-195x146.jpg 195w, https:\/\/blogs.correio24h.com.br\/mesalte\/wp-content\/uploads\/2016\/09\/Rosemma-Maluf-50x38.jpg 50w, https:\/\/blogs.correio24h.com.br\/mesalte\/wp-content\/uploads\/2016\/09\/Rosemma-Maluf-100x75.jpg 100w\" sizes=\"auto, (max-width: 960px) 100vw, 960px\" \/><\/p>\n<p><strong>Fora do arm\u00e1rio<\/strong><br \/>\nEsse ano acontecer\u00e1, pela segunda vez, a Semana Fora do Arm\u00e1rio, que tem como lema #AParada\u00c9Nossa e \u00e9 organizada pelo governo do estado atrav\u00e9s da coordena\u00e7\u00e3o de pol\u00edticas p\u00fablicas LGBT da Secretaria de Justi\u00e7a, Direitos Humanos e Desenvolvimento Social. Para o titular da pasta, Geraldo Reis, a parada deve &#8220;respeiar a dignidade das pessoas&#8221;.<a href=\"http:\/\/www.correio24horas.com.br\/blogs\/mesalte\/com-o-tema-aparadaenossa-acontece-de-1o-ate-11-de-setembro-a-ii-semana-fora-do-armario\/\" target=\"_blank\">\u00c2\u00a0<\/a>Os coletivos Batekoo, Afrobapho, Tombo e Pragatecno participar\u00e3o dos atos al\u00e9m de drags com performances. &#8220;Queremos combater o racismo tamb\u00e9m dentro do movimento LGBT&#8221;, afirmou Alan Dantas do Afrobapho.\u00c2\u00a0 <a href=\"http:\/\/www.correio24horas.com.br\/blogs\/mesalte\/com-o-tema-aparadaenossa-acontece-de-1o-ate-11-de-setembro-a-ii-semana-fora-do-armario\/\" target=\"_blank\">Veja a programa\u00e7\u00e3o da semana fora do arm\u00e1rio.<\/a><br \/>\n<strong> Paradinha gay<\/strong><br \/>\nNeste domingo (4), o GGB prometo a terceira edi\u00e7\u00e3o da Paradinha Gay do Toror\u00f3 dando in\u00edcio \u00e0 \u00a0 V semana da diversidade LGBT. O evento acontecer\u00e1 das 11h \u00e0 \u00a0s 20h30 no Toror\u00f3 em Salvador. Ao longo do dos acontecer\u00e1 uma s\u00e9rie de apresenta\u00e7\u00f5es art\u00edsticas de samba, com artistas transformistas e desfiles.\u00c2\u00a0A realiza\u00e7\u00e3o da V Semana da Diversidade LGBT e da 15 Parada do Orgulho LGBT da Bahia \u00e9 do GGB e Grupo Quimbanda Dudu com apoio do Me Salte, site Dois Ter\u00e7os, Clube 11, grupo M\u00e3es Pela Diversidade, laborat\u00f3rio Sabin, Itapoan FM e governo do estado da Bahia atrav\u00e9s de secretarias e Bahiatursa.<\/p>\n","protected":false},"excerpt":{"rendered":"<p>Misturando busca por respeito, alegria e diversidade acontecer\u00e1 no dia 11 de setembro em Salvador a 15\u00aa edi\u00e7\u00e3o da parada do orgulho LGBT da Bahia. De [&hellip;]<\/p>\n","protected":false},"author":1,"featured_media":6537,"comment_status":"open","ping_status":"open","sticky":false,"template":"","format":"image","meta":{"footnotes":""},"categories":[80,16],"tags":[],"class_list":["post-6535","post","type-post","status-publish","format-image","has-post-thumbnail","hentry","category-home","category-me-jogo","post_format-post-format-image"],"_links":{"self":[{"href":"https:\/\/blogs.correio24horas.com.br\/mesalte\/wp-json\/wp\/v2\/posts\/6535","targetHints":{"allow":["GET"]}}],"collection":[{"href":"https:\/\/blogs.correio24horas.com.br\/mesalte\/wp-json\/wp\/v2\/posts"}],"about":[{"href":"https:\/\/blogs.correio24horas.com.br\/mesalte\/wp-json\/wp\/v2\/types\/post"}],"author":[{"embeddable":true,"href":"https:\/\/blogs.correio24horas.com.br\/mesalte\/wp-json\/wp\/v2\/users\/1"}],"replies":[{"embeddable":true,"href":"https:\/\/blogs.correio24horas.com.br\/mesalte\/wp-json\/wp\/v2\/comments?post=6535"}],"version-history":[{"count":4,"href":"https:\/\/blogs.correio24horas.com.br\/mesalte\/wp-json\/wp\/v2\/posts\/6535\/revisions"}],"predecessor-version":[{"id":6541,"href":"https:\/\/blogs.correio24horas.com.br\/mesalte\/wp-json\/wp\/v2\/posts\/6535\/revisions\/6541"}],"wp:featuredmedia":[{"embeddable":true,"href":"https:\/\/blogs.correio24horas.com.br\/mesalte\/wp-json\/wp\/v2\/media\/6537"}],"wp:attachment":[{"href":"https:\/\/blogs.correio24horas.com.br\/mesalte\/wp-json\/wp\/v2\/media?parent=6535"}],"wp:term":[{"taxonomy":"category","embeddable":true,"href":"https:\/\/blogs.correio24horas.com.br\/mesalte\/wp-json\/wp\/v2\/categories?post=6535"},{"taxonomy":"post_tag","embeddable":true,"href":"https:\/\/blogs.correio24horas.com.br\/mesalte\/wp-json\/wp\/v2\/tags?post=6535"}],"curies":[{"name":"wp","href":"https:\/\/api.w.org\/{rel}","templated":true}]}}