{"id":6528,"date":"2016-09-01T13:34:18","date_gmt":"2016-09-01T16:34:18","guid":{"rendered":"http:\/\/www.correio24horas.com.br\/blogs\/mesalte\/?p=6528"},"modified":"2016-09-01T13:34:18","modified_gmt":"2016-09-01T16:34:18","slug":"major-oliveira-encerra-temporada-nesta-quinta-1o-no-teatro-vila-velha","status":"publish","type":"post","link":"https:\/\/blogs.correio24horas.com.br\/mesalte\/major-oliveira-encerra-temporada-nesta-quinta-1o-no-teatro-vila-velha\/","title":{"rendered":"Major Oliveira encerra temporada nesta quinta (1\u00ba) no Teatro Vila Velha"},"content":{"rendered":"<p>Encerra nesta quinta-feira (1\u00ba) a temporada do mon\u00f3logo Major Oliveira, que tem em cena o ator Antonio F\u00e1bio. O espet\u00e1culo, que come\u00e7a \u00e0 \u00a0s 20h, \u00c2\u00a0discute a perda de controle da vida humana. O espet\u00e1culo acontece \u00e0 \u00a0s quartas e quintas, \u00e0 \u00a0s 20 horas. Na hist\u00f3ria, um major abandonado no asilo pelos filhos logo ap\u00f3s a instala\u00e7\u00e3o da Comiss\u00e3o da Verdade no Brasil tenta encontrar, de alguma forma, o controle sobre algo em sua vida.<\/p>\n<p>O texto foi\u00c2\u00a0escrito por Daniel Arcades que divide a dire\u00e7\u00e3o do espet\u00e1culo com o ator Antonio F\u00e1bio. &#8220;Estamos acostumados a ver indiv\u00edduos como o Major apenas em situa\u00e7\u00e3o de poder. Partimos da fal\u00eancia destas pessoas, queremos saber o que eles sentem quando n\u00e3o conseguem mais oprimir&#8221;, diz Daniel.<\/p>\n<p>&nbsp;<\/p>\n<p>A montagem partiu de um convite do ator ao dramaturgo para falar sobre a velhice e a tentativa do mundo de romantizar essa etapa da vida numa pe\u00e7a de teatro. A partir da\u00ed, foram quase dois anos de cria\u00e7\u00f5es de hist\u00f3rias, motes e debates para se chegar ao Major Oliveira. Depois de conceberem o que seria a pe\u00e7a, perceberam que ambos estavam t\u00e3o imbu\u00eddos do projeto que seria dif\u00edcil chamar algu\u00e9m para dirigir trabalho t\u00e3o pessoal.<\/p>\n<p><strong>SERVI\u00c7O:<\/strong><br \/>\nEspet\u00e1culo teatral Major Oliveira\u009d<br \/>\nOnde: Teatro Vila Velha &#8211; Av. Sete de Setembro, s\/n &#8211; Passeio P\u00fablico, Salvador &#8211; BA, 40080-005 Telefone: (71) 3083-4600<br \/>\nQuando: Fim da temporada nesta quinta-feira \u00c2\u00a0&#8211; 01 de setembro &#8211; \u00e0 \u00a0s 20h<br \/>\nQuanto: R$20 (inteira) e R$10 (meia)<br \/>\nFaixa et\u00e1ria: 14 anos<\/p>\n<p><strong>FICHA T\u00c9CNICA:<\/strong><br \/>\nMajor Oliveira<br \/>\nTexto: Daniel Arcades<br \/>\nElenco: Antonio F\u00e1bio<br \/>\nEncena\u00e7\u00e3o, dire\u00e7\u00e3o, cenografia, figurino e produ\u00e7\u00e3o: Daniel Arcades e Antonio F\u00e1bio<br \/>\nDire\u00e7\u00e3o Musical e Trilha Sonora: Ronei Jorge<br \/>\nIlumina\u00e7\u00e3o: Nando Z\u00e2mbia<br \/>\nDire\u00e7\u00e3o de Movimento: Edeise Gomes<br \/>\nMaquiagem de Evelyn Barbieri<br \/>\nConsultoria de Figurino: Hamilton Lima<br \/>\nCenot\u00e9cnicos: Gei Correia e Guilherme Barsan\/Armaz\u00e9m Cenogr\u00e1fico<br \/>\nAssist\u00eancia de dire\u00e7\u00e3o e produ\u00e7\u00e3o: Karla Coimbra<br \/>\nV\u00eddeos e identidade Visual: 3art. Filmes (Uendel Galter, Hermann Jacques e Marcinho Zachariadhes)<br \/>\nFotografia: Uendel Galter<\/p>\n","protected":false},"excerpt":{"rendered":"<p>Encerra nesta quinta-feira (1\u00ba) a temporada do mon\u00f3logo Major Oliveira, que tem em cena o ator Antonio F\u00e1bio. O espet\u00e1culo, que come\u00e7a \u00e0 \u00a0s 20h, \u00c2\u00a0discute [&hellip;]<\/p>\n","protected":false},"author":1,"featured_media":6529,"comment_status":"open","ping_status":"open","sticky":false,"template":"","format":"image","meta":{"footnotes":""},"categories":[80,16],"tags":[],"class_list":["post-6528","post","type-post","status-publish","format-image","has-post-thumbnail","hentry","category-home","category-me-jogo","post_format-post-format-image"],"_links":{"self":[{"href":"https:\/\/blogs.correio24horas.com.br\/mesalte\/wp-json\/wp\/v2\/posts\/6528","targetHints":{"allow":["GET"]}}],"collection":[{"href":"https:\/\/blogs.correio24horas.com.br\/mesalte\/wp-json\/wp\/v2\/posts"}],"about":[{"href":"https:\/\/blogs.correio24horas.com.br\/mesalte\/wp-json\/wp\/v2\/types\/post"}],"author":[{"embeddable":true,"href":"https:\/\/blogs.correio24horas.com.br\/mesalte\/wp-json\/wp\/v2\/users\/1"}],"replies":[{"embeddable":true,"href":"https:\/\/blogs.correio24horas.com.br\/mesalte\/wp-json\/wp\/v2\/comments?post=6528"}],"version-history":[{"count":1,"href":"https:\/\/blogs.correio24horas.com.br\/mesalte\/wp-json\/wp\/v2\/posts\/6528\/revisions"}],"predecessor-version":[{"id":6530,"href":"https:\/\/blogs.correio24horas.com.br\/mesalte\/wp-json\/wp\/v2\/posts\/6528\/revisions\/6530"}],"wp:featuredmedia":[{"embeddable":true,"href":"https:\/\/blogs.correio24horas.com.br\/mesalte\/wp-json\/wp\/v2\/media\/6529"}],"wp:attachment":[{"href":"https:\/\/blogs.correio24horas.com.br\/mesalte\/wp-json\/wp\/v2\/media?parent=6528"}],"wp:term":[{"taxonomy":"category","embeddable":true,"href":"https:\/\/blogs.correio24horas.com.br\/mesalte\/wp-json\/wp\/v2\/categories?post=6528"},{"taxonomy":"post_tag","embeddable":true,"href":"https:\/\/blogs.correio24horas.com.br\/mesalte\/wp-json\/wp\/v2\/tags?post=6528"}],"curies":[{"name":"wp","href":"https:\/\/api.w.org\/{rel}","templated":true}]}}