{"id":6327,"date":"2016-08-23T11:23:11","date_gmt":"2016-08-23T14:23:11","guid":{"rendered":"http:\/\/www.correio24horas.com.br\/blogs\/mesalte\/?p=6327"},"modified":"2016-08-23T11:32:16","modified_gmt":"2016-08-23T14:32:16","slug":"justin-bieber-vem-ao-brasil-em-2017-com-sua-nova-turne-afirma-jornal","status":"publish","type":"post","link":"https:\/\/blogs.correio24horas.com.br\/mesalte\/justin-bieber-vem-ao-brasil-em-2017-com-sua-nova-turne-afirma-jornal\/","title":{"rendered":"Justin Bieber vem ao Brasil em 2017 com sua nova turn\u00ea, afirma jornal"},"content":{"rendered":"<p>Preparem o cora\u00e7\u00e3o e o bolso. Justin Bieber vir\u00e1 para o Brasil em 2017 com a sua turn\u00ea &#8220;Purpose World Tour&#8221;. Essa \u00e9 a informa\u00e7\u00e3o que foi publicada nesta ter\u00e7a-feira (23) pelo jornal Destak. A publica\u00e7\u00e3o indicou que o artista est\u00e1 em negocia\u00e7\u00e3o e fazendo reservas de est\u00e1dios para fazer sua terceira turn\u00ea da carreira do Brasil.<\/p>\n<p>As apresenta\u00e7\u00f5es aconteceriam entre mar\u00e7o e in\u00edcio de abril de 2017. A not\u00edcia est\u00e1 movimentando o cora\u00e7\u00e3o dos f\u00e3s do cantor. A hashtag #PurposeTourBrazil tem dominado os Trending Topics nesta manh\u00e3. Vamos torcer para ser verdade e, de quebra, que venha aqui para Salvador. J\u00e1 pensou Justin na Fonte Nova? #meusonho<\/p>\n<p>E essa n\u00e3o \u00e9 a \u00fanica alegria que os f\u00e3s do cantor tiveram recentemente. <a href=\"http:\/\/www.correio24horas.com.br\/blogs\/mesalte\/18-anos-cai-na-internet-foto-do-justin-bieber-nu-sem-tarja-e-em-alta-qualidade-veja\/\" target=\"_blank\">Lembra das nudes do cantor que vazaram? <\/a>Ai ai Justin! Vem logo \ud83d\ude42<\/p>\n<p><strong>Vamos treinar!<\/strong><br \/>\n<iframe loading=\"lazy\" src=\"https:\/\/www.youtube.com\/embed\/DK_0jXPuIr0\" width=\"560\" height=\"315\" frameborder=\"0\" allowfullscreen=\"allowfullscreen\"><\/iframe><\/p>\n","protected":false},"excerpt":{"rendered":"<p>Preparem o cora\u00e7\u00e3o e o bolso. Justin Bieber vir\u00e1 para o Brasil em 2017 com a sua turn\u00ea &#8220;Purpose World Tour&#8221;. Essa \u00e9 a informa\u00e7\u00e3o que [&hellip;]<\/p>\n","protected":false},"author":1,"featured_media":6086,"comment_status":"open","ping_status":"open","sticky":false,"template":"","format":"image","meta":{"footnotes":""},"categories":[80,27,16],"tags":[467,528,527],"class_list":["post-6327","post","type-post","status-publish","format-image","has-post-thumbnail","hentry","category-home","category-me-abano","category-me-jogo","tag-justin-bieber","tag-nudes-justin-bieber","tag-purposetourbrazil","post_format-post-format-image"],"_links":{"self":[{"href":"https:\/\/blogs.correio24horas.com.br\/mesalte\/wp-json\/wp\/v2\/posts\/6327","targetHints":{"allow":["GET"]}}],"collection":[{"href":"https:\/\/blogs.correio24horas.com.br\/mesalte\/wp-json\/wp\/v2\/posts"}],"about":[{"href":"https:\/\/blogs.correio24horas.com.br\/mesalte\/wp-json\/wp\/v2\/types\/post"}],"author":[{"embeddable":true,"href":"https:\/\/blogs.correio24horas.com.br\/mesalte\/wp-json\/wp\/v2\/users\/1"}],"replies":[{"embeddable":true,"href":"https:\/\/blogs.correio24horas.com.br\/mesalte\/wp-json\/wp\/v2\/comments?post=6327"}],"version-history":[{"count":3,"href":"https:\/\/blogs.correio24horas.com.br\/mesalte\/wp-json\/wp\/v2\/posts\/6327\/revisions"}],"predecessor-version":[{"id":6330,"href":"https:\/\/blogs.correio24horas.com.br\/mesalte\/wp-json\/wp\/v2\/posts\/6327\/revisions\/6330"}],"wp:featuredmedia":[{"embeddable":true,"href":"https:\/\/blogs.correio24horas.com.br\/mesalte\/wp-json\/wp\/v2\/media\/6086"}],"wp:attachment":[{"href":"https:\/\/blogs.correio24horas.com.br\/mesalte\/wp-json\/wp\/v2\/media?parent=6327"}],"wp:term":[{"taxonomy":"category","embeddable":true,"href":"https:\/\/blogs.correio24horas.com.br\/mesalte\/wp-json\/wp\/v2\/categories?post=6327"},{"taxonomy":"post_tag","embeddable":true,"href":"https:\/\/blogs.correio24horas.com.br\/mesalte\/wp-json\/wp\/v2\/tags?post=6327"}],"curies":[{"name":"wp","href":"https:\/\/api.w.org\/{rel}","templated":true}]}}