{"id":6323,"date":"2016-08-22T17:21:50","date_gmt":"2016-08-22T20:21:50","guid":{"rendered":"http:\/\/www.correio24horas.com.br\/blogs\/mesalte\/?p=6323"},"modified":"2016-08-22T17:21:50","modified_gmt":"2016-08-22T20:21:50","slug":"projeto-expoe-relatos-de-mulheres-sobre-assedio-no-campo-grande","status":"publish","type":"post","link":"https:\/\/blogs.correio24horas.com.br\/mesalte\/projeto-expoe-relatos-de-mulheres-sobre-assedio-no-campo-grande\/","title":{"rendered":"Projeto exp\u00f5e relatos de mulheres sobre ass\u00e9dio no Campo Grande"},"content":{"rendered":"<p>Acontecer\u00e1 em Salvador entre ter\u00e7a-feira (23) e quinta-feira (25) o projeto <strong>\u00c2\u00a0T\u00f4 Na Rua, mas n\u00e3o sou sua<\/strong>. Com objetivo de expor casos de ass\u00e9dio sofrido pelas mulheres nas ruas de Salvador, a interven\u00e7\u00e3o p\u00fablica gratuita acontece na Pra\u00e7a Campo Grande, das 11h \u00e0 \u00a0s 17h.<\/p>\n<p>A\u00c2\u00a0produtora cultural e idealizadora do projeto, Larissa Novais, explica que foram\u00c2\u00a0coletadas 10 hist\u00f3rias de diferentes mulheres, que contam com suas vozes e emo\u00e7\u00f5es um caso de viol\u00eancia sofrido nas ruas, falam como se sentem em rela\u00e7\u00e3o ao ass\u00e9dio e direcionam uma mensagem aos homens que realizam essas a\u00e7\u00f5es cotidianamente.<\/p>\n<p>&#8220;O objetivo \u00e9 discutir o ass\u00e9dio sofrido nas ruas e potencializar o alcance das vozes femininas atrav\u00e9s da ocupa\u00e7\u00e3o do espa\u00e7o p\u00fablico. O projeto pretende gerar uma reflex\u00e3o sobre o tema, gerando a percep\u00e7\u00e3o de que cantada de rua\u009d n\u00e3o \u00e9 elogio, n\u00e3o \u00e9 algo normal e aceit\u00e1vel&#8221;, explica Larissa.<\/p>\n<p>O <strong>T\u00f4 na Rua, mas n\u00e3o sou sua<\/strong> foi idealizado para um trabalho de Conclus\u00e3o de Curso de Produ\u00e7\u00e3o Cultural da Universidade Federal da Bahia, que uniu a inquieta\u00e7\u00e3o da estudante com os ass\u00e9dios sofridos cotidianamente com a sua percep\u00e7\u00e3o de que \u00e9 necess\u00e1rio ocupar os espa\u00e7os p\u00fablicos, local que esse tipo de viol\u00eancia acontece, para potencializar as a\u00e7\u00f5es que lutam pelo direito e espa\u00e7o da mulher.<\/p>\n","protected":false},"excerpt":{"rendered":"<p>Acontecer\u00e1 em Salvador entre ter\u00e7a-feira (23) e quinta-feira (25) o projeto \u00c2\u00a0T\u00f4 Na Rua, mas n\u00e3o sou sua. Com objetivo de expor casos de ass\u00e9dio sofrido [&hellip;]<\/p>\n","protected":false},"author":1,"featured_media":6324,"comment_status":"open","ping_status":"open","sticky":false,"template":"","format":"image","meta":{"footnotes":""},"categories":[80,24],"tags":[],"class_list":["post-6323","post","type-post","status-publish","format-image","has-post-thumbnail","hentry","category-home","category-me-cuido","post_format-post-format-image"],"_links":{"self":[{"href":"https:\/\/blogs.correio24horas.com.br\/mesalte\/wp-json\/wp\/v2\/posts\/6323","targetHints":{"allow":["GET"]}}],"collection":[{"href":"https:\/\/blogs.correio24horas.com.br\/mesalte\/wp-json\/wp\/v2\/posts"}],"about":[{"href":"https:\/\/blogs.correio24horas.com.br\/mesalte\/wp-json\/wp\/v2\/types\/post"}],"author":[{"embeddable":true,"href":"https:\/\/blogs.correio24horas.com.br\/mesalte\/wp-json\/wp\/v2\/users\/1"}],"replies":[{"embeddable":true,"href":"https:\/\/blogs.correio24horas.com.br\/mesalte\/wp-json\/wp\/v2\/comments?post=6323"}],"version-history":[{"count":1,"href":"https:\/\/blogs.correio24horas.com.br\/mesalte\/wp-json\/wp\/v2\/posts\/6323\/revisions"}],"predecessor-version":[{"id":6325,"href":"https:\/\/blogs.correio24horas.com.br\/mesalte\/wp-json\/wp\/v2\/posts\/6323\/revisions\/6325"}],"wp:featuredmedia":[{"embeddable":true,"href":"https:\/\/blogs.correio24horas.com.br\/mesalte\/wp-json\/wp\/v2\/media\/6324"}],"wp:attachment":[{"href":"https:\/\/blogs.correio24horas.com.br\/mesalte\/wp-json\/wp\/v2\/media?parent=6323"}],"wp:term":[{"taxonomy":"category","embeddable":true,"href":"https:\/\/blogs.correio24horas.com.br\/mesalte\/wp-json\/wp\/v2\/categories?post=6323"},{"taxonomy":"post_tag","embeddable":true,"href":"https:\/\/blogs.correio24horas.com.br\/mesalte\/wp-json\/wp\/v2\/tags?post=6323"}],"curies":[{"name":"wp","href":"https:\/\/api.w.org\/{rel}","templated":true}]}}