{"id":6291,"date":"2016-08-18T09:43:55","date_gmt":"2016-08-18T12:43:55","guid":{"rendered":"http:\/\/www.correio24horas.com.br\/blogs\/mesalte\/?p=6291"},"modified":"2016-08-18T09:43:55","modified_gmt":"2016-08-18T12:43:55","slug":"lgbt-parlamentares-defendem-propostas-para-agravar-penas-de-crimes-de-odio","status":"publish","type":"post","link":"https:\/\/blogs.correio24horas.com.br\/mesalte\/lgbt-parlamentares-defendem-propostas-para-agravar-penas-de-crimes-de-odio\/","title":{"rendered":"LGBT: parlamentares defendem propostas para agravar penas de crimes de \u00f3dio"},"content":{"rendered":"<p><em>Texto: Carolina Gon\u00e7alves, da Ag\u00eancia Brasil<\/em><\/p>\n<p>Autora do projeto de lei (7582\/14) que prop\u00f5e tornar crime os atos de intoler\u00e2ncia contra L\u00e9sbicas, Gays, Bissexuais, Pessoas Trans e Intersexuais (LGBT) e outros grupos considerados vulner\u00e1veis, a deputada federal Maria do Ros\u00e1rio (PT-RS) disse nesta quarta-feira (17), no segundo dia do 13\u00ba Semin\u00e1rio LGBT do Congresso Nacional, que a proposta n\u00e3o avan\u00e7ou por interfer\u00eancias propositais de alguns deputados.<\/p>\n<p>O texto, que tramita h\u00e1 dois anos, chegou a ser aprovado pela Comiss\u00e3o de Constitui\u00e7\u00e3o e Justi\u00e7a (CCJ) em novembro de 2014, mas foi arquivado em janeiro de 2015. O desarquivamento ocorreu um m\u00eas depois, mas a proposta foi redistribu\u00edda para que diversas comiss\u00f5es analisassem o m\u00e9rito.\u00c2\u00a0Fechar os olhos \u00e0 \u00a0 lei \u00e9 o mesmo que fechar os olhos para muitos assassinatos todos os anos. O projeto estava pronto [para ser votado] e houve um pedido de redistribui\u00e7\u00e3o, que foi para v\u00e1rias comiss\u00f5es. Foi proposital. Foi uma redistribui\u00e7\u00e3o para travar\u009d, disse.<\/p>\n<p>A parlamentar lembrou de avan\u00e7os em leis de prote\u00e7\u00e3o \u00e0 \u00a0 mulher, citando a Lei Maria da Penha, e outros segmentos, como o Estatuto da Crian\u00e7a e Adolescente e o Estatudo do Idoso. Podemos citar v\u00e1rias outras, mas n\u00e3o avan\u00e7amos quando se trata de identidade de g\u00eanero. \u00c9 uma nega\u00e7\u00e3o de direito\u009d, afirmou.<\/p>\n<p>O destravamento da proposta foi cobrado pelos participantes do evento, que representam entidades da sociedade civil ligadas \u00e0 \u00a0 comunidade LGBT. Uma das principais cr\u00edticas foi a distribui\u00e7\u00e3o do texto para an\u00e1lise da Comiss\u00e3o de Seguran\u00e7a P\u00fablica e Combate ao Crime Organizado, integrada principalmente por parlamentares da chamada bancada da bala.<\/p>\n<p>Para a drag queen Lorelay Fox, que h\u00e1 10 anos mant\u00e9m uma conta no canal Youtube para promover debates sobre o preconceito, o autoconhecimento e reconhecimento podem reduzir a viol\u00eancia contra esta comunidade.\u00c2\u00a0A gente gosta de ser reconhecido como pertencendo a algum grupo, mas somos n\u00f3s que temos que nos inserir neste grupo e n\u00e3o os outros que tem que nos colocar l\u00e1\u009d, disse. Lorelay lembrou ainda que h\u00e1 preconceito e viol\u00eancia dentro da pr\u00f3pria comunidade. O p\u00fablico hetero enxerga a gente de forma at\u00e9 divertida, mas dentro da comunidade as pessoas te julgam muito. O preconceito \u00e9 muito grande quando o homem invade qualquer barreira que invade o feminino. Sofri muito, mas me dei conta que me deixou mais forte anos depois. \u00c9 um tabu muito grande. A roupa j\u00e1 \u00e9 motivo para a gente ser odiado na sociedade. Ser drag \u00e9 enfrentar todos os dias, o tempo inteiro, por vontade pr\u00f3pria, o preconceito\u009d, completou.<\/p>\n<div id=\"attachment_6292\" style=\"width: 810px\" class=\"wp-caption aligncenter\"><img loading=\"lazy\" decoding=\"async\" aria-describedby=\"caption-attachment-6292\" class=\"size-full wp-image-6292\" src=\"http:\/\/www.correio24horas.com.br\/blogs\/mesalte\/wp-content\/uploads\/2016\/08\/1038068-15.08.2016_mcg-5778.jpg\" alt=\"Foto: Ag\u00eancia Brasil\" width=\"800\" height=\"533\" srcset=\"https:\/\/blogs.correio24h.com.br\/mesalte\/wp-content\/uploads\/2016\/08\/1038068-15.08.2016_mcg-5778.jpg 800w, https:\/\/blogs.correio24h.com.br\/mesalte\/wp-content\/uploads\/2016\/08\/1038068-15.08.2016_mcg-5778-300x200.jpg 300w, https:\/\/blogs.correio24h.com.br\/mesalte\/wp-content\/uploads\/2016\/08\/1038068-15.08.2016_mcg-5778-768x512.jpg 768w, https:\/\/blogs.correio24h.com.br\/mesalte\/wp-content\/uploads\/2016\/08\/1038068-15.08.2016_mcg-5778-219x146.jpg 219w, https:\/\/blogs.correio24h.com.br\/mesalte\/wp-content\/uploads\/2016\/08\/1038068-15.08.2016_mcg-5778-50x33.jpg 50w, https:\/\/blogs.correio24h.com.br\/mesalte\/wp-content\/uploads\/2016\/08\/1038068-15.08.2016_mcg-5778-113x75.jpg 113w\" sizes=\"auto, (max-width: 800px) 100vw, 800px\" \/><p id=\"caption-attachment-6292\" class=\"wp-caption-text\">Foto: Ag\u00eancia Brasil<\/p><\/div>\n<p>M\u00e3e Nangetu, representante das religi\u00f5es de matrizes africanas no Conselho Nacional de Promo\u00e7\u00e3o do Respeito e Valoriza\u00e7\u00e3o da Diversidade Religiosa da Secretaria de Direitos Humanos da Presid\u00eancia da Rep\u00fablica, alertou que os terreiros s\u00e3o alvos de ataques frequentes por aceitarem a orienta\u00e7\u00e3o sexual de cada pessoal. O povo tem que ser repeitado. Os terreiros vivem hoje o medo da santa inquisi\u00e7\u00e3o. \u00c9 o \u00f3dio, a falta de respeito, a intoler\u00e2ncia. \u00c9 meu dever ensinar para os meus filhos a respeitar os outros. A intoler\u00e2ncia nasce dentro da nossa casa\u009d, afirmou.<\/p>\n<p>Para o deputado Jean Wyllys (PSOL-RJ) \u00e9 preciso uma revis\u00e3o do C\u00f3digo Penal para agravar crimes de \u00f3dio, mas esta n\u00e3o \u00e9 a \u00fanica solu\u00e7\u00e3o para acabar com o preconceito no pa\u00eds. A homofobia \u00e9 antes de tudo uma vigilante de fronteiras de g\u00eanero. Aos 6 anos ouvi a palavra veado como forma de insulto e isto se repete pelo Brasil afora. E n\u00e3o \u00e9 na escola. A escola \u00e9 uma extens\u00e3o do que acontece dentro das fam\u00edlias\u009d, afirmou.<\/p>\n<p><strong>Manifesta\u00e7\u00e3o<\/strong><br \/>\nNo in\u00edcio da tarde, o encontro acabou sendo interrompido por um homem, n\u00e3o identificado, que vaiou e criticou os debates, se posicionando, no final do audit\u00f3rio Nereu Ramos, da C\u00e2mara, em forma de cruz, como manifesto contra o movimento. Jean Wyllys reagiu imediatamente, e disse que o manifestante estava na plateia filmando momentos do Congresso. Voc\u00ea vai ser interpelado judicialmente por poss\u00edveis distor\u00e7\u00f5es destas imagens\u009d, alertou o deputado.<\/p>\n<p>Outro participante da segunda mesa do dia, L\u00e9o Mendes, da Articula\u00e7\u00e3o Brasileira de Gays (ARTGAY), refor\u00e7ou o alerta ao indiv\u00edduo. Eu n\u00e3o autorizo a utiliza\u00e7\u00e3o de nossa imagem. Chegou uma informa\u00e7\u00e3o de que a pessoa promoveria curso de cura gay. Isto \u00e9 crime de charlatanismo. E o fim disto \u00e9 a delegacia\u009d, disse.<\/p>\n","protected":false},"excerpt":{"rendered":"<p>Texto: Carolina Gon\u00e7alves, da Ag\u00eancia Brasil Autora do projeto de lei (7582\/14) que prop\u00f5e tornar crime os atos de intoler\u00e2ncia contra L\u00e9sbicas, Gays, Bissexuais, Pessoas Trans [&hellip;]<\/p>\n","protected":false},"author":1,"featured_media":0,"comment_status":"open","ping_status":"open","sticky":false,"template":"","format":"image","meta":{"footnotes":""},"categories":[80,9],"tags":[],"class_list":["post-6291","post","type-post","status-publish","format-image","hentry","category-home","category-me-orgulho","post_format-post-format-image"],"_links":{"self":[{"href":"https:\/\/blogs.correio24horas.com.br\/mesalte\/wp-json\/wp\/v2\/posts\/6291","targetHints":{"allow":["GET"]}}],"collection":[{"href":"https:\/\/blogs.correio24horas.com.br\/mesalte\/wp-json\/wp\/v2\/posts"}],"about":[{"href":"https:\/\/blogs.correio24horas.com.br\/mesalte\/wp-json\/wp\/v2\/types\/post"}],"author":[{"embeddable":true,"href":"https:\/\/blogs.correio24horas.com.br\/mesalte\/wp-json\/wp\/v2\/users\/1"}],"replies":[{"embeddable":true,"href":"https:\/\/blogs.correio24horas.com.br\/mesalte\/wp-json\/wp\/v2\/comments?post=6291"}],"version-history":[{"count":1,"href":"https:\/\/blogs.correio24horas.com.br\/mesalte\/wp-json\/wp\/v2\/posts\/6291\/revisions"}],"predecessor-version":[{"id":6293,"href":"https:\/\/blogs.correio24horas.com.br\/mesalte\/wp-json\/wp\/v2\/posts\/6291\/revisions\/6293"}],"wp:attachment":[{"href":"https:\/\/blogs.correio24horas.com.br\/mesalte\/wp-json\/wp\/v2\/media?parent=6291"}],"wp:term":[{"taxonomy":"category","embeddable":true,"href":"https:\/\/blogs.correio24horas.com.br\/mesalte\/wp-json\/wp\/v2\/categories?post=6291"},{"taxonomy":"post_tag","embeddable":true,"href":"https:\/\/blogs.correio24horas.com.br\/mesalte\/wp-json\/wp\/v2\/tags?post=6291"}],"curies":[{"name":"wp","href":"https:\/\/api.w.org\/{rel}","templated":true}]}}