{"id":6232,"date":"2016-08-17T10:57:16","date_gmt":"2016-08-17T13:57:16","guid":{"rendered":"http:\/\/www.correio24horas.com.br\/blogs\/mesalte\/?p=6232"},"modified":"2016-08-17T11:09:01","modified_gmt":"2016-08-17T14:09:01","slug":"mostra-de-decoracao-sobre-iluminacao-reune-18-ambientes-em-lauro-de-freit","status":"publish","type":"post","link":"https:\/\/blogs.correio24horas.com.br\/mesalte\/mostra-de-decoracao-sobre-iluminacao-reune-18-ambientes-em-lauro-de-freit\/","title":{"rendered":"Mostra de decora\u00e7\u00e3o sobre ilumina\u00e7\u00e3o re\u00fane 18 ambientes em Lauro de Freitas"},"content":{"rendered":"<p>Um grupo de arquitetos e designers estar\u00e3o reunidos na\u00c2\u00a0Mostra Semog Ilumina, que ter\u00e1 \u00c2\u00a018 ambientes, ser\u00e1 aberta no dia 25 de agosto e ficar\u00e1 em exposi\u00e7\u00e3o at\u00e9 o dia 20 de outubro\u00c2\u00a0na Semog El\u00e9trica e Ilumina\u00e7\u00e3o, em Lauro de Freitas.\u00c2\u00a0O foco \u00e9 o uso de\u00c2\u00a0equipamentos de ilumina\u00e7\u00e3o em LED. Na abertura da mostra, dia 25, os empres\u00e1rios Walberico Gomes e D\u00e1ria Lima v\u00e3o receber seus convidados com coquetel, a partir das 19 horas, e apresentar totalmente reformada o espa\u00e7o de El\u00e9trica da Semog, a maior loja do setor na Bahia.<\/p>\n<p>Haver\u00e1 uma competi\u00e7\u00e3o entre os ambientes. O\u00c2\u00a0melhor ser\u00e1 escolhido\u00c2\u00a0por um j\u00fari formado por arquitetos, decoradores e formadores de opini\u00e3o e \u00c2\u00a0vai ganhar destaque na revista Casa Cl\u00e1udia. Os espa\u00e7os ser\u00e3o assinados pelos seguintes profissionais: Cris Tapioca (cozinha), Paula Moura (Home Theater), Jo\u00e3o Colares (quarto casal), Fabiana Candini e Virg\u00ednia Santa B\u00e1rbara (lounge 1), J\u00e1cio Ara\u00fajo (jardim externo), C\u00e1tia Bacelar (adega), Decarla Sena (sala), C\u00e1ssio Cardoso (escrit\u00f3rio 1), Mally Requi\u00e3o ( escrit\u00f3rio 2), Omar Brito e Andre\u00e1 Bastos (banheiro), Haifatto (homme office), Kaka Bulhosa (louge 2), Karine Crispim (recep\u00e7\u00e3o), Juka de Morrais (sala de estar), Rui Espinheira (ilumina\u00e7\u00e3o), Rebeca de Gonzaga (ilumina\u00e7\u00e3o) e Lumen Arquitetura e Design (Banheiro).<\/p>\n<p>&nbsp;<\/p>\n","protected":false},"excerpt":{"rendered":"<p>Um grupo de arquitetos e designers estar\u00e3o reunidos na\u00c2\u00a0Mostra Semog Ilumina, que ter\u00e1 \u00c2\u00a018 ambientes, ser\u00e1 aberta no dia 25 de agosto e ficar\u00e1 em exposi\u00e7\u00e3o [&hellip;]<\/p>\n","protected":false},"author":1,"featured_media":6248,"comment_status":"open","ping_status":"open","sticky":false,"template":"","format":"image","meta":{"footnotes":""},"categories":[28,80],"tags":[],"class_list":["post-6232","post","type-post","status-publish","format-image","has-post-thumbnail","hentry","category-farofa-digital","category-home","post_format-post-format-image"],"_links":{"self":[{"href":"https:\/\/blogs.correio24horas.com.br\/mesalte\/wp-json\/wp\/v2\/posts\/6232","targetHints":{"allow":["GET"]}}],"collection":[{"href":"https:\/\/blogs.correio24horas.com.br\/mesalte\/wp-json\/wp\/v2\/posts"}],"about":[{"href":"https:\/\/blogs.correio24horas.com.br\/mesalte\/wp-json\/wp\/v2\/types\/post"}],"author":[{"embeddable":true,"href":"https:\/\/blogs.correio24horas.com.br\/mesalte\/wp-json\/wp\/v2\/users\/1"}],"replies":[{"embeddable":true,"href":"https:\/\/blogs.correio24horas.com.br\/mesalte\/wp-json\/wp\/v2\/comments?post=6232"}],"version-history":[{"count":4,"href":"https:\/\/blogs.correio24horas.com.br\/mesalte\/wp-json\/wp\/v2\/posts\/6232\/revisions"}],"predecessor-version":[{"id":6251,"href":"https:\/\/blogs.correio24horas.com.br\/mesalte\/wp-json\/wp\/v2\/posts\/6232\/revisions\/6251"}],"wp:featuredmedia":[{"embeddable":true,"href":"https:\/\/blogs.correio24horas.com.br\/mesalte\/wp-json\/wp\/v2\/media\/6248"}],"wp:attachment":[{"href":"https:\/\/blogs.correio24horas.com.br\/mesalte\/wp-json\/wp\/v2\/media?parent=6232"}],"wp:term":[{"taxonomy":"category","embeddable":true,"href":"https:\/\/blogs.correio24horas.com.br\/mesalte\/wp-json\/wp\/v2\/categories?post=6232"},{"taxonomy":"post_tag","embeddable":true,"href":"https:\/\/blogs.correio24horas.com.br\/mesalte\/wp-json\/wp\/v2\/tags?post=6232"}],"curies":[{"name":"wp","href":"https:\/\/api.w.org\/{rel}","templated":true}]}}