{"id":6151,"date":"2016-08-10T16:37:23","date_gmt":"2016-08-10T19:37:23","guid":{"rendered":"http:\/\/www.correio24horas.com.br\/blogs\/mesalte\/?p=6151"},"modified":"2016-08-10T16:40:55","modified_gmt":"2016-08-10T19:40:55","slug":"rio-2016-pabllo-vittar-estrela-campanha-da-skol-que-simula-abertura-da-olimpiada","status":"publish","type":"post","link":"https:\/\/blogs.correio24horas.com.br\/mesalte\/rio-2016-pabllo-vittar-estrela-campanha-da-skol-que-simula-abertura-da-olimpiada\/","title":{"rendered":"Rio 2016: drag Pabllo Vittar estrela campanha da Skol que simula abertura da Olimp\u00edada; veja v\u00eddeo"},"content":{"rendered":"<p>A drag cantora maravilhosa Pabllo Vittar est\u00e1 cada vez mais queridinha do mercado publicit\u00e1rio.\u00c2\u00a0Ela j\u00e1 fez campanhas da Adidas e Avon.\u00c2\u00a0Dessa vez ela foi a escolhida pela cervejaria Skol para estrelar o comercial da companhia que dialoga com a diversidade e mistura ainda os Jogos Ol\u00edmpicos. No v\u00eddeo, que simula a cerim\u00f4nia da abertura das Olimp\u00edadas, o comercial mostra um super close da drag lacrando em cima de uma lata de cerveja gigante. \u00c2\u00a0<strong>Veja o v\u00eddeo:<\/strong><\/p>\n<p><iframe loading=\"lazy\" src=\"https:\/\/www.youtube.com\/embed\/ZASvTD6JnBI\" width=\"560\" height=\"315\" frameborder=\"0\" allowfullscreen=\"allowfullscreen\"><\/iframe><\/p>\n<p>Esse n\u00e3o \u00e9 o primeiro comercial da Skol que inclui a tem\u00e1tica e\/ou personalidades LGBTs. Recentemente, a companhia lan\u00e7ou o comercial\u00c2\u00a0<a href=\"http:\/\/www.correio24horas.com.br\/blogs\/mesalte\/avon-e-skol-lancam-videos-em-prol-da-diversidade\/\" target=\"_blank\">#RespeitoIsON, que tem tem\u00e1tica na diversidade.<\/a><\/p>\n<p><strong>L<\/strong><strong>eia mais:<\/strong><br \/>\n<a href=\"http:\/\/www.correio24horas.com.br\/blogs\/mesalte\/pabllo-vittar-revela-que-fara-concurso-para-escolher-bailarinos-em-todo-brasil-e-lancara-novo-cd-esse-ano-veja-video\" target=\"_blank\">Pabllo Vittar revela que far\u00e1 concurso para escolher bailarinos em todo Brasil e lan\u00e7ar\u00e1 novo CD esse ano; veja v\u00eddeo<\/a><\/p>\n<p>&nbsp;<\/p>\n","protected":false},"excerpt":{"rendered":"<p>A drag cantora maravilhosa Pabllo Vittar est\u00e1 cada vez mais queridinha do mercado publicit\u00e1rio.\u00c2\u00a0Ela j\u00e1 fez campanhas da Adidas e Avon.\u00c2\u00a0Dessa vez ela foi a escolhida [&hellip;]<\/p>\n","protected":false},"author":1,"featured_media":5357,"comment_status":"open","ping_status":"open","sticky":false,"template":"","format":"image","meta":{"footnotes":""},"categories":[80,11,9],"tags":[],"class_list":["post-6151","post","type-post","status-publish","format-image","has-post-thumbnail","hentry","category-home","category-me-informo","category-me-orgulho","post_format-post-format-image"],"_links":{"self":[{"href":"https:\/\/blogs.correio24horas.com.br\/mesalte\/wp-json\/wp\/v2\/posts\/6151","targetHints":{"allow":["GET"]}}],"collection":[{"href":"https:\/\/blogs.correio24horas.com.br\/mesalte\/wp-json\/wp\/v2\/posts"}],"about":[{"href":"https:\/\/blogs.correio24horas.com.br\/mesalte\/wp-json\/wp\/v2\/types\/post"}],"author":[{"embeddable":true,"href":"https:\/\/blogs.correio24horas.com.br\/mesalte\/wp-json\/wp\/v2\/users\/1"}],"replies":[{"embeddable":true,"href":"https:\/\/blogs.correio24horas.com.br\/mesalte\/wp-json\/wp\/v2\/comments?post=6151"}],"version-history":[{"count":4,"href":"https:\/\/blogs.correio24horas.com.br\/mesalte\/wp-json\/wp\/v2\/posts\/6151\/revisions"}],"predecessor-version":[{"id":6156,"href":"https:\/\/blogs.correio24horas.com.br\/mesalte\/wp-json\/wp\/v2\/posts\/6151\/revisions\/6156"}],"wp:featuredmedia":[{"embeddable":true,"href":"https:\/\/blogs.correio24horas.com.br\/mesalte\/wp-json\/wp\/v2\/media\/5357"}],"wp:attachment":[{"href":"https:\/\/blogs.correio24horas.com.br\/mesalte\/wp-json\/wp\/v2\/media?parent=6151"}],"wp:term":[{"taxonomy":"category","embeddable":true,"href":"https:\/\/blogs.correio24horas.com.br\/mesalte\/wp-json\/wp\/v2\/categories?post=6151"},{"taxonomy":"post_tag","embeddable":true,"href":"https:\/\/blogs.correio24horas.com.br\/mesalte\/wp-json\/wp\/v2\/tags?post=6151"}],"curies":[{"name":"wp","href":"https:\/\/api.w.org\/{rel}","templated":true}]}}