{"id":6072,"date":"2016-08-06T18:11:54","date_gmt":"2016-08-06T21:11:54","guid":{"rendered":"http:\/\/www.correio24horas.com.br\/blogs\/mesalte\/?p=6072"},"modified":"2016-08-06T18:11:54","modified_gmt":"2016-08-06T21:11:54","slug":"familia-de-produtor-gay-morto-no-rio-vermelho-faz-protesto-por-paz-nesse-domingo-07","status":"publish","type":"post","link":"https:\/\/blogs.correio24horas.com.br\/mesalte\/familia-de-produtor-gay-morto-no-rio-vermelho-faz-protesto-por-paz-nesse-domingo-07\/","title":{"rendered":"Fam\u00edlia de produtor gay morto no Rio Vermelho faz protesto por paz nesse domingo (07)"},"content":{"rendered":"<p>Acontecer\u00e1 nesse domingo (7) \u00c2\u00a0um ato, no bairro da Barra, em Salvador, para marcar o primeiro m\u00eas da morte do produtor gay Leonardo Moura, <a href=\"http:\/\/www.correio24horas.com.br\/blogs\/mesalte\/morre-produtor-de-eventos-espancado-em-ataque-homofobico-apos-sair-de-festa-no-rio-vermelho\/\" target=\"_blank\">que foi encontrado morto\u00c2\u00a0depois de sair da boate San Sebastian<\/a>. Segundo familiares e amigos da v\u00edtima, a caminhada p\u00f3stuma acontecer\u00e1 a partir das 10h e sair\u00e1 do Cristo em dire\u00e7\u00e3o ao Farol da Barra. Na convoca\u00e7\u00e3o, feita pelas redes sociais, o pedido \u00e9 que todas as pessoas compare\u00e7am vestindo branco.\u00c2\u00a0A fam\u00edlia acredita que o caso tem motiva\u00e7\u00e3o homof\u00f3bica, mas a pol\u00edcia tem reafirmado que trata-se apenas de <a href=\"http:\/\/www.correio24horas.com.br\/detalhe\/salvador\/noticia\/para-a-policia-promotor-de-eventos-morto-no-rio-vermelho-nao-foi-agredido\/?cHash=44170c4be7cf4c612365bb82d737a855\" target=\"_blank\">uma queda.\u00c2\u00a0<\/a>\u00c2\u00a0Informa\u00e7\u00f5es que circulam pelas redes sociais indicam que a fam\u00edlia ainda aguarda imagens das c\u00e2meras de seguran\u00e7a que comprovem a vers\u00e3o.<\/p>\n<p><strong>Entenda o caso:<\/strong><br \/>\n<a href=\"http:\/\/www.correio24horas.com.br\/detalhe\/salvador\/noticia\/corpo-de-promotor-de-eventos-agredido-apos-sair-de-boate-gay-sera-enterrado-hoje\/?cHash=561f5ba4bcdf60e35f6ffe9546243c50\" target=\"_blank\">Corpo de promotor de eventos agredido ap\u00f3s sair de boate gay ser\u00e1 enterrado hoje<br \/>\n<\/a><a href=\"http:\/\/www.correio24horas.com.br\/detalhe\/salvador\/noticia\/policia-tenta-identificar-agressor-de-rapaz-morto-apos-deixar-boate-gay-no-rio-vermelho\/?cHash=a4eb429cecded2b9a465d6697b617218\" target=\"_blank\">Pol\u00edcia tenta identificar agressor de rapaz morto ap\u00f3s deixar boate gay no Rio Vermelho<br \/>\n<\/a><a href=\"http:\/\/www.correio24horas.com.br\/detalhe\/salvador\/noticia\/para-a-policia-promotor-de-eventos-morto-no-rio-vermelho-nao-foi-agredido\/?cHash=44170c4be7cf4c612365bb82d737a855\" target=\"_blank\">Amigos lamentam morte de produtor espancado no Rio Vermelho: &#8216;Homofobia mata&#8217;<\/a><\/p>\n<p>Um perito ouvido pelo CORREIO indica que o corpo de L\u00e9o <a href=\"http:\/\/www.correio24horas.com.br\/blogs\/mesalte\/produtor-morto-no-rio-vermelho-tinha-sinais-compativeis-com-agressao-afirma-perito-veja-fotos\/\" target=\"_blank\">tinha sinais de agress\u00e3o<\/a> que n\u00e3o s\u00e3o compat\u00edveis com uma queda.<\/p>\n","protected":false},"excerpt":{"rendered":"<p>Acontecer\u00e1 nesse domingo (7) \u00c2\u00a0um ato, no bairro da Barra, em Salvador, para marcar o primeiro m\u00eas da morte do produtor gay Leonardo Moura, que foi [&hellip;]<\/p>\n","protected":false},"author":1,"featured_media":5294,"comment_status":"open","ping_status":"open","sticky":false,"template":"","format":"image","meta":{"footnotes":""},"categories":[80,11],"tags":[],"class_list":["post-6072","post","type-post","status-publish","format-image","has-post-thumbnail","hentry","category-home","category-me-informo","post_format-post-format-image"],"_links":{"self":[{"href":"https:\/\/blogs.correio24horas.com.br\/mesalte\/wp-json\/wp\/v2\/posts\/6072","targetHints":{"allow":["GET"]}}],"collection":[{"href":"https:\/\/blogs.correio24horas.com.br\/mesalte\/wp-json\/wp\/v2\/posts"}],"about":[{"href":"https:\/\/blogs.correio24horas.com.br\/mesalte\/wp-json\/wp\/v2\/types\/post"}],"author":[{"embeddable":true,"href":"https:\/\/blogs.correio24horas.com.br\/mesalte\/wp-json\/wp\/v2\/users\/1"}],"replies":[{"embeddable":true,"href":"https:\/\/blogs.correio24horas.com.br\/mesalte\/wp-json\/wp\/v2\/comments?post=6072"}],"version-history":[{"count":1,"href":"https:\/\/blogs.correio24horas.com.br\/mesalte\/wp-json\/wp\/v2\/posts\/6072\/revisions"}],"predecessor-version":[{"id":6073,"href":"https:\/\/blogs.correio24horas.com.br\/mesalte\/wp-json\/wp\/v2\/posts\/6072\/revisions\/6073"}],"wp:featuredmedia":[{"embeddable":true,"href":"https:\/\/blogs.correio24horas.com.br\/mesalte\/wp-json\/wp\/v2\/media\/5294"}],"wp:attachment":[{"href":"https:\/\/blogs.correio24horas.com.br\/mesalte\/wp-json\/wp\/v2\/media?parent=6072"}],"wp:term":[{"taxonomy":"category","embeddable":true,"href":"https:\/\/blogs.correio24horas.com.br\/mesalte\/wp-json\/wp\/v2\/categories?post=6072"},{"taxonomy":"post_tag","embeddable":true,"href":"https:\/\/blogs.correio24horas.com.br\/mesalte\/wp-json\/wp\/v2\/tags?post=6072"}],"curies":[{"name":"wp","href":"https:\/\/api.w.org\/{rel}","templated":true}]}}