{"id":6065,"date":"2016-08-06T10:24:19","date_gmt":"2016-08-06T13:24:19","guid":{"rendered":"http:\/\/www.correio24horas.com.br\/blogs\/mesalte\/?p=6065"},"modified":"2016-08-09T10:42:28","modified_gmt":"2016-08-09T13:42:28","slug":"modelo-transexual-brasileira-lea-t-puxa-delegacao-brasileira-na-abertura-da-olimpiada","status":"publish","type":"post","link":"https:\/\/blogs.correio24horas.com.br\/mesalte\/modelo-transexual-brasileira-lea-t-puxa-delegacao-brasileira-na-abertura-da-olimpiada\/","title":{"rendered":"Modelo transexual Lea T puxa delega\u00e7\u00e3o brasileira na abertura da Olimp\u00edada"},"content":{"rendered":"<p><img loading=\"lazy\" decoding=\"async\" class=\"aligncenter size-full wp-image-6069\" src=\"http:\/\/www.correio24horas.com.br\/blogs\/mesalte\/wp-content\/uploads\/2016\/08\/mesalteCvara-1.png\" alt=\"Me Salte com Vara Ou N\u00e3o\" width=\"916\" height=\"78\" srcset=\"https:\/\/blogs.correio24h.com.br\/mesalte\/wp-content\/uploads\/2016\/08\/mesalteCvara-1.png 916w, https:\/\/blogs.correio24h.com.br\/mesalte\/wp-content\/uploads\/2016\/08\/mesalteCvara-1-300x26.png 300w, https:\/\/blogs.correio24h.com.br\/mesalte\/wp-content\/uploads\/2016\/08\/mesalteCvara-1-768x65.png 768w, https:\/\/blogs.correio24h.com.br\/mesalte\/wp-content\/uploads\/2016\/08\/mesalteCvara-1-260x22.png 260w, https:\/\/blogs.correio24h.com.br\/mesalte\/wp-content\/uploads\/2016\/08\/mesalteCvara-1-50x4.png 50w, https:\/\/blogs.correio24h.com.br\/mesalte\/wp-content\/uploads\/2016\/08\/mesalteCvara-1-150x13.png 150w\" sizes=\"auto, (max-width: 916px) 100vw, 916px\" \/>A abertura da Olimp\u00edada, que aconteceu na noite de sexta-feira (05), no Maracan\u00e3, entrou para a hist\u00f3ria por v\u00e1rios motivos. Mas, para n\u00f3s LGBT, a participa\u00e7\u00e3o da modelo transexual Lea T foi daquelas de ficar de p\u00e9 de orgulho. Ela, que \u00e9 filha do treinador de futebol Toninho Cerezo, foi a respons\u00e1vel por conduzir a entrada da delega\u00e7\u00e3o do Brasil na hora da entrada do est\u00e1dio.\u00c2\u00a0 Yane Marques, do pentatlo moderno, foi a porta-bandeira, e Lea T veio a frente dela e de toda delega\u00e7\u00e3o em uma bicicleta.<\/p>\n<p>Nunca na hist\u00f3ria das Olimp\u00edadas uma transexual assumida havia participado de uma cerim\u00f4nia de abertura. Contudo, apesar do feito in\u00e9dito, chamou aten\u00e7\u00e3o o fato da transmiss\u00e3o oficial &#8211; feita pelo Comit\u00ea Ol\u00edmpico Internacional &#8211; n\u00e3o ter mostrado a Lea T da mesma forma que outras pessoas que conduziram as bicicletas a frente das 205 delega\u00e7\u00f5es. \u00c2\u00a0Lea quase nem apareceu enquanto muitxs outros receberam closes nas imagens. Ser\u00e1 mais um preconceito ou mero acaso? Enfim, fica na hist\u00f3ria e no nosso cora\u00e7\u00e3o. Lea T lacrou e vai lacrar sempre!<\/p>\n<p><strong>Lea n\u00e3o estava sozinha<br \/>\n<\/strong>De acordo com o portal NLucon, especializado em not\u00edcias sobre a popula\u00e7\u00e3o trans, outras duas mulheres trans -\u00c2\u00a0Fab\u00edola Fontenelle e Maria Eduarda Menzes &#8211; tamb\u00e9m participaram da cerim\u00f4nia. Elas, assim como Lea T., estavam conduzindo bicicletas que vinham puxando as delega\u00e7\u00f5es dos pa\u00edses. Ao contr\u00e1rio de Lea T, elas receberam v\u00e1rios closes na transmiss\u00e3o que p\u00f4de ser vista por mais de 3 bilh\u00f5es de pessoas.<\/p>\n<p><img loading=\"lazy\" decoding=\"async\" class=\"aligncenter size-full wp-image-6083\" src=\"http:\/\/www.correio24horas.com.br\/blogs\/mesalte\/wp-content\/uploads\/2016\/08\/Mulheres-trans-Olimpiada.jpg\" alt=\"Mulheres trans Olimpiada\" width=\"570\" height=\"400\" srcset=\"https:\/\/blogs.correio24h.com.br\/mesalte\/wp-content\/uploads\/2016\/08\/Mulheres-trans-Olimpiada.jpg 570w, https:\/\/blogs.correio24h.com.br\/mesalte\/wp-content\/uploads\/2016\/08\/Mulheres-trans-Olimpiada-300x211.jpg 300w, https:\/\/blogs.correio24h.com.br\/mesalte\/wp-content\/uploads\/2016\/08\/Mulheres-trans-Olimpiada-208x146.jpg 208w, https:\/\/blogs.correio24h.com.br\/mesalte\/wp-content\/uploads\/2016\/08\/Mulheres-trans-Olimpiada-50x35.jpg 50w, https:\/\/blogs.correio24h.com.br\/mesalte\/wp-content\/uploads\/2016\/08\/Mulheres-trans-Olimpiada-107x75.jpg 107w\" sizes=\"auto, (max-width: 570px) 100vw, 570px\" \/><\/p>\n<p>Not\u00edcia atualizada \u00e0 \u00a0s 21h49<\/p>\n","protected":false},"excerpt":{"rendered":"<p>A abertura da Olimp\u00edada, que aconteceu na noite de sexta-feira (05), no Maracan\u00e3, entrou para a hist\u00f3ria por v\u00e1rios motivos. Mas, para n\u00f3s LGBT, a participa\u00e7\u00e3o [&hellip;]<\/p>\n","protected":false},"author":1,"featured_media":6066,"comment_status":"open","ping_status":"open","sticky":false,"template":"","format":"image","meta":{"footnotes":""},"categories":[80,9],"tags":[],"class_list":["post-6065","post","type-post","status-publish","format-image","has-post-thumbnail","hentry","category-home","category-me-orgulho","post_format-post-format-image"],"_links":{"self":[{"href":"https:\/\/blogs.correio24horas.com.br\/mesalte\/wp-json\/wp\/v2\/posts\/6065","targetHints":{"allow":["GET"]}}],"collection":[{"href":"https:\/\/blogs.correio24horas.com.br\/mesalte\/wp-json\/wp\/v2\/posts"}],"about":[{"href":"https:\/\/blogs.correio24horas.com.br\/mesalte\/wp-json\/wp\/v2\/types\/post"}],"author":[{"embeddable":true,"href":"https:\/\/blogs.correio24horas.com.br\/mesalte\/wp-json\/wp\/v2\/users\/1"}],"replies":[{"embeddable":true,"href":"https:\/\/blogs.correio24horas.com.br\/mesalte\/wp-json\/wp\/v2\/comments?post=6065"}],"version-history":[{"count":5,"href":"https:\/\/blogs.correio24horas.com.br\/mesalte\/wp-json\/wp\/v2\/posts\/6065\/revisions"}],"predecessor-version":[{"id":6103,"href":"https:\/\/blogs.correio24horas.com.br\/mesalte\/wp-json\/wp\/v2\/posts\/6065\/revisions\/6103"}],"wp:featuredmedia":[{"embeddable":true,"href":"https:\/\/blogs.correio24horas.com.br\/mesalte\/wp-json\/wp\/v2\/media\/6066"}],"wp:attachment":[{"href":"https:\/\/blogs.correio24horas.com.br\/mesalte\/wp-json\/wp\/v2\/media?parent=6065"}],"wp:term":[{"taxonomy":"category","embeddable":true,"href":"https:\/\/blogs.correio24horas.com.br\/mesalte\/wp-json\/wp\/v2\/categories?post=6065"},{"taxonomy":"post_tag","embeddable":true,"href":"https:\/\/blogs.correio24horas.com.br\/mesalte\/wp-json\/wp\/v2\/tags?post=6065"}],"curies":[{"name":"wp","href":"https:\/\/api.w.org\/{rel}","templated":true}]}}