{"id":6036,"date":"2016-08-05T14:18:28","date_gmt":"2016-08-05T17:18:28","guid":{"rendered":"http:\/\/www.correio24horas.com.br\/blogs\/mesalte\/?p=6036"},"modified":"2016-08-05T14:21:09","modified_gmt":"2016-08-05T17:21:09","slug":"alinne-rosa-lanca-bloco-cha-rosa-para-2017-abadas-sao-vendidos-por-r-200-em-lote-promocional","status":"publish","type":"post","link":"https:\/\/blogs.correio24horas.com.br\/mesalte\/alinne-rosa-lanca-bloco-cha-rosa-para-2017-abadas-sao-vendidos-por-r-200-em-lote-promocional\/","title":{"rendered":"Alinne Rosa lan\u00e7a Bloco Ch\u00e1 Rosa para 2017;\u00c2\u00a0abad\u00e1s s\u00e3o vendidos por R$ 200 em lote promocional\u00c2\u00a0"},"content":{"rendered":"<p>A cantora Alinne Rosa e a festa Ch\u00e1 da Alice v\u00e3o repetir a parceria de 2016 e,\u00c2\u00a0\u00c2\u00a0pelo segundo ano consecutivo, o Ch\u00e1 Rosa para o Carnaval de Salvador.\u00c2\u00a0Depois de esgotar os abad\u00e1s em 2016, Alinne vai comandar o bloco Ch\u00e1 Rosa\/Eu Vou! na sexta-feira de Carnaval (24 de fevereiro de 2017), no circuito Barra-Ondina. O\u00c2\u00a0foli\u00e3o j\u00e1 pode garantir seu kit fantasia por R$ 200, na promo\u00e7\u00e3o de lan\u00e7amento do bloco, atrav\u00e9s dos sites da Ax\u00e9 Mix, TicketMix e Pida.<\/p>\n<p>Saiba mais sobre o universo LGBT acessando <strong><a href=\"http:\/\/www.correio24horas.com.br\/mesalte\" target=\"_blank\">www.correio24horas.com.br\/mesalte<\/a><\/strong><\/p>\n<p><strong>Leia mais:<\/strong><br \/>\n<a href=\"http:\/\/www.correio24horas.com.br\/blogs\/mesalte\/alinne-rosa-anuncia-que-esta-vendendo-cosmeticos-para-nao-voltar-ao-cheiro-de-amor-entenda\" target=\"_blank\">Alinne Rosa anuncia que est\u00e1 vendendo cosm\u00e9ticos para n\u00e3o voltar ao Cheiro de Amor; Entenda<br \/>\n<\/a><a href=\"http:\/\/www.correio24horas.com.br\/blogs\/mesalte\/diversidade-deu-o-tom-do-show-de-alinne-rosa-preta-gil-e-samba-de-maria-no-armazem-hall-veja-fotos\">Diversidade deu o tom do show de Alinne Rosa, Preta Gil e Samba de Maria no Armaz\u00e9m Hall; veja fotos<\/a><br \/>\n<a href=\"http:\/\/See more at: http:\/\/www.correio24horas.com.br\/blogs\/mesalte\/cantoras-baianas-se-manifestam-contra-lgbtfobia-e-convocam-fas-para-caminhada-em-salvador\" target=\"_blank\">Cantoras baianas se manifestam contra LGBTfobia e convocam f\u00e3s para caminhada de protesto amanh\u00e3, em Salvador; veja v\u00eddeos e como participar <\/a><\/p>\n<p>&nbsp;<\/p>\n","protected":false},"excerpt":{"rendered":"<p>A cantora Alinne Rosa e a festa Ch\u00e1 da Alice v\u00e3o repetir a parceria de 2016 e,\u00c2\u00a0\u00c2\u00a0pelo segundo ano consecutivo, o Ch\u00e1 Rosa para o Carnaval [&hellip;]<\/p>\n","protected":false},"author":1,"featured_media":2505,"comment_status":"open","ping_status":"open","sticky":false,"template":"","format":"image","meta":{"footnotes":""},"categories":[80,26],"tags":[519,32],"class_list":["post-6036","post","type-post","status-publish","format-image","has-post-thumbnail","hentry","category-home","category-me-inspiro","tag-alinistas","tag-alinnerosa","post_format-post-format-image"],"_links":{"self":[{"href":"https:\/\/blogs.correio24horas.com.br\/mesalte\/wp-json\/wp\/v2\/posts\/6036","targetHints":{"allow":["GET"]}}],"collection":[{"href":"https:\/\/blogs.correio24horas.com.br\/mesalte\/wp-json\/wp\/v2\/posts"}],"about":[{"href":"https:\/\/blogs.correio24horas.com.br\/mesalte\/wp-json\/wp\/v2\/types\/post"}],"author":[{"embeddable":true,"href":"https:\/\/blogs.correio24horas.com.br\/mesalte\/wp-json\/wp\/v2\/users\/1"}],"replies":[{"embeddable":true,"href":"https:\/\/blogs.correio24horas.com.br\/mesalte\/wp-json\/wp\/v2\/comments?post=6036"}],"version-history":[{"count":3,"href":"https:\/\/blogs.correio24horas.com.br\/mesalte\/wp-json\/wp\/v2\/posts\/6036\/revisions"}],"predecessor-version":[{"id":6039,"href":"https:\/\/blogs.correio24horas.com.br\/mesalte\/wp-json\/wp\/v2\/posts\/6036\/revisions\/6039"}],"wp:featuredmedia":[{"embeddable":true,"href":"https:\/\/blogs.correio24horas.com.br\/mesalte\/wp-json\/wp\/v2\/media\/2505"}],"wp:attachment":[{"href":"https:\/\/blogs.correio24horas.com.br\/mesalte\/wp-json\/wp\/v2\/media?parent=6036"}],"wp:term":[{"taxonomy":"category","embeddable":true,"href":"https:\/\/blogs.correio24horas.com.br\/mesalte\/wp-json\/wp\/v2\/categories?post=6036"},{"taxonomy":"post_tag","embeddable":true,"href":"https:\/\/blogs.correio24horas.com.br\/mesalte\/wp-json\/wp\/v2\/tags?post=6036"}],"curies":[{"name":"wp","href":"https:\/\/api.w.org\/{rel}","templated":true}]}}