{"id":6012,"date":"2016-08-05T10:50:56","date_gmt":"2016-08-05T13:50:56","guid":{"rendered":"http:\/\/www.correio24horas.com.br\/blogs\/mesalte\/?p=6012"},"modified":"2016-08-06T13:35:52","modified_gmt":"2016-08-06T16:35:52","slug":"saiba-quem-sao-os-10-atletas-mais-gatos-na-olimpiada-do-rio-veja-o-instagram-de-todos-para-seguir-e-se-divertir","status":"publish","type":"post","link":"https:\/\/blogs.correio24horas.com.br\/mesalte\/saiba-quem-sao-os-10-atletas-mais-gatos-na-olimpiada-do-rio-veja-o-instagram-de-todos-para-seguir-e-se-divertir\/","title":{"rendered":"Saiba quem s\u00e3o os 10 atletas mais gatos na Olimp\u00edada do Rio; veja o instagram de todos para seguir e se divertir"},"content":{"rendered":"<p><img loading=\"lazy\" decoding=\"async\" class=\"aligncenter size-full wp-image-6069\" src=\"http:\/\/www.correio24horas.com.br\/blogs\/mesalte\/wp-content\/uploads\/2016\/08\/mesalteCvara-1.png\" alt=\"Me Salte com Vara Ou N\u00e3o \" width=\"916\" height=\"78\" srcset=\"https:\/\/blogs.correio24h.com.br\/mesalte\/wp-content\/uploads\/2016\/08\/mesalteCvara-1.png 916w, https:\/\/blogs.correio24h.com.br\/mesalte\/wp-content\/uploads\/2016\/08\/mesalteCvara-1-300x26.png 300w, https:\/\/blogs.correio24h.com.br\/mesalte\/wp-content\/uploads\/2016\/08\/mesalteCvara-1-768x65.png 768w, https:\/\/blogs.correio24h.com.br\/mesalte\/wp-content\/uploads\/2016\/08\/mesalteCvara-1-260x22.png 260w, https:\/\/blogs.correio24h.com.br\/mesalte\/wp-content\/uploads\/2016\/08\/mesalteCvara-1-50x4.png 50w, https:\/\/blogs.correio24h.com.br\/mesalte\/wp-content\/uploads\/2016\/08\/mesalteCvara-1-150x13.png 150w\" sizes=\"auto, (max-width: 916px) 100vw, 916px\" \/><\/p>\n<p>O especial <strong>Me Salte com vara [ou n\u00e3o]<\/strong>\u00c2\u00a0&#8211; nossa vers\u00e3o ol\u00edmpica &#8211; \u00c2\u00a0come\u00e7a animado hoje, dia em que se abre oficialmente a Olimp\u00edada do Rio de Janeiro. Confesso que foi dif\u00edcil, mas selecionei os boys MAIS magias que desfilar\u00e3o a partir de hoje nas telas dos jornais, TVs, sites e afins (muitos ficaram de fora e j\u00e1 estou pensando em fazer outra lista, rs). Para deixar sua vida ainda mais feliz \u201c al\u00e9m de mostrar umas fotos desses del\u00edcias que j\u00e1 ganharam a medalha de ouro nos nossos cora\u00e7\u00f5es tem tamb\u00e9m os instragrans deles para voc\u00ea adicionar e se divertir.<br \/>\n<strong>1. Luca Dotto, nata\u00e7\u00e3o (It\u00e1lia)<\/strong> \u201c Superpopular na It\u00e1lia, o nadador-gal\u00e3 Luca Dotto divide a carreira de atleta com a de modelo. Instagram @dottolck<\/p>\n<p><img loading=\"lazy\" decoding=\"async\" class=\"aligncenter size-large wp-image-6013\" src=\"http:\/\/www.correio24horas.com.br\/blogs\/mesalte\/wp-content\/uploads\/2016\/08\/Luca-Dotto-nata\u00e7\u00e3o-It\u00e1lia-683x1024.jpg\" alt=\"Luca Dotto nata\u00e7\u00e3o (It\u00e1lia)\" width=\"683\" height=\"1024\" srcset=\"https:\/\/blogs.correio24h.com.br\/mesalte\/wp-content\/uploads\/2016\/08\/Luca-Dotto-nata\u00e7\u00e3o-It\u00e1lia-683x1024.jpg 683w, https:\/\/blogs.correio24h.com.br\/mesalte\/wp-content\/uploads\/2016\/08\/Luca-Dotto-nata\u00e7\u00e3o-It\u00e1lia-200x300.jpg 200w, https:\/\/blogs.correio24h.com.br\/mesalte\/wp-content\/uploads\/2016\/08\/Luca-Dotto-nata\u00e7\u00e3o-It\u00e1lia-768x1151.jpg 768w, https:\/\/blogs.correio24h.com.br\/mesalte\/wp-content\/uploads\/2016\/08\/Luca-Dotto-nata\u00e7\u00e3o-It\u00e1lia-97x146.jpg 97w, https:\/\/blogs.correio24h.com.br\/mesalte\/wp-content\/uploads\/2016\/08\/Luca-Dotto-nata\u00e7\u00e3o-It\u00e1lia-33x50.jpg 33w, https:\/\/blogs.correio24h.com.br\/mesalte\/wp-content\/uploads\/2016\/08\/Luca-Dotto-nata\u00e7\u00e3o-It\u00e1lia-50x75.jpg 50w, https:\/\/blogs.correio24h.com.br\/mesalte\/wp-content\/uploads\/2016\/08\/Luca-Dotto-nata\u00e7\u00e3o-It\u00e1lia.jpg 800w\" sizes=\"auto, (max-width: 683px) 100vw, 683px\" \/><\/p>\n<p><strong>2. Arthur Nory (Brasil)<\/strong> \u201c Gin\u00e1stica Art\u00edstica \u201c Aos 22 anos, o gracinha nasceu em Campinas (SP) e faz a alegria com seus olhinhos puxados e um corp\u00e3o definido pela gin\u00e1stica. Atualmente \u00e9 o 4\u00ba no ranking mundial na modalidade Barra Fixa. Instagram: @ arthurnory<\/p>\n<p><img loading=\"lazy\" decoding=\"async\" class=\"aligncenter size-large wp-image-6014\" src=\"http:\/\/www.correio24horas.com.br\/blogs\/mesalte\/wp-content\/uploads\/2016\/08\/Arthur-Nory-Brasil-\u201c-Gin\u00e1stica-Art\u00edstica-1024x683.jpg\" alt=\"Arthur Nory (Brasil) \u201c Gin\u00e1stica Art\u00edstica\" width=\"1024\" height=\"683\" srcset=\"https:\/\/blogs.correio24h.com.br\/mesalte\/wp-content\/uploads\/2016\/08\/Arthur-Nory-Brasil-\u201c-Gin\u00e1stica-Art\u00edstica-1024x683.jpg 1024w, https:\/\/blogs.correio24h.com.br\/mesalte\/wp-content\/uploads\/2016\/08\/Arthur-Nory-Brasil-\u201c-Gin\u00e1stica-Art\u00edstica-300x200.jpg 300w, https:\/\/blogs.correio24h.com.br\/mesalte\/wp-content\/uploads\/2016\/08\/Arthur-Nory-Brasil-\u201c-Gin\u00e1stica-Art\u00edstica-768x512.jpg 768w, https:\/\/blogs.correio24h.com.br\/mesalte\/wp-content\/uploads\/2016\/08\/Arthur-Nory-Brasil-\u201c-Gin\u00e1stica-Art\u00edstica-219x146.jpg 219w, https:\/\/blogs.correio24h.com.br\/mesalte\/wp-content\/uploads\/2016\/08\/Arthur-Nory-Brasil-\u201c-Gin\u00e1stica-Art\u00edstica-50x33.jpg 50w, https:\/\/blogs.correio24h.com.br\/mesalte\/wp-content\/uploads\/2016\/08\/Arthur-Nory-Brasil-\u201c-Gin\u00e1stica-Art\u00edstica-113x75.jpg 113w, https:\/\/blogs.correio24h.com.br\/mesalte\/wp-content\/uploads\/2016\/08\/Arthur-Nory-Brasil-\u201c-Gin\u00e1stica-Art\u00edstica.jpg 1500w\" sizes=\"auto, (max-width: 1024px) 100vw, 1024px\" \/><\/p>\n<p><strong>3. Matt Anderson (Estados Unidos)<\/strong> \u201c V\u00f4lei &#8211; Ele tem 2,08 m e apenas 97 kg bem definidos. Instagram: @mja5041<br \/>\n<img loading=\"lazy\" decoding=\"async\" class=\"aligncenter size-large wp-image-6015\" src=\"http:\/\/www.correio24horas.com.br\/blogs\/mesalte\/wp-content\/uploads\/2016\/08\/Matt-Anderson-Estados-Unidos-\u201c-V\u00f4lei-1024x576.jpg\" alt=\"Matt Anderson (Estados Unidos) \u201c V\u00f4lei\" width=\"1024\" height=\"576\" srcset=\"https:\/\/blogs.correio24h.com.br\/mesalte\/wp-content\/uploads\/2016\/08\/Matt-Anderson-Estados-Unidos-\u201c-V\u00f4lei-1024x576.jpg 1024w, https:\/\/blogs.correio24h.com.br\/mesalte\/wp-content\/uploads\/2016\/08\/Matt-Anderson-Estados-Unidos-\u201c-V\u00f4lei-300x169.jpg 300w, https:\/\/blogs.correio24h.com.br\/mesalte\/wp-content\/uploads\/2016\/08\/Matt-Anderson-Estados-Unidos-\u201c-V\u00f4lei-768x432.jpg 768w, https:\/\/blogs.correio24h.com.br\/mesalte\/wp-content\/uploads\/2016\/08\/Matt-Anderson-Estados-Unidos-\u201c-V\u00f4lei-260x146.jpg 260w, https:\/\/blogs.correio24h.com.br\/mesalte\/wp-content\/uploads\/2016\/08\/Matt-Anderson-Estados-Unidos-\u201c-V\u00f4lei-50x28.jpg 50w, https:\/\/blogs.correio24h.com.br\/mesalte\/wp-content\/uploads\/2016\/08\/Matt-Anderson-Estados-Unidos-\u201c-V\u00f4lei-133x75.jpg 133w, https:\/\/blogs.correio24h.com.br\/mesalte\/wp-content\/uploads\/2016\/08\/Matt-Anderson-Estados-Unidos-\u201c-V\u00f4lei.jpg 1920w\" sizes=\"auto, (max-width: 1024px) 100vw, 1024px\" \/><br \/>\n<strong>4. \u00c2\u00a0Tom Daley (Reino Unido)<\/strong> \u201c Saltos Ornamentais \u201c Esse tem at\u00e9 o Me Salte no nome do esporte! Um charme que pratica os saltos desde os 7 anos. Tom, inclusive, \u00e9 gay. Instagram: @tomdaley1994<\/p>\n<p><img loading=\"lazy\" decoding=\"async\" class=\"aligncenter size-full wp-image-6017\" src=\"http:\/\/www.correio24horas.com.br\/blogs\/mesalte\/wp-content\/uploads\/2016\/08\/Tom-Daley-\u201c-Reino-Unido-\u201c-Saltos-ornamentais.jpg\" alt=\"Tom Daley \u201c Reino Unido \u201c Saltos ornamentais\" width=\"640\" height=\"512\" srcset=\"https:\/\/blogs.correio24h.com.br\/mesalte\/wp-content\/uploads\/2016\/08\/Tom-Daley-\u201c-Reino-Unido-\u201c-Saltos-ornamentais.jpg 640w, https:\/\/blogs.correio24h.com.br\/mesalte\/wp-content\/uploads\/2016\/08\/Tom-Daley-\u201c-Reino-Unido-\u201c-Saltos-ornamentais-300x240.jpg 300w, https:\/\/blogs.correio24h.com.br\/mesalte\/wp-content\/uploads\/2016\/08\/Tom-Daley-\u201c-Reino-Unido-\u201c-Saltos-ornamentais-183x146.jpg 183w, https:\/\/blogs.correio24h.com.br\/mesalte\/wp-content\/uploads\/2016\/08\/Tom-Daley-\u201c-Reino-Unido-\u201c-Saltos-ornamentais-50x40.jpg 50w, https:\/\/blogs.correio24h.com.br\/mesalte\/wp-content\/uploads\/2016\/08\/Tom-Daley-\u201c-Reino-Unido-\u201c-Saltos-ornamentais-94x75.jpg 94w\" sizes=\"auto, (max-width: 640px) 100vw, 640px\" \/><\/p>\n<p>&nbsp;<\/p>\n<p><strong>5. Teddy Riner (Fran\u00e7a) <\/strong>\u201c Jud\u00f4 \u201c O judoca peso pesado \u00e9 o astro do esporte na Fran\u00e7a. Ele conquistou uma medalha de ouro nas Olimp\u00edadas de 2012 na categoria mais de 100 kg. Instagram: @teddyriner<\/p>\n<p><img loading=\"lazy\" decoding=\"async\" class=\"aligncenter size-full wp-image-6019\" src=\"http:\/\/www.correio24horas.com.br\/blogs\/mesalte\/wp-content\/uploads\/2016\/08\/Teddy-Riner-Fran\u00e7a.jpg\" alt=\"Teddy Riner (Fran\u00e7a)\" width=\"394\" height=\"591\" srcset=\"https:\/\/blogs.correio24h.com.br\/mesalte\/wp-content\/uploads\/2016\/08\/Teddy-Riner-Fran\u00e7a.jpg 394w, https:\/\/blogs.correio24h.com.br\/mesalte\/wp-content\/uploads\/2016\/08\/Teddy-Riner-Fran\u00e7a-200x300.jpg 200w, https:\/\/blogs.correio24h.com.br\/mesalte\/wp-content\/uploads\/2016\/08\/Teddy-Riner-Fran\u00e7a-97x146.jpg 97w, https:\/\/blogs.correio24h.com.br\/mesalte\/wp-content\/uploads\/2016\/08\/Teddy-Riner-Fran\u00e7a-33x50.jpg 33w, https:\/\/blogs.correio24h.com.br\/mesalte\/wp-content\/uploads\/2016\/08\/Teddy-Riner-Fran\u00e7a-50x75.jpg 50w\" sizes=\"auto, (max-width: 394px) 100vw, 394px\" \/><\/p>\n<p><strong>6. Camille Lacourt (Fran\u00e7a) \u201c<\/strong> Nata\u00e7\u00e3o &#8211; Ele nada muito bem e capricha no corpo definido. Instagram: @cam_lacourt_off<\/p>\n<p><img loading=\"lazy\" decoding=\"async\" class=\"aligncenter size-full wp-image-6020\" src=\"http:\/\/www.correio24horas.com.br\/blogs\/mesalte\/wp-content\/uploads\/2016\/08\/Camille-Lacourt-Fran\u00e7a-\u201c-Nata\u00e7\u00e3o.jpg\" alt=\"Camille Lacourt (Fran\u00e7a) \u201c Nata\u00e7\u00e3o\" width=\"314\" height=\"440\" srcset=\"https:\/\/blogs.correio24h.com.br\/mesalte\/wp-content\/uploads\/2016\/08\/Camille-Lacourt-Fran\u00e7a-\u201c-Nata\u00e7\u00e3o.jpg 314w, https:\/\/blogs.correio24h.com.br\/mesalte\/wp-content\/uploads\/2016\/08\/Camille-Lacourt-Fran\u00e7a-\u201c-Nata\u00e7\u00e3o-214x300.jpg 214w, https:\/\/blogs.correio24h.com.br\/mesalte\/wp-content\/uploads\/2016\/08\/Camille-Lacourt-Fran\u00e7a-\u201c-Nata\u00e7\u00e3o-104x146.jpg 104w, https:\/\/blogs.correio24h.com.br\/mesalte\/wp-content\/uploads\/2016\/08\/Camille-Lacourt-Fran\u00e7a-\u201c-Nata\u00e7\u00e3o-36x50.jpg 36w, https:\/\/blogs.correio24h.com.br\/mesalte\/wp-content\/uploads\/2016\/08\/Camille-Lacourt-Fran\u00e7a-\u201c-Nata\u00e7\u00e3o-54x75.jpg 54w\" sizes=\"auto, (max-width: 314px) 100vw, 314px\" \/><\/p>\n<p><strong>7. Rhys Howden (Austr\u00e1lia)<\/strong> \u201c Polo Aqu\u00e1tico &#8211; Como diz uma amigue: esse a\u00ed alimenta uma fam\u00edlia inteira. Instagram: @rhyshowden<\/p>\n<p><img loading=\"lazy\" decoding=\"async\" class=\"aligncenter size-large wp-image-6021\" src=\"http:\/\/www.correio24horas.com.br\/blogs\/mesalte\/wp-content\/uploads\/2016\/08\/Rhys-Howden-Austr\u00e1lia-\u201c-Polo-Aqu\u00e1tico-686x1024.jpg\" alt=\"Rhys Howden (Austr\u00e1lia) \u201c Polo Aqu\u00e1tico\" width=\"686\" height=\"1024\" srcset=\"https:\/\/blogs.correio24h.com.br\/mesalte\/wp-content\/uploads\/2016\/08\/Rhys-Howden-Austr\u00e1lia-\u201c-Polo-Aqu\u00e1tico-686x1024.jpg 686w, https:\/\/blogs.correio24h.com.br\/mesalte\/wp-content\/uploads\/2016\/08\/Rhys-Howden-Austr\u00e1lia-\u201c-Polo-Aqu\u00e1tico-201x300.jpg 201w, https:\/\/blogs.correio24h.com.br\/mesalte\/wp-content\/uploads\/2016\/08\/Rhys-Howden-Austr\u00e1lia-\u201c-Polo-Aqu\u00e1tico-768x1147.jpg 768w, https:\/\/blogs.correio24h.com.br\/mesalte\/wp-content\/uploads\/2016\/08\/Rhys-Howden-Austr\u00e1lia-\u201c-Polo-Aqu\u00e1tico-98x146.jpg 98w, https:\/\/blogs.correio24h.com.br\/mesalte\/wp-content\/uploads\/2016\/08\/Rhys-Howden-Austr\u00e1lia-\u201c-Polo-Aqu\u00e1tico-33x50.jpg 33w, https:\/\/blogs.correio24h.com.br\/mesalte\/wp-content\/uploads\/2016\/08\/Rhys-Howden-Austr\u00e1lia-\u201c-Polo-Aqu\u00e1tico-50x75.jpg 50w, https:\/\/blogs.correio24h.com.br\/mesalte\/wp-content\/uploads\/2016\/08\/Rhys-Howden-Austr\u00e1lia-\u201c-Polo-Aqu\u00e1tico.jpg 800w\" sizes=\"auto, (max-width: 686px) 100vw, 686px\" \/><\/p>\n<p><strong>8.Leonardo de Deus<\/strong> (Brasil) \u201c Nata\u00e7\u00e3o \u201c Esse brasileiro j\u00e1 \u00e9 aben\u00e7oado por natureza. Instagram: @leogdeus<\/p>\n<p><img loading=\"lazy\" decoding=\"async\" class=\"aligncenter size-large wp-image-6022\" src=\"http:\/\/www.correio24horas.com.br\/blogs\/mesalte\/wp-content\/uploads\/2016\/08\/Leonardo-de-DEus-1024x1024.jpg\" alt=\"Leonardo de DEus\" width=\"1024\" height=\"1024\" srcset=\"https:\/\/blogs.correio24h.com.br\/mesalte\/wp-content\/uploads\/2016\/08\/Leonardo-de-DEus-1024x1024.jpg 1024w, https:\/\/blogs.correio24h.com.br\/mesalte\/wp-content\/uploads\/2016\/08\/Leonardo-de-DEus-150x150.jpg 150w, https:\/\/blogs.correio24h.com.br\/mesalte\/wp-content\/uploads\/2016\/08\/Leonardo-de-DEus-300x300.jpg 300w, https:\/\/blogs.correio24h.com.br\/mesalte\/wp-content\/uploads\/2016\/08\/Leonardo-de-DEus-768x768.jpg 768w, https:\/\/blogs.correio24h.com.br\/mesalte\/wp-content\/uploads\/2016\/08\/Leonardo-de-DEus-146x146.jpg 146w, https:\/\/blogs.correio24h.com.br\/mesalte\/wp-content\/uploads\/2016\/08\/Leonardo-de-DEus-50x50.jpg 50w, https:\/\/blogs.correio24h.com.br\/mesalte\/wp-content\/uploads\/2016\/08\/Leonardo-de-DEus-80x80.jpg 80w, https:\/\/blogs.correio24h.com.br\/mesalte\/wp-content\/uploads\/2016\/08\/Leonardo-de-DEus-75x75.jpg 75w, https:\/\/blogs.correio24h.com.br\/mesalte\/wp-content\/uploads\/2016\/08\/Leonardo-de-DEus-85x85.jpg 85w, https:\/\/blogs.correio24h.com.br\/mesalte\/wp-content\/uploads\/2016\/08\/Leonardo-de-DEus.jpg 1080w\" sizes=\"auto, (max-width: 1024px) 100vw, 1024px\" \/><\/p>\n<p><strong>8. David Oliver (EUA) &#8211;<\/strong> Atletismo &#8211; Ele treina todos os dias para ficar de pernas boas na pista. Uma del\u00edcia. Instagram: @doliversub13<\/p>\n<p><img loading=\"lazy\" decoding=\"async\" class=\"aligncenter size-full wp-image-6023\" src=\"http:\/\/www.correio24horas.com.br\/blogs\/mesalte\/wp-content\/uploads\/2016\/08\/David-Oliver.jpg\" alt=\"David Oliver\" width=\"400\" height=\"599\" srcset=\"https:\/\/blogs.correio24h.com.br\/mesalte\/wp-content\/uploads\/2016\/08\/David-Oliver.jpg 400w, https:\/\/blogs.correio24h.com.br\/mesalte\/wp-content\/uploads\/2016\/08\/David-Oliver-200x300.jpg 200w, https:\/\/blogs.correio24h.com.br\/mesalte\/wp-content\/uploads\/2016\/08\/David-Oliver-97x146.jpg 97w, https:\/\/blogs.correio24h.com.br\/mesalte\/wp-content\/uploads\/2016\/08\/David-Oliver-33x50.jpg 33w, https:\/\/blogs.correio24h.com.br\/mesalte\/wp-content\/uploads\/2016\/08\/David-Oliver-50x75.jpg 50w\" sizes=\"auto, (max-width: 400px) 100vw, 400px\" \/><\/p>\n<p><strong>9. Ivan Pastor (Espanha)<\/strong> \u201c Vela &#8211; Esse lindo \u00e9 um charme e ainda veleja bem. Tem um olhar daqueles que penetra na alma. Instagram: @ivanpastor<\/p>\n<p><img loading=\"lazy\" decoding=\"async\" class=\"aligncenter size-large wp-image-6024\" src=\"http:\/\/www.correio24horas.com.br\/blogs\/mesalte\/wp-content\/uploads\/2016\/08\/Ivan-Pastor-Espanha-\u201c-Vela-683x1024.jpg\" alt=\"Ivan Pastor (Espanha) \u201c Vela\" width=\"683\" height=\"1024\" srcset=\"https:\/\/blogs.correio24h.com.br\/mesalte\/wp-content\/uploads\/2016\/08\/Ivan-Pastor-Espanha-\u201c-Vela-683x1024.jpg 683w, https:\/\/blogs.correio24h.com.br\/mesalte\/wp-content\/uploads\/2016\/08\/Ivan-Pastor-Espanha-\u201c-Vela-200x300.jpg 200w, https:\/\/blogs.correio24h.com.br\/mesalte\/wp-content\/uploads\/2016\/08\/Ivan-Pastor-Espanha-\u201c-Vela-768x1152.jpg 768w, https:\/\/blogs.correio24h.com.br\/mesalte\/wp-content\/uploads\/2016\/08\/Ivan-Pastor-Espanha-\u201c-Vela-97x146.jpg 97w, https:\/\/blogs.correio24h.com.br\/mesalte\/wp-content\/uploads\/2016\/08\/Ivan-Pastor-Espanha-\u201c-Vela-33x50.jpg 33w, https:\/\/blogs.correio24h.com.br\/mesalte\/wp-content\/uploads\/2016\/08\/Ivan-Pastor-Espanha-\u201c-Vela-50x75.jpg 50w, https:\/\/blogs.correio24h.com.br\/mesalte\/wp-content\/uploads\/2016\/08\/Ivan-Pastor-Espanha-\u201c-Vela.jpg 1200w\" sizes=\"auto, (max-width: 683px) 100vw, 683px\" \/><\/p>\n<p><strong>10. Kyrie Irving<\/strong> \u201c Basquete \u201c EUA &#8211; Olha s\u00f3 essa barba e imagina ela passando no pesco\u00e7o! Ai, ai! Instagram: @kyrieirving<\/p>\n<p><img loading=\"lazy\" decoding=\"async\" class=\"aligncenter size-full wp-image-6025\" src=\"http:\/\/www.correio24horas.com.br\/blogs\/mesalte\/wp-content\/uploads\/2016\/08\/@kyrieirving.jpg\" alt=\"@kyrieirving\" width=\"552\" height=\"499\" srcset=\"https:\/\/blogs.correio24h.com.br\/mesalte\/wp-content\/uploads\/2016\/08\/@kyrieirving.jpg 552w, https:\/\/blogs.correio24h.com.br\/mesalte\/wp-content\/uploads\/2016\/08\/@kyrieirving-300x271.jpg 300w, https:\/\/blogs.correio24h.com.br\/mesalte\/wp-content\/uploads\/2016\/08\/@kyrieirving-162x146.jpg 162w, https:\/\/blogs.correio24h.com.br\/mesalte\/wp-content\/uploads\/2016\/08\/@kyrieirving-50x45.jpg 50w, https:\/\/blogs.correio24h.com.br\/mesalte\/wp-content\/uploads\/2016\/08\/@kyrieirving-83x75.jpg 83w\" sizes=\"auto, (max-width: 552px) 100vw, 552px\" \/><\/p>\n<p>&nbsp;<\/p>\n","protected":false},"excerpt":{"rendered":"<p>O especial Me Salte com vara [ou n\u00e3o]\u00c2\u00a0&#8211; nossa vers\u00e3o ol\u00edmpica &#8211; \u00c2\u00a0come\u00e7a animado hoje, dia em que se abre oficialmente a Olimp\u00edada do Rio de [&hellip;]<\/p>\n","protected":false},"author":1,"featured_media":6024,"comment_status":"open","ping_status":"open","sticky":false,"template":"","format":"image","meta":{"footnotes":""},"categories":[80,27],"tags":[508,512,515,516,517,514,507,509,513,511,510],"class_list":["post-6012","post","type-post","status-publish","format-image","has-post-thumbnail","hentry","category-home","category-me-abano","tag-arthur-nory","tag-camille-lacourt","tag-david-oliver","tag-ivan-pastor","tag-kyrie-irving","tag-leonardo-de-deus","tag-luca-dotto","tag-matt-anderson","tag-rhys-howden","tag-teddy-riner","tag-tom-daley","post_format-post-format-image"],"_links":{"self":[{"href":"https:\/\/blogs.correio24horas.com.br\/mesalte\/wp-json\/wp\/v2\/posts\/6012","targetHints":{"allow":["GET"]}}],"collection":[{"href":"https:\/\/blogs.correio24horas.com.br\/mesalte\/wp-json\/wp\/v2\/posts"}],"about":[{"href":"https:\/\/blogs.correio24horas.com.br\/mesalte\/wp-json\/wp\/v2\/types\/post"}],"author":[{"embeddable":true,"href":"https:\/\/blogs.correio24horas.com.br\/mesalte\/wp-json\/wp\/v2\/users\/1"}],"replies":[{"embeddable":true,"href":"https:\/\/blogs.correio24horas.com.br\/mesalte\/wp-json\/wp\/v2\/comments?post=6012"}],"version-history":[{"count":6,"href":"https:\/\/blogs.correio24horas.com.br\/mesalte\/wp-json\/wp\/v2\/posts\/6012\/revisions"}],"predecessor-version":[{"id":6071,"href":"https:\/\/blogs.correio24horas.com.br\/mesalte\/wp-json\/wp\/v2\/posts\/6012\/revisions\/6071"}],"wp:featuredmedia":[{"embeddable":true,"href":"https:\/\/blogs.correio24horas.com.br\/mesalte\/wp-json\/wp\/v2\/media\/6024"}],"wp:attachment":[{"href":"https:\/\/blogs.correio24horas.com.br\/mesalte\/wp-json\/wp\/v2\/media?parent=6012"}],"wp:term":[{"taxonomy":"category","embeddable":true,"href":"https:\/\/blogs.correio24horas.com.br\/mesalte\/wp-json\/wp\/v2\/categories?post=6012"},{"taxonomy":"post_tag","embeddable":true,"href":"https:\/\/blogs.correio24horas.com.br\/mesalte\/wp-json\/wp\/v2\/tags?post=6012"}],"curies":[{"name":"wp","href":"https:\/\/api.w.org\/{rel}","templated":true}]}}