{"id":5957,"date":"2016-08-03T13:50:16","date_gmt":"2016-08-03T16:50:16","guid":{"rendered":"http:\/\/www.correio24horas.com.br\/blogs\/mesalte\/?p=5957"},"modified":"2016-08-03T13:50:16","modified_gmt":"2016-08-03T16:50:16","slug":"papa-critica-escolas-que-ensinam-que-criancas-podem-escolher-genero-isso-e-terrivel","status":"publish","type":"post","link":"https:\/\/blogs.correio24horas.com.br\/mesalte\/papa-critica-escolas-que-ensinam-que-criancas-podem-escolher-genero-isso-e-terrivel\/","title":{"rendered":"Papa critica escolas que ensinam que crian\u00e7as podem &#8216;escolher g\u00eanero&#8217;: Isso \u00e9 terr\u00edvel!\u009d"},"content":{"rendered":"<p>O papa Francisco, que sempre se mostrou aberto \u00e0 \u00a0s causas LGBT, falou algo que est\u00e1 sendo criticado por muitas pessoas como sendo mais um retrocesso da Igreja. Em reuni\u00e3o, na Pol\u00f4nia, durante a Jornada Mundial da Juventude, o pont\u00edfice destacou que as escolas n\u00e3o devem ensinar as crian\u00e7as que eles podem escolher por um g\u00eanero.\u00c2\u00a0 Hoje, as escolas ensinam para as crian\u00e7as \u201c para as crian\u00e7as! \u201c que qualquer um pode escolher seu g\u00eanero. Isso \u00e9 terr\u00edvel!\u009d, disse\u00c2\u00a0que classificou\u00c2\u00a0o ensino da liberdade de g\u00eanero de coloniza\u00e7\u00e3o ideol\u00f3gica\u009d apoiada por pa\u00edses muito influentes\u009d. Um dos casos dessa coloniza\u00e7\u00e3o \u00e9 \u201c digo claramente com todas as letras \u201c o g\u00eanero\u009d, disse.<\/p>\n<p>De acordo com interlocutores do pont\u00edfice, ele chegou a conversar \u00c2\u00a0sobre o tema com o papa Bento XVI, que renunciou ao cargo em 2013.\u00c2\u00a0Conversando com o Papa Bento, que est\u00e1 com a mente bem clara, ele me disse: \u02dcSantidade, isso \u00e9 a \u00e9poca do pecado contra Deus, O Criador, ele \u00e9 inteligente! Deus fez o homem e a mulher, Deus fez o mundo deste jeito, deste jeito, deste jeito e n\u00f3s estamos fazendo o contr\u00e1rio\u009d, disse Francisco.<\/p>\n","protected":false},"excerpt":{"rendered":"<p>O papa Francisco, que sempre se mostrou aberto \u00e0 \u00a0s causas LGBT, falou algo que est\u00e1 sendo criticado por muitas pessoas como sendo mais um retrocesso [&hellip;]<\/p>\n","protected":false},"author":1,"featured_media":4811,"comment_status":"open","ping_status":"open","sticky":false,"template":"","format":"image","meta":{"footnotes":""},"categories":[80,11],"tags":[],"class_list":["post-5957","post","type-post","status-publish","format-image","has-post-thumbnail","hentry","category-home","category-me-informo","post_format-post-format-image"],"_links":{"self":[{"href":"https:\/\/blogs.correio24horas.com.br\/mesalte\/wp-json\/wp\/v2\/posts\/5957","targetHints":{"allow":["GET"]}}],"collection":[{"href":"https:\/\/blogs.correio24horas.com.br\/mesalte\/wp-json\/wp\/v2\/posts"}],"about":[{"href":"https:\/\/blogs.correio24horas.com.br\/mesalte\/wp-json\/wp\/v2\/types\/post"}],"author":[{"embeddable":true,"href":"https:\/\/blogs.correio24horas.com.br\/mesalte\/wp-json\/wp\/v2\/users\/1"}],"replies":[{"embeddable":true,"href":"https:\/\/blogs.correio24horas.com.br\/mesalte\/wp-json\/wp\/v2\/comments?post=5957"}],"version-history":[{"count":1,"href":"https:\/\/blogs.correio24horas.com.br\/mesalte\/wp-json\/wp\/v2\/posts\/5957\/revisions"}],"predecessor-version":[{"id":5958,"href":"https:\/\/blogs.correio24horas.com.br\/mesalte\/wp-json\/wp\/v2\/posts\/5957\/revisions\/5958"}],"wp:featuredmedia":[{"embeddable":true,"href":"https:\/\/blogs.correio24horas.com.br\/mesalte\/wp-json\/wp\/v2\/media\/4811"}],"wp:attachment":[{"href":"https:\/\/blogs.correio24horas.com.br\/mesalte\/wp-json\/wp\/v2\/media?parent=5957"}],"wp:term":[{"taxonomy":"category","embeddable":true,"href":"https:\/\/blogs.correio24horas.com.br\/mesalte\/wp-json\/wp\/v2\/categories?post=5957"},{"taxonomy":"post_tag","embeddable":true,"href":"https:\/\/blogs.correio24horas.com.br\/mesalte\/wp-json\/wp\/v2\/tags?post=5957"}],"curies":[{"name":"wp","href":"https:\/\/api.w.org\/{rel}","templated":true}]}}