{"id":5918,"date":"2016-08-02T11:43:20","date_gmt":"2016-08-02T14:43:20","guid":{"rendered":"http:\/\/www.correio24horas.com.br\/blogs\/mesalte\/?p=5918"},"modified":"2016-08-02T17:06:14","modified_gmt":"2016-08-02T20:06:14","slug":"no-twitter-mc-biel-diz-que-mulheres-que-usam-decote-nao-merecem-respeito-e-fala-mal-de-gays-negros-e-travestis","status":"publish","type":"post","link":"https:\/\/blogs.correio24horas.com.br\/mesalte\/no-twitter-mc-biel-diz-que-mulheres-que-usam-decote-nao-merecem-respeito-e-fala-mal-de-gays-negros-e-travestis\/","title":{"rendered":"No Twitter, MC Biel diz que mulheres que usam decote n\u00e3o merecem respeito e fala mal de gays, negros e travestis"},"content":{"rendered":"<p>O\u00c2\u00a0cantor MC Biel est\u00e1 respondendo pelo crime de estupro depois que foi acusado por uma <a href=\"http:\/\/www.correio24horas.com.br\/single-entretenimento\/noticia\/mc-biel-e-denunciado-por-injuria-por-outra-reporter-diz-site\/?cHash=96003caf36c6d87dcb82d467ca9d7a73\" target=\"_blank\">jornalista do portal de not\u00edcias IG<\/a>. O caso aconteceu em junho desse ano quando ele disse, dentre outras coisas : &#8220;Se te pego, te quebro no meio&#8221;. \u00c2\u00a0Mas, parece que o cantor j\u00e1 pensa e age de forma<a href=\"http:\/\/www.correio24horas.com.br\/single-entretenimento\/noticia\/biel-e-acusado-de-assediar-reporter-em-coletiva-se-te-pego-te-quebro-no-meio\/?cHash=114a69b359ff7cd809af354f07251588\" target=\"_blank\"> desrespeitosa h\u00e1 muito mais tempo<\/a>. Seguidores do artista publicaram nas redes sociais postagens antigas &#8211; 2011 e 2012 &#8211; \u00c2\u00a0do artista pelo Twitter onde ele manifesta de forma preconceituosa com mulheres, gays, travestis e pessoas negras.<\/p>\n<p>Em uma das postagens ele escreveu:\u00c2\u00a0&#8220;Bixa (sic) tem todo direito de ser bixa, mas n\u00e3o precisa extravazar, n\u00e9? Eu sou homem e n\u00e3o saio por ai esbanjando masculinidade e machismo&#8221;. Em outra postagem, o cantor falou:\u00c2\u00a0&#8220;Mulher que anda decotada mostrando tudo pra todo mundo n\u00e3o merece respeito, minha opini\u00e3o&#8221;;\u00c2\u00a0Depois da divulga\u00e7\u00e3o, ele tornou privado seus posts na rede social. Mas, printamos alguns:<\/p>\n\n\t\t\t<style type='text\/css'>\n\t\t\t\t#gallery-1 {\n\t\t\t\t\tmargin: auto;\n\t\t\t\t}\n\t\t\t\t#gallery-1 .gallery-item {\n\t\t\t\t\tfloat: left;\n\t\t\t\t\tmargin-top: 10px;\n\t\t\t\t\ttext-align: center;\n\t\t\t\t\twidth: 33.33%;\n\t\t\t\t}\n\t\t\t\t#gallery-1 img {\n\t\t\t\t\tborder: 2px solid #cfcfcf;\n\t\t\t\t}\n\t\t\t\t#gallery-1 .gallery-caption {\n\t\t\t\t\tmargin-left: 0;\n\t\t\t\t}\n\t\t\t\t\/* see gallery_shortcode() in wp-includes\/media.php *\/\n\t\t\t<\/style>\n\t\t<div id='gallery-1' class='gallery galleryid-5918 gallery-columns-3 gallery-size-large '><dl class='gallery-item'>\n\t\t\t\t<dt class='gallery-icon landscape'>\n\t\t\t\t\t<a href='https:\/\/blogs.correio24horas.com.br\/mesalte\/no-twitter-mc-biel-diz-que-mulheres-que-usam-decote-nao-merecem-respeito-e-fala-mal-de-gays-negros-e-travestis\/biel-2\/'><img loading=\"lazy\" decoding=\"async\" width=\"769\" height=\"516\" src=\"https:\/\/blogs.correio24h.com.br\/mesalte\/wp-content\/uploads\/2016\/08\/Biel.jpg\" class=\"attachment-large size-large\" alt=\"\" srcset=\"https:\/\/blogs.correio24h.com.br\/mesalte\/wp-content\/uploads\/2016\/08\/Biel.jpg 769w, https:\/\/blogs.correio24h.com.br\/mesalte\/wp-content\/uploads\/2016\/08\/Biel-300x201.jpg 300w, https:\/\/blogs.correio24h.com.br\/mesalte\/wp-content\/uploads\/2016\/08\/Biel-768x515.jpg 768w, https:\/\/blogs.correio24h.com.br\/mesalte\/wp-content\/uploads\/2016\/08\/Biel-218x146.jpg 218w, https:\/\/blogs.correio24h.com.br\/mesalte\/wp-content\/uploads\/2016\/08\/Biel-50x34.jpg 50w, https:\/\/blogs.correio24h.com.br\/mesalte\/wp-content\/uploads\/2016\/08\/Biel-112x75.jpg 112w\" sizes=\"auto, (max-width: 769px) 100vw, 769px\" \/><\/a>\n\t\t\t\t<\/dt><\/dl><dl class='gallery-item'>\n\t\t\t\t<dt class='gallery-icon landscape'>\n\t\t\t\t\t<a href='https:\/\/blogs.correio24horas.com.br\/mesalte\/no-twitter-mc-biel-diz-que-mulheres-que-usam-decote-nao-merecem-respeito-e-fala-mal-de-gays-negros-e-travestis\/biel2\/'><img loading=\"lazy\" decoding=\"async\" width=\"778\" height=\"449\" src=\"https:\/\/blogs.correio24h.com.br\/mesalte\/wp-content\/uploads\/2016\/08\/Biel2.jpg\" class=\"attachment-large size-large\" alt=\"\" srcset=\"https:\/\/blogs.correio24h.com.br\/mesalte\/wp-content\/uploads\/2016\/08\/Biel2.jpg 778w, https:\/\/blogs.correio24h.com.br\/mesalte\/wp-content\/uploads\/2016\/08\/Biel2-300x173.jpg 300w, https:\/\/blogs.correio24h.com.br\/mesalte\/wp-content\/uploads\/2016\/08\/Biel2-768x443.jpg 768w, https:\/\/blogs.correio24h.com.br\/mesalte\/wp-content\/uploads\/2016\/08\/Biel2-253x146.jpg 253w, https:\/\/blogs.correio24h.com.br\/mesalte\/wp-content\/uploads\/2016\/08\/Biel2-50x29.jpg 50w, https:\/\/blogs.correio24h.com.br\/mesalte\/wp-content\/uploads\/2016\/08\/Biel2-130x75.jpg 130w\" sizes=\"auto, (max-width: 778px) 100vw, 778px\" \/><\/a>\n\t\t\t\t<\/dt><\/dl><dl class='gallery-item'>\n\t\t\t\t<dt class='gallery-icon landscape'>\n\t\t\t\t\t<a href='https:\/\/blogs.correio24horas.com.br\/mesalte\/no-twitter-mc-biel-diz-que-mulheres-que-usam-decote-nao-merecem-respeito-e-fala-mal-de-gays-negros-e-travestis\/biel3\/'><img loading=\"lazy\" decoding=\"async\" width=\"779\" height=\"308\" src=\"https:\/\/blogs.correio24h.com.br\/mesalte\/wp-content\/uploads\/2016\/08\/Biel3.jpg\" class=\"attachment-large size-large\" alt=\"\" srcset=\"https:\/\/blogs.correio24h.com.br\/mesalte\/wp-content\/uploads\/2016\/08\/Biel3.jpg 779w, https:\/\/blogs.correio24h.com.br\/mesalte\/wp-content\/uploads\/2016\/08\/Biel3-300x119.jpg 300w, https:\/\/blogs.correio24h.com.br\/mesalte\/wp-content\/uploads\/2016\/08\/Biel3-768x304.jpg 768w, https:\/\/blogs.correio24h.com.br\/mesalte\/wp-content\/uploads\/2016\/08\/Biel3-260x103.jpg 260w, https:\/\/blogs.correio24h.com.br\/mesalte\/wp-content\/uploads\/2016\/08\/Biel3-50x20.jpg 50w, https:\/\/blogs.correio24h.com.br\/mesalte\/wp-content\/uploads\/2016\/08\/Biel3-150x59.jpg 150w\" sizes=\"auto, (max-width: 779px) 100vw, 779px\" \/><\/a>\n\t\t\t\t<\/dt><\/dl><br style=\"clear: both\" \/><dl class='gallery-item'>\n\t\t\t\t<dt class='gallery-icon landscape'>\n\t\t\t\t\t<a href='https:\/\/blogs.correio24horas.com.br\/mesalte\/no-twitter-mc-biel-diz-que-mulheres-que-usam-decote-nao-merecem-respeito-e-fala-mal-de-gays-negros-e-travestis\/biel4\/'><img loading=\"lazy\" decoding=\"async\" width=\"716\" height=\"554\" src=\"https:\/\/blogs.correio24h.com.br\/mesalte\/wp-content\/uploads\/2016\/08\/Biel4.jpg\" class=\"attachment-large size-large\" alt=\"\" srcset=\"https:\/\/blogs.correio24h.com.br\/mesalte\/wp-content\/uploads\/2016\/08\/Biel4.jpg 716w, https:\/\/blogs.correio24h.com.br\/mesalte\/wp-content\/uploads\/2016\/08\/Biel4-300x232.jpg 300w, https:\/\/blogs.correio24h.com.br\/mesalte\/wp-content\/uploads\/2016\/08\/Biel4-189x146.jpg 189w, https:\/\/blogs.correio24h.com.br\/mesalte\/wp-content\/uploads\/2016\/08\/Biel4-50x39.jpg 50w, https:\/\/blogs.correio24h.com.br\/mesalte\/wp-content\/uploads\/2016\/08\/Biel4-97x75.jpg 97w\" sizes=\"auto, (max-width: 716px) 100vw, 716px\" \/><\/a>\n\t\t\t\t<\/dt><\/dl><dl class='gallery-item'>\n\t\t\t\t<dt class='gallery-icon landscape'>\n\t\t\t\t\t<a href='https:\/\/blogs.correio24horas.com.br\/mesalte\/no-twitter-mc-biel-diz-que-mulheres-que-usam-decote-nao-merecem-respeito-e-fala-mal-de-gays-negros-e-travestis\/biel5\/'><img loading=\"lazy\" decoding=\"async\" width=\"362\" height=\"249\" src=\"https:\/\/blogs.correio24h.com.br\/mesalte\/wp-content\/uploads\/2016\/08\/Biel5.jpg\" class=\"attachment-large size-large\" alt=\"\" srcset=\"https:\/\/blogs.correio24h.com.br\/mesalte\/wp-content\/uploads\/2016\/08\/Biel5.jpg 362w, https:\/\/blogs.correio24h.com.br\/mesalte\/wp-content\/uploads\/2016\/08\/Biel5-300x206.jpg 300w, https:\/\/blogs.correio24h.com.br\/mesalte\/wp-content\/uploads\/2016\/08\/Biel5-212x146.jpg 212w, https:\/\/blogs.correio24h.com.br\/mesalte\/wp-content\/uploads\/2016\/08\/Biel5-50x34.jpg 50w, https:\/\/blogs.correio24h.com.br\/mesalte\/wp-content\/uploads\/2016\/08\/Biel5-109x75.jpg 109w\" sizes=\"auto, (max-width: 362px) 100vw, 362px\" \/><\/a>\n\t\t\t\t<\/dt><\/dl><dl class='gallery-item'>\n\t\t\t\t<dt class='gallery-icon landscape'>\n\t\t\t\t\t<a href='https:\/\/blogs.correio24horas.com.br\/mesalte\/no-twitter-mc-biel-diz-que-mulheres-que-usam-decote-nao-merecem-respeito-e-fala-mal-de-gays-negros-e-travestis\/biel6\/'><img loading=\"lazy\" decoding=\"async\" width=\"786\" height=\"536\" src=\"https:\/\/blogs.correio24h.com.br\/mesalte\/wp-content\/uploads\/2016\/08\/Biel6.jpg\" class=\"attachment-large size-large\" alt=\"\" srcset=\"https:\/\/blogs.correio24h.com.br\/mesalte\/wp-content\/uploads\/2016\/08\/Biel6.jpg 786w, https:\/\/blogs.correio24h.com.br\/mesalte\/wp-content\/uploads\/2016\/08\/Biel6-300x205.jpg 300w, https:\/\/blogs.correio24h.com.br\/mesalte\/wp-content\/uploads\/2016\/08\/Biel6-768x524.jpg 768w, https:\/\/blogs.correio24h.com.br\/mesalte\/wp-content\/uploads\/2016\/08\/Biel6-214x146.jpg 214w, https:\/\/blogs.correio24h.com.br\/mesalte\/wp-content\/uploads\/2016\/08\/Biel6-50x34.jpg 50w, https:\/\/blogs.correio24h.com.br\/mesalte\/wp-content\/uploads\/2016\/08\/Biel6-110x75.jpg 110w\" sizes=\"auto, (max-width: 786px) 100vw, 786px\" \/><\/a>\n\t\t\t\t<\/dt><\/dl><br style=\"clear: both\" \/><dl class='gallery-item'>\n\t\t\t\t<dt class='gallery-icon landscape'>\n\t\t\t\t\t<a href='https:\/\/blogs.correio24horas.com.br\/mesalte\/no-twitter-mc-biel-diz-que-mulheres-que-usam-decote-nao-merecem-respeito-e-fala-mal-de-gays-negros-e-travestis\/biel7\/'><img loading=\"lazy\" decoding=\"async\" width=\"781\" height=\"521\" src=\"https:\/\/blogs.correio24h.com.br\/mesalte\/wp-content\/uploads\/2016\/08\/Biel7.jpg\" class=\"attachment-large size-large\" alt=\"\" srcset=\"https:\/\/blogs.correio24h.com.br\/mesalte\/wp-content\/uploads\/2016\/08\/Biel7.jpg 781w, https:\/\/blogs.correio24h.com.br\/mesalte\/wp-content\/uploads\/2016\/08\/Biel7-300x200.jpg 300w, https:\/\/blogs.correio24h.com.br\/mesalte\/wp-content\/uploads\/2016\/08\/Biel7-768x512.jpg 768w, https:\/\/blogs.correio24h.com.br\/mesalte\/wp-content\/uploads\/2016\/08\/Biel7-219x146.jpg 219w, https:\/\/blogs.correio24h.com.br\/mesalte\/wp-content\/uploads\/2016\/08\/Biel7-50x33.jpg 50w, https:\/\/blogs.correio24h.com.br\/mesalte\/wp-content\/uploads\/2016\/08\/Biel7-112x75.jpg 112w\" sizes=\"auto, (max-width: 781px) 100vw, 781px\" \/><\/a>\n\t\t\t\t<\/dt><\/dl>\n\t\t\t\t<br style='clear: both' \/>\n\t\t\t<\/div>\n\n<p><a href=\"http:\/\/www.correio24horas.com.br\/blogs\/mesalte\/18anos-em-protesto-pelo-bloqueio-do-whatsapp-biel-posta-foto-de-cueca-branca-no-instagram-e-snapchat-veja\/\" target=\"_blank\">Recentemente, ele postou foto de cueca branca nas redes sociais.<\/a><\/p>\n<p>&nbsp;<\/p>\n","protected":false},"excerpt":{"rendered":"<p>O\u00c2\u00a0cantor MC Biel est\u00e1 respondendo pelo crime de estupro depois que foi acusado por uma jornalista do portal de not\u00edcias IG. O caso aconteceu em junho [&hellip;]<\/p>\n","protected":false},"author":1,"featured_media":5927,"comment_status":"open","ping_status":"open","sticky":false,"template":"","format":"image","meta":{"footnotes":""},"categories":[28,80],"tags":[497],"class_list":["post-5918","post","type-post","status-publish","format-image","has-post-thumbnail","hentry","category-farofa-digital","category-home","tag-biel","post_format-post-format-image"],"_links":{"self":[{"href":"https:\/\/blogs.correio24horas.com.br\/mesalte\/wp-json\/wp\/v2\/posts\/5918","targetHints":{"allow":["GET"]}}],"collection":[{"href":"https:\/\/blogs.correio24horas.com.br\/mesalte\/wp-json\/wp\/v2\/posts"}],"about":[{"href":"https:\/\/blogs.correio24horas.com.br\/mesalte\/wp-json\/wp\/v2\/types\/post"}],"author":[{"embeddable":true,"href":"https:\/\/blogs.correio24horas.com.br\/mesalte\/wp-json\/wp\/v2\/users\/1"}],"replies":[{"embeddable":true,"href":"https:\/\/blogs.correio24horas.com.br\/mesalte\/wp-json\/wp\/v2\/comments?post=5918"}],"version-history":[{"count":1,"href":"https:\/\/blogs.correio24horas.com.br\/mesalte\/wp-json\/wp\/v2\/posts\/5918\/revisions"}],"predecessor-version":[{"id":5926,"href":"https:\/\/blogs.correio24horas.com.br\/mesalte\/wp-json\/wp\/v2\/posts\/5918\/revisions\/5926"}],"wp:featuredmedia":[{"embeddable":true,"href":"https:\/\/blogs.correio24horas.com.br\/mesalte\/wp-json\/wp\/v2\/media\/5927"}],"wp:attachment":[{"href":"https:\/\/blogs.correio24horas.com.br\/mesalte\/wp-json\/wp\/v2\/media?parent=5918"}],"wp:term":[{"taxonomy":"category","embeddable":true,"href":"https:\/\/blogs.correio24horas.com.br\/mesalte\/wp-json\/wp\/v2\/categories?post=5918"},{"taxonomy":"post_tag","embeddable":true,"href":"https:\/\/blogs.correio24horas.com.br\/mesalte\/wp-json\/wp\/v2\/tags?post=5918"}],"curies":[{"name":"wp","href":"https:\/\/api.w.org\/{rel}","templated":true}]}}