{"id":5903,"date":"2016-08-01T13:10:45","date_gmt":"2016-08-01T16:10:45","guid":{"rendered":"http:\/\/www.correio24horas.com.br\/blogs\/mesalte\/?p=5903"},"modified":"2016-08-01T16:41:02","modified_gmt":"2016-08-01T19:41:02","slug":"moradores-de-porto-sauipe-promovem-ato-contra-pastor-que-colocou-placa-homofobica-em-igrejaveja-fotos","status":"publish","type":"post","link":"https:\/\/blogs.correio24horas.com.br\/mesalte\/moradores-de-porto-sauipe-promovem-ato-contra-pastor-que-colocou-placa-homofobica-em-igrejaveja-fotos\/","title":{"rendered":"Moradores de Porto Sau\u00edpe promovem ato contra pastor que colocou placa homof\u00f3bica em igreja;veja fotos"},"content":{"rendered":"<p>A comunidade LGBT de Porto Sau\u00edpe realizou no \u00faltimo s\u00e1bado (30) um ato contra ato homof\u00f3bico do pastor\u00c2\u00a0Milton Fran\u00e7a, que colocou uma frase b\u00edblica alterada para ter conota\u00e7\u00e3o homof\u00f3bica na frente da igreja Templo Batista B\u00edblico Sal\u00e9m. Com cartazes, sons e palavras de ordem, militantes LGBT da localidade buscaram mostrar o impacto negativo do ato do pastor para o respeito \u00e0 \u00a0 individualidade e a liberdade.<\/p>\n<p><strong>Veja v\u00eddeo de como foi o ato:<\/strong><br \/>\n<iframe loading=\"lazy\" style=\"border: none; overflow: hidden;\" src=\"https:\/\/www.facebook.com\/plugins\/video.php?href=https%3A%2F%2Fwww.facebook.com%2Fmesalte%2Fvideos%2F1133666426694896%2F&amp;show_text=0&amp;width=560\" width=\"560\" height=\"315\" frameborder=\"0\" scrolling=\"no\" allowfullscreen=\"allowfullscreen\"><\/iframe><\/p>\n<p>&nbsp;<\/p>\n<p>O ato circulou as ruas da localidade e culminou na pra\u00e7a do distrito onde as pessoas puderam se expressar e relatar seus anseios. &#8220;Muitas pessoas que n\u00e3o eram LGBT tamb\u00e9m participaram e isso foi muito importante&#8221;, disse\u00c2\u00a0Yuri de Lemos, 18 anos, ativista LGBT e natural de Porto Su\u00edpe.\u00c2\u00a0A a\u00e7\u00e3o da igreja est\u00e1 sendo alvo de investiga\u00e7\u00e3o do Minist\u00e9rio P\u00fablico da Bahia (MP-BA).\u00c2\u00a0Informa\u00e7\u00f5es dos militantes indicam que uma das placas foi retirada. O Me Salte tentou contato com o pastor, mas n\u00e3o teve sucesso.<\/p>\n<p>&nbsp;<\/p>\n\n\t\t\t<style type='text\/css'>\n\t\t\t\t#gallery-1 {\n\t\t\t\t\tmargin: auto;\n\t\t\t\t}\n\t\t\t\t#gallery-1 .gallery-item {\n\t\t\t\t\tfloat: left;\n\t\t\t\t\tmargin-top: 10px;\n\t\t\t\t\ttext-align: center;\n\t\t\t\t\twidth: 33.33%;\n\t\t\t\t}\n\t\t\t\t#gallery-1 img {\n\t\t\t\t\tborder: 2px solid #cfcfcf;\n\t\t\t\t}\n\t\t\t\t#gallery-1 .gallery-caption {\n\t\t\t\t\tmargin-left: 0;\n\t\t\t\t}\n\t\t\t\t\/* see gallery_shortcode() in wp-includes\/media.php *\/\n\t\t\t<\/style>\n\t\t<div id='gallery-1' class='gallery galleryid-5903 gallery-columns-3 gallery-size-large '><dl class='gallery-item'>\n\t\t\t\t<dt class='gallery-icon landscape'>\n\t\t\t\t\t<a href='https:\/\/blogs.correio24horas.com.br\/mesalte\/moradores-de-porto-sauipe-promovem-ato-contra-pastor-que-colocou-placa-homofobica-em-igrejaveja-fotos\/protesto-sauipe-4\/'><img loading=\"lazy\" decoding=\"async\" width=\"720\" height=\"478\" src=\"https:\/\/blogs.correio24h.com.br\/mesalte\/wp-content\/uploads\/2016\/08\/Protesto-Sauipe-4.jpg\" class=\"attachment-large size-large\" alt=\"\" srcset=\"https:\/\/blogs.correio24h.com.br\/mesalte\/wp-content\/uploads\/2016\/08\/Protesto-Sauipe-4.jpg 720w, https:\/\/blogs.correio24h.com.br\/mesalte\/wp-content\/uploads\/2016\/08\/Protesto-Sauipe-4-300x199.jpg 300w, https:\/\/blogs.correio24h.com.br\/mesalte\/wp-content\/uploads\/2016\/08\/Protesto-Sauipe-4-220x146.jpg 220w, https:\/\/blogs.correio24h.com.br\/mesalte\/wp-content\/uploads\/2016\/08\/Protesto-Sauipe-4-50x33.jpg 50w, https:\/\/blogs.correio24h.com.br\/mesalte\/wp-content\/uploads\/2016\/08\/Protesto-Sauipe-4-113x75.jpg 113w\" sizes=\"auto, (max-width: 720px) 100vw, 720px\" \/><\/a>\n\t\t\t\t<\/dt>\n\t\t\t\t\t<dd class='wp-caption-text gallery-caption'>\n\t\t\t\t\tFoto: En\u00e9as Schramm\n\t\t\t\t\t<\/dd><\/dl><dl class='gallery-item'>\n\t\t\t\t<dt class='gallery-icon portrait'>\n\t\t\t\t\t<a href='https:\/\/blogs.correio24horas.com.br\/mesalte\/moradores-de-porto-sauipe-promovem-ato-contra-pastor-que-colocou-placa-homofobica-em-igrejaveja-fotos\/protesto-sauipe-3\/'><img loading=\"lazy\" decoding=\"async\" width=\"680\" height=\"1024\" src=\"https:\/\/blogs.correio24h.com.br\/mesalte\/wp-content\/uploads\/2016\/08\/Protesto-Sauipe-3-680x1024.jpg\" class=\"attachment-large size-large\" alt=\"\" srcset=\"https:\/\/blogs.correio24h.com.br\/mesalte\/wp-content\/uploads\/2016\/08\/Protesto-Sauipe-3-680x1024.jpg 680w, https:\/\/blogs.correio24h.com.br\/mesalte\/wp-content\/uploads\/2016\/08\/Protesto-Sauipe-3-199x300.jpg 199w, https:\/\/blogs.correio24h.com.br\/mesalte\/wp-content\/uploads\/2016\/08\/Protesto-Sauipe-3-97x146.jpg 97w, https:\/\/blogs.correio24h.com.br\/mesalte\/wp-content\/uploads\/2016\/08\/Protesto-Sauipe-3-33x50.jpg 33w, https:\/\/blogs.correio24h.com.br\/mesalte\/wp-content\/uploads\/2016\/08\/Protesto-Sauipe-3-50x75.jpg 50w, https:\/\/blogs.correio24h.com.br\/mesalte\/wp-content\/uploads\/2016\/08\/Protesto-Sauipe-3.jpg 720w\" sizes=\"auto, (max-width: 680px) 100vw, 680px\" \/><\/a>\n\t\t\t\t<\/dt>\n\t\t\t\t\t<dd class='wp-caption-text gallery-caption'>\n\t\t\t\t\tFoto: En\u00e9as Schramm\n\t\t\t\t\t<\/dd><\/dl><dl class='gallery-item'>\n\t\t\t\t<dt class='gallery-icon portrait'>\n\t\t\t\t\t<a href='https:\/\/blogs.correio24horas.com.br\/mesalte\/moradores-de-porto-sauipe-promovem-ato-contra-pastor-que-colocou-placa-homofobica-em-igrejaveja-fotos\/protesto-sauipe-2\/'><img loading=\"lazy\" decoding=\"async\" width=\"680\" height=\"1024\" src=\"https:\/\/blogs.correio24h.com.br\/mesalte\/wp-content\/uploads\/2016\/08\/Protesto-Sauipe-2-680x1024.jpg\" class=\"attachment-large size-large\" alt=\"\" srcset=\"https:\/\/blogs.correio24h.com.br\/mesalte\/wp-content\/uploads\/2016\/08\/Protesto-Sauipe-2-680x1024.jpg 680w, https:\/\/blogs.correio24h.com.br\/mesalte\/wp-content\/uploads\/2016\/08\/Protesto-Sauipe-2-199x300.jpg 199w, https:\/\/blogs.correio24h.com.br\/mesalte\/wp-content\/uploads\/2016\/08\/Protesto-Sauipe-2-97x146.jpg 97w, https:\/\/blogs.correio24h.com.br\/mesalte\/wp-content\/uploads\/2016\/08\/Protesto-Sauipe-2-33x50.jpg 33w, https:\/\/blogs.correio24h.com.br\/mesalte\/wp-content\/uploads\/2016\/08\/Protesto-Sauipe-2-50x75.jpg 50w, https:\/\/blogs.correio24h.com.br\/mesalte\/wp-content\/uploads\/2016\/08\/Protesto-Sauipe-2.jpg 720w\" sizes=\"auto, (max-width: 680px) 100vw, 680px\" \/><\/a>\n\t\t\t\t<\/dt>\n\t\t\t\t\t<dd class='wp-caption-text gallery-caption'>\n\t\t\t\t\tFoto: En\u00e9as Schramm\n\t\t\t\t\t<\/dd><\/dl><br style=\"clear: both\" \/><dl class='gallery-item'>\n\t\t\t\t<dt class='gallery-icon portrait'>\n\t\t\t\t\t<a href='https:\/\/blogs.correio24horas.com.br\/mesalte\/moradores-de-porto-sauipe-promovem-ato-contra-pastor-que-colocou-placa-homofobica-em-igrejaveja-fotos\/protesto-sauipe-1\/'><img loading=\"lazy\" decoding=\"async\" width=\"680\" height=\"1024\" src=\"https:\/\/blogs.correio24h.com.br\/mesalte\/wp-content\/uploads\/2016\/08\/Protesto-Sauipe-1-680x1024.jpg\" class=\"attachment-large size-large\" alt=\"\" srcset=\"https:\/\/blogs.correio24h.com.br\/mesalte\/wp-content\/uploads\/2016\/08\/Protesto-Sauipe-1-680x1024.jpg 680w, https:\/\/blogs.correio24h.com.br\/mesalte\/wp-content\/uploads\/2016\/08\/Protesto-Sauipe-1-199x300.jpg 199w, https:\/\/blogs.correio24h.com.br\/mesalte\/wp-content\/uploads\/2016\/08\/Protesto-Sauipe-1-97x146.jpg 97w, https:\/\/blogs.correio24h.com.br\/mesalte\/wp-content\/uploads\/2016\/08\/Protesto-Sauipe-1-33x50.jpg 33w, https:\/\/blogs.correio24h.com.br\/mesalte\/wp-content\/uploads\/2016\/08\/Protesto-Sauipe-1-50x75.jpg 50w, https:\/\/blogs.correio24h.com.br\/mesalte\/wp-content\/uploads\/2016\/08\/Protesto-Sauipe-1.jpg 720w\" sizes=\"auto, (max-width: 680px) 100vw, 680px\" \/><\/a>\n\t\t\t\t<\/dt>\n\t\t\t\t\t<dd class='wp-caption-text gallery-caption'>\n\t\t\t\t\tFoto: En\u00e9as Schramm\n\t\t\t\t\t<\/dd><\/dl><dl class='gallery-item'>\n\t\t\t\t<dt class='gallery-icon landscape'>\n\t\t\t\t\t<a href='https:\/\/blogs.correio24horas.com.br\/mesalte\/moradores-de-porto-sauipe-promovem-ato-contra-pastor-que-colocou-placa-homofobica-em-igrejaveja-fotos\/protesto-porto-sauipe\/'><img loading=\"lazy\" decoding=\"async\" width=\"720\" height=\"600\" src=\"https:\/\/blogs.correio24h.com.br\/mesalte\/wp-content\/uploads\/2016\/08\/Protesto-Porto-Sauipe.jpg\" class=\"attachment-large size-large\" alt=\"\" srcset=\"https:\/\/blogs.correio24h.com.br\/mesalte\/wp-content\/uploads\/2016\/08\/Protesto-Porto-Sauipe.jpg 720w, https:\/\/blogs.correio24h.com.br\/mesalte\/wp-content\/uploads\/2016\/08\/Protesto-Porto-Sauipe-300x250.jpg 300w, https:\/\/blogs.correio24h.com.br\/mesalte\/wp-content\/uploads\/2016\/08\/Protesto-Porto-Sauipe-175x146.jpg 175w, https:\/\/blogs.correio24h.com.br\/mesalte\/wp-content\/uploads\/2016\/08\/Protesto-Porto-Sauipe-50x42.jpg 50w, https:\/\/blogs.correio24h.com.br\/mesalte\/wp-content\/uploads\/2016\/08\/Protesto-Porto-Sauipe-90x75.jpg 90w\" sizes=\"auto, (max-width: 720px) 100vw, 720px\" \/><\/a>\n\t\t\t\t<\/dt>\n\t\t\t\t\t<dd class='wp-caption-text gallery-caption'>\n\t\t\t\t\tFoto: En\u00e9as Schramm\n\t\t\t\t\t<\/dd><\/dl><dl class='gallery-item'>\n\t\t\t\t<dt class='gallery-icon landscape'>\n\t\t\t\t\t<a href='https:\/\/blogs.correio24horas.com.br\/mesalte\/moradores-de-porto-sauipe-promovem-ato-contra-pastor-que-colocou-placa-homofobica-em-igrejaveja-fotos\/protesto-porto-sauipe2\/'><img loading=\"lazy\" decoding=\"async\" width=\"720\" height=\"478\" src=\"https:\/\/blogs.correio24h.com.br\/mesalte\/wp-content\/uploads\/2016\/08\/Protesto-Porto-Sauipe2.jpg\" class=\"attachment-large size-large\" alt=\"\" srcset=\"https:\/\/blogs.correio24h.com.br\/mesalte\/wp-content\/uploads\/2016\/08\/Protesto-Porto-Sauipe2.jpg 720w, https:\/\/blogs.correio24h.com.br\/mesalte\/wp-content\/uploads\/2016\/08\/Protesto-Porto-Sauipe2-300x199.jpg 300w, https:\/\/blogs.correio24h.com.br\/mesalte\/wp-content\/uploads\/2016\/08\/Protesto-Porto-Sauipe2-220x146.jpg 220w, https:\/\/blogs.correio24h.com.br\/mesalte\/wp-content\/uploads\/2016\/08\/Protesto-Porto-Sauipe2-50x33.jpg 50w, https:\/\/blogs.correio24h.com.br\/mesalte\/wp-content\/uploads\/2016\/08\/Protesto-Porto-Sauipe2-113x75.jpg 113w\" sizes=\"auto, (max-width: 720px) 100vw, 720px\" \/><\/a>\n\t\t\t\t<\/dt>\n\t\t\t\t\t<dd class='wp-caption-text gallery-caption'>\n\t\t\t\t\tFoto: En\u00e9as Schramm\n\t\t\t\t\t<\/dd><\/dl><br style=\"clear: both\" \/>\n\t\t\t<\/div>\n\n<p>&nbsp;<\/p>\n<p>&nbsp;<\/p>\n<div class=\"section the_content has_content\">\n<div class=\"section_wrapper\">\n<div class=\"the_content_wrapper\">\n<p><strong>Acompanhe o caso<br \/>\n<\/strong><a href=\"http:\/\/www.correio24horas.com.br\/blogs\/mesalte\/nao-sou-eu-que-estou-dizendo-e-deus-diz-pastor-acusado-de-homofobia-por-placa-veja-video\" target=\"_blank\">\u02dcN\u00e3o sou eu que estou dizendo. \u00c9 Deus\u2122, diz pastor acusado de homofobia por placa; veja v\u00eddeo<\/a><br \/>\n<a href=\"http:\/\/www.correio24horas.com.br\/blogs\/mesalte\/igreja-evangelica-na-bahia-coloca-placa-na-porta-indicando-que-gays-devem-morrer-mp-apura-o-caso\" target=\"_blank\">Igreja evang\u00e9lica na Bahia coloca placa na porta indicando que gays devem morrer; MP apura o caso<\/a><br \/>\n<a href=\"http:\/\/www.correio24horas.com.br\/blogs\/mesalte\/isso-extrapola-qualquer-limite-da-liberdade-religiosa-diz-oab-sobre-igreja-que-tem-placa-com-indicativo-de-morte-de-gays-na-bahia\" target=\"_blank\">Isso extrapola qualquer limite da liberdade religiosa\u009d, diz OAB sobre igreja que tem placas com indicativo de morte de gays na Bahi<\/a>a<\/p>\n<\/div>\n<\/div>\n<\/div>\n<div class=\"section section-post-footer\"><\/div>\n","protected":false},"excerpt":{"rendered":"<p>A comunidade LGBT de Porto Sau\u00edpe realizou no \u00faltimo s\u00e1bado (30) um ato contra ato homof\u00f3bico do pastor\u00c2\u00a0Milton Fran\u00e7a, que colocou uma frase b\u00edblica alterada para [&hellip;]<\/p>\n","protected":false},"author":1,"featured_media":5907,"comment_status":"open","ping_status":"open","sticky":false,"template":"","format":"image","meta":{"footnotes":""},"categories":[80,11],"tags":[],"class_list":["post-5903","post","type-post","status-publish","format-image","has-post-thumbnail","hentry","category-home","category-me-informo","post_format-post-format-image"],"_links":{"self":[{"href":"https:\/\/blogs.correio24horas.com.br\/mesalte\/wp-json\/wp\/v2\/posts\/5903","targetHints":{"allow":["GET"]}}],"collection":[{"href":"https:\/\/blogs.correio24horas.com.br\/mesalte\/wp-json\/wp\/v2\/posts"}],"about":[{"href":"https:\/\/blogs.correio24horas.com.br\/mesalte\/wp-json\/wp\/v2\/types\/post"}],"author":[{"embeddable":true,"href":"https:\/\/blogs.correio24horas.com.br\/mesalte\/wp-json\/wp\/v2\/users\/1"}],"replies":[{"embeddable":true,"href":"https:\/\/blogs.correio24horas.com.br\/mesalte\/wp-json\/wp\/v2\/comments?post=5903"}],"version-history":[{"count":2,"href":"https:\/\/blogs.correio24horas.com.br\/mesalte\/wp-json\/wp\/v2\/posts\/5903\/revisions"}],"predecessor-version":[{"id":5917,"href":"https:\/\/blogs.correio24horas.com.br\/mesalte\/wp-json\/wp\/v2\/posts\/5903\/revisions\/5917"}],"wp:featuredmedia":[{"embeddable":true,"href":"https:\/\/blogs.correio24horas.com.br\/mesalte\/wp-json\/wp\/v2\/media\/5907"}],"wp:attachment":[{"href":"https:\/\/blogs.correio24horas.com.br\/mesalte\/wp-json\/wp\/v2\/media?parent=5903"}],"wp:term":[{"taxonomy":"category","embeddable":true,"href":"https:\/\/blogs.correio24horas.com.br\/mesalte\/wp-json\/wp\/v2\/categories?post=5903"},{"taxonomy":"post_tag","embeddable":true,"href":"https:\/\/blogs.correio24horas.com.br\/mesalte\/wp-json\/wp\/v2\/tags?post=5903"}],"curies":[{"name":"wp","href":"https:\/\/api.w.org\/{rel}","templated":true}]}}