{"id":5850,"date":"2016-07-28T13:38:15","date_gmt":"2016-07-28T16:38:15","guid":{"rendered":"http:\/\/www.correio24horas.com.br\/blogs\/mesalte\/?p=5850"},"modified":"2016-07-28T13:38:15","modified_gmt":"2016-07-28T16:38:15","slug":"comunidade-lgbt-promove-protesto-contra-pastor-que-colocou-placa-homofobica-em-igreja-na-bahia","status":"publish","type":"post","link":"https:\/\/blogs.correio24horas.com.br\/mesalte\/comunidade-lgbt-promove-protesto-contra-pastor-que-colocou-placa-homofobica-em-igreja-na-bahia\/","title":{"rendered":"Comunidade LGBT promove protesto contra pastor que colocou placa homof\u00f3bica em igreja na Bahia"},"content":{"rendered":"<p>Nesse s\u00e1bado (30), a partir das 17 horas, a comunidade LGBT da localidade Porto de Sau\u00edpe, em Entre Rios, na Bahia, realiza protesto contra a a\u00e7\u00e3o do pastor Milton Fran\u00e7a, que colocou uma frase b\u00edblica alterada para ter conota\u00e7\u00e3o homof\u00f3bica. O ato circular\u00e1 as ruas da localidade e passar\u00e1 pela frente do templo religioso. Se hum homem tiver relacionamento com outro homem, os dois dever\u00e3o ser mortos por causa desse ato nojento; Eles ser\u00e3o respons\u00e1veis pela sua pr\u00f3pria morte\u009d. Essa foi a frase eu o pastor pendurou na frente da igreja Templo Batista B\u00edblico Sal\u00e9m.\u00c2\u00a0A a\u00e7\u00e3o da igreja est\u00e1 sendo alvo de investiga\u00e7\u00e3o do Minist\u00e9rio P\u00fablico da Bahia (MP-BA).<\/p>\n<p>&#8220;A visibilidade que o caso teve foi crucial para que nos mobiliz\u00e1ssemos em torno da causa e, em uma cidade pequena e todas as consequ\u00eancias de sua mentalidade interiorana quanto \u00e0 \u00a0s coisas consideradas &#8220;modernas&#8221;, pud\u00e9ssemos sentar eu e outros LGBT&#8217;s e n\u00e3o LGBT&#8217;s, mas que entendem a problem\u00e1tica da LGBTfobia, e discorrer sobre as viol\u00eancias a que nossa popula\u00e7\u00e3o \u00e9 exposta e sobre o orgulho de sermos quem somos&#8221;, afirmou <span id=\"0.3882341500021489\" class=\"highlight\">Yuri<\/span> de Lemos, \u00c2\u00a018 anos, \u00c2\u00a0ativista LGBT e natural de Porto de Sau\u00edpe.<\/p>\n<p><strong>Acompanhe o caso<br \/>\n<\/strong><a href=\"http:\/\/www.correio24horas.com.br\/blogs\/mesalte\/nao-sou-eu-que-estou-dizendo-e-deus-diz-pastor-acusado-de-homofobia-por-placa-veja-video\" target=\"_blank\">\u02dcN\u00e3o sou eu que estou dizendo. \u00c9 Deus\u2122, diz pastor acusado de homofobia por placa; veja v\u00eddeo<\/a><br \/>\n<a href=\"http:\/\/www.correio24horas.com.br\/blogs\/mesalte\/igreja-evangelica-na-bahia-coloca-placa-na-porta-indicando-que-gays-devem-morrer-mp-apura-o-caso\" target=\"_blank\">Igreja evang\u00e9lica na Bahia coloca placa na porta indicando que gays devem morrer; MP apura o caso<\/a><br \/>\n<a href=\"http:\/\/www.correio24horas.com.br\/blogs\/mesalte\/isso-extrapola-qualquer-limite-da-liberdade-religiosa-diz-oab-sobre-igreja-que-tem-placa-com-indicativo-de-morte-de-gays-na-bahia\" target=\"_blank\">Isso extrapola qualquer limite da liberdade religiosa\u009d, diz OAB sobre igreja que tem placas com indicativo de morte de gays na Bahi<\/a>a<\/p>\n","protected":false},"excerpt":{"rendered":"<p>Nesse s\u00e1bado (30), a partir das 17 horas, a comunidade LGBT da localidade Porto de Sau\u00edpe, em Entre Rios, na Bahia, realiza protesto contra a a\u00e7\u00e3o [&hellip;]<\/p>\n","protected":false},"author":1,"featured_media":5679,"comment_status":"open","ping_status":"open","sticky":false,"template":"","format":"image","meta":{"footnotes":""},"categories":[80,11],"tags":[],"class_list":["post-5850","post","type-post","status-publish","format-image","has-post-thumbnail","hentry","category-home","category-me-informo","post_format-post-format-image"],"_links":{"self":[{"href":"https:\/\/blogs.correio24horas.com.br\/mesalte\/wp-json\/wp\/v2\/posts\/5850","targetHints":{"allow":["GET"]}}],"collection":[{"href":"https:\/\/blogs.correio24horas.com.br\/mesalte\/wp-json\/wp\/v2\/posts"}],"about":[{"href":"https:\/\/blogs.correio24horas.com.br\/mesalte\/wp-json\/wp\/v2\/types\/post"}],"author":[{"embeddable":true,"href":"https:\/\/blogs.correio24horas.com.br\/mesalte\/wp-json\/wp\/v2\/users\/1"}],"replies":[{"embeddable":true,"href":"https:\/\/blogs.correio24horas.com.br\/mesalte\/wp-json\/wp\/v2\/comments?post=5850"}],"version-history":[{"count":1,"href":"https:\/\/blogs.correio24horas.com.br\/mesalte\/wp-json\/wp\/v2\/posts\/5850\/revisions"}],"predecessor-version":[{"id":5851,"href":"https:\/\/blogs.correio24horas.com.br\/mesalte\/wp-json\/wp\/v2\/posts\/5850\/revisions\/5851"}],"wp:featuredmedia":[{"embeddable":true,"href":"https:\/\/blogs.correio24horas.com.br\/mesalte\/wp-json\/wp\/v2\/media\/5679"}],"wp:attachment":[{"href":"https:\/\/blogs.correio24horas.com.br\/mesalte\/wp-json\/wp\/v2\/media?parent=5850"}],"wp:term":[{"taxonomy":"category","embeddable":true,"href":"https:\/\/blogs.correio24horas.com.br\/mesalte\/wp-json\/wp\/v2\/categories?post=5850"},{"taxonomy":"post_tag","embeddable":true,"href":"https:\/\/blogs.correio24horas.com.br\/mesalte\/wp-json\/wp\/v2\/tags?post=5850"}],"curies":[{"name":"wp","href":"https:\/\/api.w.org\/{rel}","templated":true}]}}