{"id":5845,"date":"2016-07-28T12:23:15","date_gmt":"2016-07-28T15:23:15","guid":{"rendered":"http:\/\/www.correio24horas.com.br\/blogs\/mesalte\/?p=5845"},"modified":"2016-07-28T12:23:53","modified_gmt":"2016-07-28T15:23:53","slug":"apos-boicote-de-ana-paula-valadao-ca-lanca-campanha-do-dia-dos-pais-com-casal-gay","status":"publish","type":"post","link":"https:\/\/blogs.correio24horas.com.br\/mesalte\/apos-boicote-de-ana-paula-valadao-ca-lanca-campanha-do-dia-dos-pais-com-casal-gay\/","title":{"rendered":"Ap\u00f3s boicote de Ana Paula Valad\u00e3o, C&#038;A lan\u00e7a campanha do Dia dos Pais com casal gay"},"content":{"rendered":"<p>Em maio desse ano, a marca de roupas de departamento C&amp;A foi alvo de boicote promovido pela l\u00edder e fundadora da banda religiosa Diante do Trono, a cantora evang\u00e9lica Ana Paula Valad\u00e3o, por conta da cole\u00e7\u00e3o sem de roupas sem g\u00eaneros que a marca lan\u00e7ou. Agora, por conta do Dia dos Pais, a marca ignorou a repercuss\u00e3o entre os evang\u00e9licos e lan\u00e7ou uma nova campanha onde inclui um casal gay, formado por dois homens, no v\u00eddeo promocional.<\/p>\n<div id=\"attachment_5847\" style=\"width: 554px\" class=\"wp-caption aligncenter\"><img loading=\"lazy\" decoding=\"async\" aria-describedby=\"caption-attachment-5847\" class=\"size-full wp-image-5847\" src=\"http:\/\/www.correio24horas.com.br\/blogs\/mesalte\/wp-content\/uploads\/2016\/07\/casal-gay-cea.jpg\" alt=\"Foto: Reprodu\u00e7\u00e3o\" width=\"544\" height=\"300\" srcset=\"https:\/\/blogs.correio24h.com.br\/mesalte\/wp-content\/uploads\/2016\/07\/casal-gay-cea.jpg 544w, https:\/\/blogs.correio24h.com.br\/mesalte\/wp-content\/uploads\/2016\/07\/casal-gay-cea-300x165.jpg 300w, https:\/\/blogs.correio24h.com.br\/mesalte\/wp-content\/uploads\/2016\/07\/casal-gay-cea-260x143.jpg 260w, https:\/\/blogs.correio24h.com.br\/mesalte\/wp-content\/uploads\/2016\/07\/casal-gay-cea-50x28.jpg 50w, https:\/\/blogs.correio24h.com.br\/mesalte\/wp-content\/uploads\/2016\/07\/casal-gay-cea-136x75.jpg 136w\" sizes=\"auto, (max-width: 544px) 100vw, 544px\" \/><p id=\"caption-attachment-5847\" class=\"wp-caption-text\">Foto: Reprodu\u00e7\u00e3o<\/p><\/div>\n<p>Criada pela ag\u00eancia AlmapBBDO, a propaganda ser\u00e1 veiculada nas emissoras abertas em todo o Brasil e na internet, em vers\u00f5es de 2 minutos e de 60, 30 e 15 segundos. A a\u00e7\u00e3o mostra o encontro da menina com os seus dois pais.\u00c2\u00a0De um jeito emocionante e com forte trilha sonora, o comercial Encontros\u009d refor\u00e7a a proximidade entre pais e filhos, mostrando que a for\u00e7a desta rela\u00e7\u00e3o de amor vai al\u00e9m das diferen\u00e7as de personalidade, atitudes e op\u00e7\u00f5es\u009d, diz\u00c2\u00a0a C&amp;A, em nota de divulga\u00e7\u00e3o da campanha.<\/p>\n<p><strong>Veja o v\u00eddeo que j\u00e1 teve mais de 35 mil visualiza\u00e7\u00f5es<br \/>\n<\/strong><iframe loading=\"lazy\" src=\"https:\/\/www.youtube.com\/embed\/59Sgo7t3waQ\" width=\"560\" height=\"315\" frameborder=\"0\" allowfullscreen=\"allowfullscreen\"><\/iframe><\/p>\n<p><strong>A pol\u00eamica da campanha Misture, ouse, divirta-se\u009d<br \/>\n<\/strong>A campanha do dia dos Namorados, Misture, ouse, divirta-se\u009d, causou muita repercuss\u00e3o nas redes sociais depois que <a href=\"http:\/\/www.correio24horas.com.br\/blogs\/mesalte\/cantora-evangelica-ana-paula-valadao-propoe-boicote-a-ca-por-colecao-de-roupas-sem-genero\" target=\"_blank\">Ana Paula Valad\u00e3o puxou coro contra a campanha<\/a>: N\u00f3s que conhecemos a Verdade imut\u00e1vel da Palavra de Deus n\u00e3o podemos ficar calados. Temos que #boicotar essa loja e mostrar nosso rep\u00fadio. Nos EUA a loja Target j\u00e1 teve preju\u00edzo porque mais de 1 milh\u00e3o de pessoas pararam de comprar (inclusive eu) desde que determinou que os banheiros feminino e masculino podem ser usados por quaisquer pessoas que se sintam homem ou mulher naquele dia, aumentando os riscos de abusos (que j\u00e1 aconteceram em outros lugares que apoiam a ideologia de g\u00eanero)\u009d, argumentou a lider religiosa na \u00e9poca.<\/p>\n<p>&nbsp;<\/p>\n","protected":false},"excerpt":{"rendered":"<p>Em maio desse ano, a marca de roupas de departamento C&amp;A foi alvo de boicote promovido pela l\u00edder e fundadora da banda religiosa Diante do Trono, [&hellip;]<\/p>\n","protected":false},"author":1,"featured_media":0,"comment_status":"open","ping_status":"open","sticky":false,"template":"","format":"image","meta":{"footnotes":""},"categories":[80,11],"tags":[],"class_list":["post-5845","post","type-post","status-publish","format-image","hentry","category-home","category-me-informo","post_format-post-format-image"],"_links":{"self":[{"href":"https:\/\/blogs.correio24horas.com.br\/mesalte\/wp-json\/wp\/v2\/posts\/5845","targetHints":{"allow":["GET"]}}],"collection":[{"href":"https:\/\/blogs.correio24horas.com.br\/mesalte\/wp-json\/wp\/v2\/posts"}],"about":[{"href":"https:\/\/blogs.correio24horas.com.br\/mesalte\/wp-json\/wp\/v2\/types\/post"}],"author":[{"embeddable":true,"href":"https:\/\/blogs.correio24horas.com.br\/mesalte\/wp-json\/wp\/v2\/users\/1"}],"replies":[{"embeddable":true,"href":"https:\/\/blogs.correio24horas.com.br\/mesalte\/wp-json\/wp\/v2\/comments?post=5845"}],"version-history":[{"count":2,"href":"https:\/\/blogs.correio24horas.com.br\/mesalte\/wp-json\/wp\/v2\/posts\/5845\/revisions"}],"predecessor-version":[{"id":5849,"href":"https:\/\/blogs.correio24horas.com.br\/mesalte\/wp-json\/wp\/v2\/posts\/5845\/revisions\/5849"}],"wp:attachment":[{"href":"https:\/\/blogs.correio24horas.com.br\/mesalte\/wp-json\/wp\/v2\/media?parent=5845"}],"wp:term":[{"taxonomy":"category","embeddable":true,"href":"https:\/\/blogs.correio24horas.com.br\/mesalte\/wp-json\/wp\/v2\/categories?post=5845"},{"taxonomy":"post_tag","embeddable":true,"href":"https:\/\/blogs.correio24horas.com.br\/mesalte\/wp-json\/wp\/v2\/tags?post=5845"}],"curies":[{"name":"wp","href":"https:\/\/api.w.org\/{rel}","templated":true}]}}