{"id":5813,"date":"2016-07-27T17:29:28","date_gmt":"2016-07-27T20:29:28","guid":{"rendered":"http:\/\/www.correio24horas.com.br\/blogs\/mesalte\/?p=5813"},"modified":"2016-07-27T18:11:24","modified_gmt":"2016-07-27T21:11:24","slug":"adele-pode-fazer-show-em-salvador","status":"publish","type":"post","link":"https:\/\/blogs.correio24horas.com.br\/mesalte\/adele-pode-fazer-show-em-salvador\/","title":{"rendered":"&#8220;Adele vem para o Brasil e seria \u00f3timo se ela tocasse aqui&#8221;, diz governador Rui Costa"},"content":{"rendered":"<p>Adele em Salvador? Seria meu sonho?! Parece que isso pode se\u00c2\u00a0tornar realidade, mas n\u00e3o por agora. \u00c2\u00a0Durante discurso na posse do novo secret\u00e1rio de turismo Jos\u00e9 Alves, o governador Rui Costa afirmou que seria uma possibilidade atrair shows internacionais como o dela para a cidade. &#8220;Adele vem para o Brasil e seria \u00f3timo que ela tocasse aqui na Arena Fonte Nova&#8221;, afirmou Rui.<\/p>\n<p>Em junho, a cantora disse durante uma apresenta\u00e7\u00e3o\u00c2\u00a0que viria fazer show no Brasil em breve. &#8220;Tem muitos brasileiros aqui. Escutem, eu vou fazer uma promessa, eu vou para o Brasil. Eu nunca fiz um show que n\u00e3o tivesse um brasileiro. <a href=\"http:\/\/www.correio24horas.com.br\/blogs\/mesalte\/adele-anuncia-que-fara-show-no-brasil-em-2017\" target=\"_blank\">Eu prometo que irei, eu preciso ir<\/a>. Eu n\u00e3o tinha reparado que tinha tantos f\u00e3s por l\u00e1. Eu vou, eu vou!\u009d, anunciou a cantora.<\/p>\n<p>Em contato com o o Me Salte, atrav\u00e9s da assessoria de comunica\u00e7\u00e3o, a Arena disse que n\u00e3o h\u00e1 confirma\u00e7\u00e3o do an\u00fancio do espet\u00e1culo nem negocia\u00e7\u00e3o com a artista. No site oficial da artista, n\u00e3o h\u00e1 nenhuma apresenta\u00e7\u00e3o confirmada no Brasil pelo menos at\u00e9 15 de novembro, quando ela far\u00e1 shows no M\u00e9xico.\u00c2\u00a0Essa semana, <a href=\"http:\/\/www.correio24horas.com.br\/blogs\/mesalte\/beyonce-recebe-11-e-adele-8-indicacoes-ao-mtv-vma-2016-veja-lista-completa\/\" target=\"_blank\">Adele foi indicada em oito categorias no VMA.<\/a> Ela s\u00f3 perdeu em indica\u00e7\u00f5es para Beyonc\u00e9, que teve 11.<\/p>\n<p>Enquanto esse sonho n\u00e3o vira realidade vamos ouvir a nossa diva e torcer para que ela venha nos amar ;&gt;<\/p>\n<p><strong>Someone Like You<\/strong><br \/>\n<iframe loading=\"lazy\" src=\"https:\/\/www.youtube.com\/embed\/hLQl3WQQoQ0\" width=\"560\" height=\"315\" frameborder=\"0\" allowfullscreen=\"allowfullscreen\"><\/iframe><\/p>\n<p><strong>Hello<\/strong><br \/>\n<iframe loading=\"lazy\" src=\"https:\/\/www.youtube.com\/embed\/YQHsXMglC9A\" width=\"560\" height=\"315\" frameborder=\"0\" allowfullscreen=\"allowfullscreen\"><\/iframe><\/p>\n<p><em>Leia mais<\/em><br \/>\n<a href=\"http:\/\/www.correio24horas.com.br\/blogs\/mesalte\/beyonce-recebe-11-e-adele-8-indicacoes-ao-mtv-vma-2016-veja-lista-completa\" target=\"_blank\">Beyonc\u00e9 recebe 11 e Adele 8 indica\u00e7\u00f5es ao MTV VMA 2016; veja lista completa <\/a><em>-\u00c2\u00a0<\/em><\/p>\n<p><em><a href=\"http:\/\/www.correio24horas.com.br\/blogs\/mesalte\/nao-quero-ver-voces-capturando-pokemons-aqui-diz-rihanna-durante-show\" target=\"_blank\">N\u00e3o quero ver voc\u00eas capturando Pok\u00e9mons aqui\u009d, diz Rihanna durante show<\/a><\/p>\n<p>*Com informa\u00e7\u00f5es da rep\u00f3rter Priscila Natividade<br \/>\n<\/em><em>(Not\u00edcia atualizada \u00e0 \u00a0s 18h02 de 27 de julho)<\/em><\/p>\n","protected":false},"excerpt":{"rendered":"<p>Adele em Salvador? Seria meu sonho?! Parece que isso pode se\u00c2\u00a0tornar realidade, mas n\u00e3o por agora. \u00c2\u00a0Durante discurso na posse do novo secret\u00e1rio de turismo Jos\u00e9 [&hellip;]<\/p>\n","protected":false},"author":1,"featured_media":4775,"comment_status":"open","ping_status":"open","sticky":false,"template":"","format":"image","meta":{"footnotes":""},"categories":[80,27],"tags":[317,479,478,476,474,475,477],"class_list":["post-5813","post","type-post","status-publish","format-image","has-post-thumbnail","hentry","category-home","category-me-abano","tag-adele","tag-adele-no-brasil","tag-adele-salvador","tag-adeleemsalvador","tag-adelesalvador","tag-arenafontenova","tag-hello","post_format-post-format-image"],"_links":{"self":[{"href":"https:\/\/blogs.correio24horas.com.br\/mesalte\/wp-json\/wp\/v2\/posts\/5813","targetHints":{"allow":["GET"]}}],"collection":[{"href":"https:\/\/blogs.correio24horas.com.br\/mesalte\/wp-json\/wp\/v2\/posts"}],"about":[{"href":"https:\/\/blogs.correio24horas.com.br\/mesalte\/wp-json\/wp\/v2\/types\/post"}],"author":[{"embeddable":true,"href":"https:\/\/blogs.correio24horas.com.br\/mesalte\/wp-json\/wp\/v2\/users\/1"}],"replies":[{"embeddable":true,"href":"https:\/\/blogs.correio24horas.com.br\/mesalte\/wp-json\/wp\/v2\/comments?post=5813"}],"version-history":[{"count":15,"href":"https:\/\/blogs.correio24horas.com.br\/mesalte\/wp-json\/wp\/v2\/posts\/5813\/revisions"}],"predecessor-version":[{"id":5828,"href":"https:\/\/blogs.correio24horas.com.br\/mesalte\/wp-json\/wp\/v2\/posts\/5813\/revisions\/5828"}],"wp:featuredmedia":[{"embeddable":true,"href":"https:\/\/blogs.correio24horas.com.br\/mesalte\/wp-json\/wp\/v2\/media\/4775"}],"wp:attachment":[{"href":"https:\/\/blogs.correio24horas.com.br\/mesalte\/wp-json\/wp\/v2\/media?parent=5813"}],"wp:term":[{"taxonomy":"category","embeddable":true,"href":"https:\/\/blogs.correio24horas.com.br\/mesalte\/wp-json\/wp\/v2\/categories?post=5813"},{"taxonomy":"post_tag","embeddable":true,"href":"https:\/\/blogs.correio24horas.com.br\/mesalte\/wp-json\/wp\/v2\/tags?post=5813"}],"curies":[{"name":"wp","href":"https:\/\/api.w.org\/{rel}","templated":true}]}}