{"id":5800,"date":"2016-07-27T13:49:44","date_gmt":"2016-07-27T16:49:44","guid":{"rendered":"http:\/\/www.correio24horas.com.br\/blogs\/mesalte\/?p=5800"},"modified":"2016-07-27T14:31:38","modified_gmt":"2016-07-27T17:31:38","slug":"lgbts-invadem-pagina-homofobica-com-comentarios-contra-ao-movimento-parada-hetero-brasil","status":"publish","type":"post","link":"https:\/\/blogs.correio24horas.com.br\/mesalte\/lgbts-invadem-pagina-homofobica-com-comentarios-contra-ao-movimento-parada-hetero-brasil\/","title":{"rendered":"LGBTs invadem p\u00e1gina homof\u00f3bica com coment\u00e1rios contra ao movimento Parada H\u00e9tero Brasil\u009d"},"content":{"rendered":"<p>Uma p\u00e1gina no Facebook vem \u00c2\u00a0causando pol\u00eamica por manifestar o orgulho de ser heterossexual. A p\u00e1gina\u00c2\u00a0Parada H\u00e9tero Brasil\u009d, que usa nos seus posts discursos de \u00f3dio contra pessoas LGBTs, foi &#8216;invadida&#8217; na \u00faltima semana com coment\u00e1rios bem humorados contra uma postagem onde a p\u00e1gina que defende que &#8216;todos nascem heteros&#8221;.\u00c2\u00a0A imagem, que j\u00e1 teve mais de 27 mil curtidas, mostra uma foto de\u00c2\u00a0 duas crian\u00e7as, um menino e uma menina, dan\u00e7ando e trocando olhares com a frasevoc\u00ea nasceu h\u00e9tero\u009d.<\/p>\n<p><img loading=\"lazy\" decoding=\"async\" class=\"aligncenter size-large wp-image-5803\" src=\"http:\/\/www.correio24horas.com.br\/blogs\/mesalte\/wp-content\/uploads\/2016\/07\/heteros-1024x499.jpg\" alt=\"heteros\" width=\"1024\" height=\"499\" srcset=\"https:\/\/blogs.correio24h.com.br\/mesalte\/wp-content\/uploads\/2016\/07\/heteros-1024x499.jpg 1024w, https:\/\/blogs.correio24h.com.br\/mesalte\/wp-content\/uploads\/2016\/07\/heteros-300x146.jpg 300w, https:\/\/blogs.correio24h.com.br\/mesalte\/wp-content\/uploads\/2016\/07\/heteros-768x374.jpg 768w, https:\/\/blogs.correio24h.com.br\/mesalte\/wp-content\/uploads\/2016\/07\/heteros-260x127.jpg 260w, https:\/\/blogs.correio24h.com.br\/mesalte\/wp-content\/uploads\/2016\/07\/heteros-50x24.jpg 50w, https:\/\/blogs.correio24h.com.br\/mesalte\/wp-content\/uploads\/2016\/07\/heteros-150x73.jpg 150w, https:\/\/blogs.correio24h.com.br\/mesalte\/wp-content\/uploads\/2016\/07\/heteros.jpg 1317w\" sizes=\"auto, (max-width: 1024px) 100vw, 1024px\" \/><\/p>\n<p>Os coment\u00e1rios s\u00e3o divertid\u00edssimos. &#8220;Quando eu nasci e o m\u00e9dico me deu um tapa eu falei &#8220;Se o senhor me bater eu vou chamar meu advogado da Alemanha&#8221;, disse um internauta. Outro escreveu: &#8221; Mona, j\u00e1 nasci gayzona. Se eu tenho uma certeza na vida essa certeza \u00e9 de que sou gay&#8221;. Em outro coment\u00e1rio, um seguidor escreveu: &#8220;Quando eu nasci jorrou gliter&#8230;O m\u00e9dico me deu um tapa na bunda, eu virei pra ele e disse, bate mais forte seu gostoso&#8221;.<\/p>\n<p>Mas, al\u00e9m dos coment\u00e1rios dos LGBTs, muitos seguidores da p\u00e1gina que tem mais de 100 mil pessoas, comemoraram a inciativa. Al\u00e9m disso, o perfil oficial parece que j\u00e1 esperava essa repercuss\u00e3o e agradeceu, hoje, em postagem ao que chamou de &#8216;divulga\u00e7\u00e3o&#8217; da p\u00e1gina:<\/p>\n<p>&nbsp;<\/p>\n<p><img loading=\"lazy\" decoding=\"async\" class=\"aligncenter size-full wp-image-5802\" src=\"http:\/\/www.correio24horas.com.br\/blogs\/mesalte\/wp-content\/uploads\/2016\/07\/heteros2-1.jpg\" alt=\"heteros2\" width=\"476\" height=\"260\" srcset=\"https:\/\/blogs.correio24h.com.br\/mesalte\/wp-content\/uploads\/2016\/07\/heteros2-1.jpg 476w, https:\/\/blogs.correio24h.com.br\/mesalte\/wp-content\/uploads\/2016\/07\/heteros2-1-300x164.jpg 300w, https:\/\/blogs.correio24h.com.br\/mesalte\/wp-content\/uploads\/2016\/07\/heteros2-1-260x142.jpg 260w, https:\/\/blogs.correio24h.com.br\/mesalte\/wp-content\/uploads\/2016\/07\/heteros2-1-50x27.jpg 50w, https:\/\/blogs.correio24h.com.br\/mesalte\/wp-content\/uploads\/2016\/07\/heteros2-1-137x75.jpg 137w\" sizes=\"auto, (max-width: 476px) 100vw, 476px\" \/><\/p>\n<p>&nbsp;<\/p>\n<p>A pol\u00eamica da p\u00e1gina est\u00e1 t\u00e3o grande que at\u00e9 pessoas que se identificam como heterossexuais est\u00e3o questionando a exist\u00eancia do conte\u00fado. &#8220;Eu sou hetero e me envergonho de existir a p\u00e1gina de uma parada h\u00e9tero. A imposi\u00e7\u00e3o da heteronormatividade j\u00e1 \u00e9 constante desde que n\u00f3s nascemos \u00e9 isso j\u00e1 fere profundamente quem, por n\u00e3o se adequar ao comportamento dito &#8220;convencional&#8221;, sofre viol\u00eancia f\u00edsica e psicologia . Todo dia n\u00f3s vivemos em uma parada h\u00e9tero&#8230; Eu sou hetero e n\u00e3o tenho o menor orgulho de ser porque existem h\u00e9teros como voc\u00eas que, ao inv\u00e9s de lutarem pelo direito de todos, exaltam o seu comportamento como se isso fosse um valor em si, quando na verdade \u00e9 apenas uma orienta\u00e7\u00e3o sexual&#8221;, afirmou uma seguidora.<\/p>\n","protected":false},"excerpt":{"rendered":"<p>Uma p\u00e1gina no Facebook vem \u00c2\u00a0causando pol\u00eamica por manifestar o orgulho de ser heterossexual. A p\u00e1gina\u00c2\u00a0Parada H\u00e9tero Brasil\u009d, que usa nos seus posts discursos de \u00f3dio [&hellip;]<\/p>\n","protected":false},"author":1,"featured_media":5806,"comment_status":"open","ping_status":"open","sticky":false,"template":"","format":"image","meta":{"footnotes":""},"categories":[80,9],"tags":[],"class_list":["post-5800","post","type-post","status-publish","format-image","has-post-thumbnail","hentry","category-home","category-me-orgulho","post_format-post-format-image"],"_links":{"self":[{"href":"https:\/\/blogs.correio24horas.com.br\/mesalte\/wp-json\/wp\/v2\/posts\/5800","targetHints":{"allow":["GET"]}}],"collection":[{"href":"https:\/\/blogs.correio24horas.com.br\/mesalte\/wp-json\/wp\/v2\/posts"}],"about":[{"href":"https:\/\/blogs.correio24horas.com.br\/mesalte\/wp-json\/wp\/v2\/types\/post"}],"author":[{"embeddable":true,"href":"https:\/\/blogs.correio24horas.com.br\/mesalte\/wp-json\/wp\/v2\/users\/1"}],"replies":[{"embeddable":true,"href":"https:\/\/blogs.correio24horas.com.br\/mesalte\/wp-json\/wp\/v2\/comments?post=5800"}],"version-history":[{"count":1,"href":"https:\/\/blogs.correio24horas.com.br\/mesalte\/wp-json\/wp\/v2\/posts\/5800\/revisions"}],"predecessor-version":[{"id":5805,"href":"https:\/\/blogs.correio24horas.com.br\/mesalte\/wp-json\/wp\/v2\/posts\/5800\/revisions\/5805"}],"wp:featuredmedia":[{"embeddable":true,"href":"https:\/\/blogs.correio24horas.com.br\/mesalte\/wp-json\/wp\/v2\/media\/5806"}],"wp:attachment":[{"href":"https:\/\/blogs.correio24horas.com.br\/mesalte\/wp-json\/wp\/v2\/media?parent=5800"}],"wp:term":[{"taxonomy":"category","embeddable":true,"href":"https:\/\/blogs.correio24horas.com.br\/mesalte\/wp-json\/wp\/v2\/categories?post=5800"},{"taxonomy":"post_tag","embeddable":true,"href":"https:\/\/blogs.correio24horas.com.br\/mesalte\/wp-json\/wp\/v2\/tags?post=5800"}],"curies":[{"name":"wp","href":"https:\/\/api.w.org\/{rel}","templated":true}]}}