{"id":5780,"date":"2016-07-28T11:37:49","date_gmt":"2016-07-28T14:37:49","guid":{"rendered":"http:\/\/www.correio24horas.com.br\/blogs\/mesalte\/?p=5780"},"modified":"2016-07-28T11:37:49","modified_gmt":"2016-07-28T14:37:49","slug":"quer-lacrar-veja-o-que-vai-rolar-ate-domingo-31-em-salvador-e-se-jogue","status":"publish","type":"post","link":"https:\/\/blogs.correio24horas.com.br\/mesalte\/quer-lacrar-veja-o-que-vai-rolar-ate-domingo-31-em-salvador-e-se-jogue\/","title":{"rendered":"Quer lacrar? Veja o que vai rolar at\u00e9 domingo (31) em Salvador e se jogue!"},"content":{"rendered":"<p>Vamos come\u00e7ar a organizar esse final de semana babadeiro? Preparamos uma sele\u00e7\u00e3o das melhores coisas que v\u00e3o rolar em Salvador at\u00e9 domingo (31). Se jogue!<\/p>\n<p><strong>A Festa<br \/>\n<\/strong>A cantora Alinne Rosa vai cantar com Preta Gil no Armaz\u00e9m Hall, em Vilas do Atl\u00e2ntico, nesse s\u00e1bado (30). \u00c2\u00a0O encontro entre as duas artistas baianas ser\u00e1 no evento \u02dcA Festa\u2122, a partir das 22h.\u00c2\u00a0No show, Alinne Rosa vai mostrar can\u00e7\u00f5es do seu primeiro DVD em carreira solo, gravado recentemente, no Rio Vermelho. O repert\u00f3rio inclui hits de sua autoria, como Pa\u00eds da Fantasia e &#8216;Isso Aqui \u00e9 Salvador&#8217;, al\u00e9m dos sucessos &#8216;Estilo Meu&#8217; e &#8216;Complicamos Demais&#8217;. J\u00e1 a filha de Gilberto Gil apresenta m\u00fasicas do CD \u02dcBloco da Preta\u2122, gravado em 2014. Ingressos:\u00c2\u00a0\u00c2\u00a0R$ 60 (pista), R$ 80 (\u00e1rea VIP) e R$ 100 (camarote) &#8211; Clientes com Clube Correio ter\u00e3o 20% de desconto na compra na bilheteria. <a href=\"https:\/\/www.instagram.com\/p\/BIYwweMhofQ\/?taken-by=me_salte\" target=\"_blank\">No Instagram do Me Salte (@me_salte) tem promo\u00e7\u00e3o com sorteio de ingressos.\u00c2\u00a0<\/a><br \/>\n<em>Endere\u00e7o:\u00c2\u00a0\u00c2\u00a0Armaz\u00e9m Hall &#8211; Avenida Luiz Tarqu\u00ednio, 2893 &#8211; Villas do Atl\u00e2ntico.\u00c2\u00a0Mais informa\u00e7\u00f5es: 3379-5360<\/em><\/p>\n<p><strong>Amsterdam Pop Club<br \/>\n<\/strong><strong>S\u00e1bado (30)\u00c2\u00a0<\/strong>\u00e9 dia da volta da <strong>festa \u00c2\u00a0X\u00eapa<\/strong> no clube mais animado do Centro da cidade. A partir das 22h30, os melhores ritmos do Par\u00e1 v\u00e3o invadir as pistas de dan\u00e7a.\u00c2\u00a0Os DJs Gusm\u00e3o, Raoni, Kleyton, Cleidson e Paulilo comandam a noite com muito \u00c2\u00a0Calypso, \u00c2\u00a0Gaby Amarantos, Gang do Eletro e os novos hits de Joelma. Tanto na pista quanto no camarote vai ter open bar com shots de A\u00e7a\u00ed Alcoolizado. Ingressos: R$ 50 (Pista Open Bar) e R$ 80 (Camarote Open Bar).<\/p>\n<p><em>Endere\u00e7o: Largo dos Aflitos, Centro. Aceita cart\u00f5es. Informa\u00e7\u00f5es: (71) 9 8114-9433 (WhatsApp)<\/em><\/p>\n<p><strong>San Sebastian <\/strong><br \/>\n<strong>Sexta-feira (29)<\/strong> \u00e9 dia de muito monamour e underer\u00ea na San Sebastian com a panterona do nosso cora\u00e7\u00e3o <strong>In\u00eas Brasil<\/strong>. Ela comanda o \u00c2\u00a0Baile da Panterona a partir de\u00c2\u00a023h59.. A pista de dan\u00e7a n\u00e3o para antes e depois com setlists descontra\u00eddos e cheios de hits dos DJs Ober, Magal e Raoni F.\u00c2\u00a0Ingressos: R$ 30. <a href=\"https:\/\/www.instagram.com\/p\/BIYYMfYh5F1\/?taken-by=me_salte\" target=\"_blank\">No Instagram do Me Salte tem promo\u00e7\u00e3o para curtir o show e CONHECER IN\u00caS BRASIL NO CAMARIM.\u00c2\u00a0<\/a><\/p>\n<p>No<strong> s\u00e1bado (30),<\/strong> a <strong>Blessed<\/strong> ser\u00e1 especial com\u00c2\u00a0<strong>Las Bibas From Viscaya<\/strong>, projeto de Dolores de las Dores, uma das primeiras DJ\u2122s Montadas&#8221; do Brasil, refer\u00eancia na cena LGBT e drag. Os DJs Anne Louise e Felipe Carvalho completam o line up a partir de\u00c2\u00a023h59.\u00c2\u00a0Ingressos: R$ 35<\/p>\n<div id=\"attachment_5786\" style=\"width: 1034px\" class=\"wp-caption aligncenter\"><img loading=\"lazy\" decoding=\"async\" aria-describedby=\"caption-attachment-5786\" class=\"size-large wp-image-5786\" src=\"http:\/\/www.correio24horas.com.br\/blogs\/mesalte\/wp-content\/uploads\/2016\/07\/Las-Bibas-1024x687.jpg\" alt=\"Foto: Divulga\u00e7\u00e3o\" width=\"1024\" height=\"687\" srcset=\"https:\/\/blogs.correio24h.com.br\/mesalte\/wp-content\/uploads\/2016\/07\/Las-Bibas-1024x687.jpg 1024w, https:\/\/blogs.correio24h.com.br\/mesalte\/wp-content\/uploads\/2016\/07\/Las-Bibas-300x201.jpg 300w, https:\/\/blogs.correio24h.com.br\/mesalte\/wp-content\/uploads\/2016\/07\/Las-Bibas-768x516.jpg 768w, https:\/\/blogs.correio24h.com.br\/mesalte\/wp-content\/uploads\/2016\/07\/Las-Bibas-218x146.jpg 218w, https:\/\/blogs.correio24h.com.br\/mesalte\/wp-content\/uploads\/2016\/07\/Las-Bibas-50x34.jpg 50w, https:\/\/blogs.correio24h.com.br\/mesalte\/wp-content\/uploads\/2016\/07\/Las-Bibas-112x75.jpg 112w, https:\/\/blogs.correio24h.com.br\/mesalte\/wp-content\/uploads\/2016\/07\/Las-Bibas.jpg 1600w\" sizes=\"auto, (max-width: 1024px) 100vw, 1024px\" \/><p id=\"caption-attachment-5786\" class=\"wp-caption-text\">Foto: Divulga\u00e7\u00e3o<\/p><\/div>\n<p><em>Endere\u00e7o: Rua da Paci\u00eancia, n\u00famero 88 &#8211; Rio Vermelho. Aceita cart\u00f5es de cr\u00e9dito e d\u00e9bito. Informa\u00e7\u00f5es: (71) 3012-5013<\/em><\/p>\n<p><strong>Teatro Greg\u00f3rio de Mattos<\/strong><br \/>\nChega ao fim a temporada teatral do bel\u00edssimo espet\u00e1culo <strong>Rebola<\/strong>, que fez muito sucesso no Beco dos Artistas. Essa<strong> sexta-feira (29)<\/strong> \u00e9 o \u00faltimo dia da apresenta\u00e7\u00e3o teatral que come\u00e7a a partir das 19h. <a href=\"http:\/\/www.correio24horas.com.br\/blogs\/mesalte\/depois-do-sucesso-no-beco-dos-artistas-peca-rebola-ganha-montagem-no-teatro\/\" target=\"_blank\">Saiba mais sobre o Rebola.\u00c2\u00a0<\/a><br \/>\n<em>Endere\u00e7o: Pra\u00e7a Castro Alves &#8211; S\/N. Ingresso: pague quanto quiser. Informa\u00e7\u00f5es: (71) 3322-2646<\/em><\/p>\n<div id=\"attachment_5127\" style=\"width: 751px\" class=\"wp-caption aligncenter\"><img loading=\"lazy\" decoding=\"async\" aria-describedby=\"caption-attachment-5127\" class=\"size-full wp-image-5127\" src=\"http:\/\/www.correio24horas.com.br\/blogs\/mesalte\/wp-content\/uploads\/2016\/07\/Rebola-por-Andrea-Magnoni.jpg\" alt=\"Rebola est\u00e1 agora no TGM Foto: Andrea Magononi\" width=\"741\" height=\"903\" srcset=\"https:\/\/blogs.correio24h.com.br\/mesalte\/wp-content\/uploads\/2016\/07\/Rebola-por-Andrea-Magnoni.jpg 741w, https:\/\/blogs.correio24h.com.br\/mesalte\/wp-content\/uploads\/2016\/07\/Rebola-por-Andrea-Magnoni-246x300.jpg 246w, https:\/\/blogs.correio24h.com.br\/mesalte\/wp-content\/uploads\/2016\/07\/Rebola-por-Andrea-Magnoni-120x146.jpg 120w, https:\/\/blogs.correio24h.com.br\/mesalte\/wp-content\/uploads\/2016\/07\/Rebola-por-Andrea-Magnoni-41x50.jpg 41w, https:\/\/blogs.correio24h.com.br\/mesalte\/wp-content\/uploads\/2016\/07\/Rebola-por-Andrea-Magnoni-62x75.jpg 62w\" sizes=\"auto, (max-width: 741px) 100vw, 741px\" \/><p id=\"caption-attachment-5127\" class=\"wp-caption-text\">Rebola est\u00e1 agora no TGM<br \/>Foto: Andrea Magononi<\/p><\/div>\n<p><strong>\u00c2ncora do Marujo<br \/>\n<\/strong>Nessa <strong>sexta-feira (29), \u00e0 \u00a0s 0h30<\/strong>, acontece a primeira elimina\u00e7\u00e3o do concurso de dublagem de drags\u00c2\u00a0<strong>Star Live<\/strong>, que \u00e9 apresentado por Scher Marie Mercury. Ser\u00e1 o primeiro pared\u00e3o com\u00c2\u00a0Kimberly Portunayle X Natha Sympson . A elimina\u00e7\u00e3o ser\u00e1 ao vivo atrav\u00e9s das curtidas dos internautas na <a href=\"https:\/\/www.facebook.com\/Star-Live-271041596568993\/?fref=ts\" target=\"_blank\">fan page do concurso.\u00c2\u00a0<\/a>\u00c2\u00a0<strong>No s\u00e1bado (30),<\/strong> a casa \u00e9 comandada por\u00c2\u00a0<strong>Bia Mathieu Semanovischi<\/strong> que apresenta as candidatas do concurso\u00c2\u00a0Estrela Marujo 2016, que come\u00e7a em agosto. As apresenta\u00e7\u00f5es ser\u00e3o a\u00c2\u00a0partir das 00h.\u00c2\u00a0<strong style=\"line-height: 1.5;\">No domingo (31)<\/strong><span style=\"line-height: 1.5;\">, tem anivers\u00e1rio da drag\u00c2\u00a0<\/span><strong style=\"line-height: 1.5;\">Alehandra Dellavega<\/strong><span style=\"line-height: 1.5;\"> a partir das 23h.\u00c2\u00a0<\/span><\/p>\n<p><em>Endere\u00e7o: Rua Carlos Gomes, 809 &#8211; Centro. Entrada: R$\u00c2\u00a05 (em dinheiro). No bar aceita cart\u00f5es de d\u00e9bito.\u00c2\u00a0Informa\u00e7\u00f5es: 3329 &#8211; 1833.<\/em><\/p>\n<p><strong>Burlesque Bar<br \/>\n<\/strong>Acontece mais uma etapa do concurso de drags <strong>Super Talento<\/strong> nesse<strong> domingo (31<\/strong>) a partir das <strong>21h<\/strong>. Essa semana, a prova ser\u00e1 de humor. <a href=\"http:\/\/www.correio24horas.com.br\/blogs\/mesalte\/aimee-lumiere-vence-etapa-do-super-talento-com-apresentacao-de-pop-art-ellah-vargas-e-eliminada\/\" target=\"_blank\">Na semana passada, Aim\u00e9e Lumier\u00e9 venceu a eliminat\u00f3ria.\u00c2\u00a0<\/a><\/p>\n<p><img loading=\"lazy\" decoding=\"async\" class=\"aligncenter size-full wp-image-5729\" src=\"http:\/\/www.correio24horas.com.br\/blogs\/mesalte\/wp-content\/uploads\/2016\/07\/Aimee.jpg\" alt=\"Aimee\" width=\"960\" height=\"960\" srcset=\"https:\/\/blogs.correio24h.com.br\/mesalte\/wp-content\/uploads\/2016\/07\/Aimee.jpg 960w, https:\/\/blogs.correio24h.com.br\/mesalte\/wp-content\/uploads\/2016\/07\/Aimee-150x150.jpg 150w, https:\/\/blogs.correio24h.com.br\/mesalte\/wp-content\/uploads\/2016\/07\/Aimee-300x300.jpg 300w, https:\/\/blogs.correio24h.com.br\/mesalte\/wp-content\/uploads\/2016\/07\/Aimee-768x768.jpg 768w, https:\/\/blogs.correio24h.com.br\/mesalte\/wp-content\/uploads\/2016\/07\/Aimee-146x146.jpg 146w, https:\/\/blogs.correio24h.com.br\/mesalte\/wp-content\/uploads\/2016\/07\/Aimee-50x50.jpg 50w, https:\/\/blogs.correio24h.com.br\/mesalte\/wp-content\/uploads\/2016\/07\/Aimee-80x80.jpg 80w, https:\/\/blogs.correio24h.com.br\/mesalte\/wp-content\/uploads\/2016\/07\/Aimee-75x75.jpg 75w, https:\/\/blogs.correio24h.com.br\/mesalte\/wp-content\/uploads\/2016\/07\/Aimee-85x85.jpg 85w\" sizes=\"auto, (max-width: 960px) 100vw, 960px\" \/><br \/>\n<em> Endere\u00e7o: Rua da Mouraria, n\u00ba 51 &#8211; Nazar\u00e9. Couvert art\u00edstico: R$ 5. Aceita cart\u00f5es de d\u00e9bito e cr\u00e9dito. Informa\u00e7\u00f5es: (71) 3036-4908<\/em><\/p>\n<p><strong>Casa Antuak<br \/>\n<\/strong>S\u00e1bado (30) acontece a segunda edi\u00e7\u00e3o da festa L\u00famens na Casa Antuak. No comando da noite como DJ tem sets de\u00c2\u00a0Nina Codorna, \u00c2\u00a0Malayka SN, \u00c2\u00a0Jeronimo Sodre, Leandro Mac\u00eado, Mimoso Antuak e performances durante toda a noite. A festa come\u00e7a \u00e0 \u00a0s 23h e o ingresso custa R$ 10.<\/p>\n<div id=\"attachment_2626\" style=\"width: 1034px\" class=\"wp-caption aligncenter\"><img loading=\"lazy\" decoding=\"async\" aria-describedby=\"caption-attachment-2626\" class=\"size-large wp-image-2626\" src=\"http:\/\/www.correio24horas.com.br\/blogs\/mesalte\/wp-content\/uploads\/2016\/04\/NiNA_BROOKLYN_01-1-1024x683.jpg\" alt=\"Nina Cordorna \u00e9 uma das atra\u00e7\u00f5es - foto: Divulga\u00e7\u00e3o\" width=\"1024\" height=\"683\" srcset=\"https:\/\/blogs.correio24h.com.br\/mesalte\/wp-content\/uploads\/2016\/04\/NiNA_BROOKLYN_01-1-1024x683.jpg 1024w, https:\/\/blogs.correio24h.com.br\/mesalte\/wp-content\/uploads\/2016\/04\/NiNA_BROOKLYN_01-1-300x200.jpg 300w, https:\/\/blogs.correio24h.com.br\/mesalte\/wp-content\/uploads\/2016\/04\/NiNA_BROOKLYN_01-1-768x512.jpg 768w, https:\/\/blogs.correio24h.com.br\/mesalte\/wp-content\/uploads\/2016\/04\/NiNA_BROOKLYN_01-1-219x146.jpg 219w, https:\/\/blogs.correio24h.com.br\/mesalte\/wp-content\/uploads\/2016\/04\/NiNA_BROOKLYN_01-1-50x33.jpg 50w, https:\/\/blogs.correio24h.com.br\/mesalte\/wp-content\/uploads\/2016\/04\/NiNA_BROOKLYN_01-1-113x75.jpg 113w\" sizes=\"auto, (max-width: 1024px) 100vw, 1024px\" \/><p id=\"caption-attachment-2626\" class=\"wp-caption-text\">Nina Cordorna \u00e9 uma das atra\u00e7\u00f5es &#8211; foto: Divulga\u00e7\u00e3o<\/p><\/div>\n<p><em>Endere\u00e7o:Rua Democrata, 17 &#8211; Dois de Julho.\u00c2\u00a0Informa\u00e7\u00f5es: (71) 99148-5325<\/em><\/p>\n","protected":false},"excerpt":{"rendered":"<p>Vamos come\u00e7ar a organizar esse final de semana babadeiro? Preparamos uma sele\u00e7\u00e3o das melhores coisas que v\u00e3o rolar em Salvador at\u00e9 domingo (31). Se jogue! A [&hellip;]<\/p>\n","protected":false},"author":1,"featured_media":5785,"comment_status":"open","ping_status":"open","sticky":false,"template":"","format":"image","meta":{"footnotes":""},"categories":[80,16],"tags":[],"class_list":["post-5780","post","type-post","status-publish","format-image","has-post-thumbnail","hentry","category-home","category-me-jogo","post_format-post-format-image"],"_links":{"self":[{"href":"https:\/\/blogs.correio24horas.com.br\/mesalte\/wp-json\/wp\/v2\/posts\/5780","targetHints":{"allow":["GET"]}}],"collection":[{"href":"https:\/\/blogs.correio24horas.com.br\/mesalte\/wp-json\/wp\/v2\/posts"}],"about":[{"href":"https:\/\/blogs.correio24horas.com.br\/mesalte\/wp-json\/wp\/v2\/types\/post"}],"author":[{"embeddable":true,"href":"https:\/\/blogs.correio24horas.com.br\/mesalte\/wp-json\/wp\/v2\/users\/1"}],"replies":[{"embeddable":true,"href":"https:\/\/blogs.correio24horas.com.br\/mesalte\/wp-json\/wp\/v2\/comments?post=5780"}],"version-history":[{"count":6,"href":"https:\/\/blogs.correio24horas.com.br\/mesalte\/wp-json\/wp\/v2\/posts\/5780\/revisions"}],"predecessor-version":[{"id":5840,"href":"https:\/\/blogs.correio24horas.com.br\/mesalte\/wp-json\/wp\/v2\/posts\/5780\/revisions\/5840"}],"wp:featuredmedia":[{"embeddable":true,"href":"https:\/\/blogs.correio24horas.com.br\/mesalte\/wp-json\/wp\/v2\/media\/5785"}],"wp:attachment":[{"href":"https:\/\/blogs.correio24horas.com.br\/mesalte\/wp-json\/wp\/v2\/media?parent=5780"}],"wp:term":[{"taxonomy":"category","embeddable":true,"href":"https:\/\/blogs.correio24horas.com.br\/mesalte\/wp-json\/wp\/v2\/categories?post=5780"},{"taxonomy":"post_tag","embeddable":true,"href":"https:\/\/blogs.correio24horas.com.br\/mesalte\/wp-json\/wp\/v2\/tags?post=5780"}],"curies":[{"name":"wp","href":"https:\/\/api.w.org\/{rel}","templated":true}]}}