{"id":5771,"date":"2016-07-26T15:25:12","date_gmt":"2016-07-26T18:25:12","guid":{"rendered":"http:\/\/www.correio24horas.com.br\/blogs\/mesalte\/?p=5771"},"modified":"2016-07-26T15:28:25","modified_gmt":"2016-07-26T18:28:25","slug":"wanessa-camargo-abandona-o-pop-lanca-album-sertanejo-e-recebe-criticas-de-fas","status":"publish","type":"post","link":"https:\/\/blogs.correio24horas.com.br\/mesalte\/wanessa-camargo-abandona-o-pop-lanca-album-sertanejo-e-recebe-criticas-de-fas\/","title":{"rendered":"Wanessa Camargo abandona o pop, lan\u00e7a m\u00fasicas sertanejas e recebe cr\u00edticas de f\u00e3s; ou\u00e7a"},"content":{"rendered":"<p>A decis\u00e3o da cantora Wanessa Camargo de se afastar do pop n\u00e3o tem sido un\u00e2nime entre os f\u00e3s da artista, principalmente do p\u00fablico gay. Hoje, a filha de Zez\u00e9 &#8211; da dupla Zez\u00e9 de Camargo &amp; Luciano &#8211; lan\u00e7ou uma nova m\u00fasica do seu novo \u00e1lbum: &#8220;Vai Que Vira Amor\u009d, um sertanejo beeeeem diferente da levada pop tecno que ela vinha levando.<span style=\"line-height: 1.5;\">\u00c2\u00a0A faixa foi criada para o pr\u00f3ximo \u00e1lbum da cantora, que ter\u00e1 composi\u00e7\u00f5es autorais, em portugu\u00eas.\u00c2\u00a0<\/span><span style=\"line-height: 1.5;\">O primeiro single dessa transi\u00e7\u00e3o \u00e9 Cora\u00e7\u00e3o Embriagado\u009d, que chegou \u00e0 \u00a0 <\/span><span style=\"line-height: 1.5;\">i<\/span><span style=\"line-height: 1.5;\">nternet na segunda (25).\u00c2\u00a0<\/span><\/p>\n<p>Em 2009, Wanessa, em entrevista \u00e0 \u00a0 entrevista RG Vougue, ela havia criticado o g\u00eanero. &#8220;Eu gosto de sertanejo, tenho muito respeito e carinho pela m\u00fasica, um orgulho imenso do meu pai, mas n\u00e3o sou f\u00e3 do g\u00eanero, n\u00e3o me identifico e n\u00e3o ou\u00e7o&#8221;<br \/>\nOs seguidores n\u00e3o perdoaram. &#8220;Quando essa fase sertaneja, que voc\u00ea detesta acabar n\u00e3o queira voltar para quem te recebeu de bra\u00e7os abertos&#8221;, disse um seguidor. Outro disparou: &#8220;Os gays te abra\u00e7aram e agora voc\u00ea est\u00e1 nos abandonando. Meu mundo caiu. Que close errado, garota&#8221;. O novo \u00e1lbum ser\u00e1 todo lan\u00e7ado ainda em agosto.<\/p>\n<p><strong>Ou\u00e7a a Cora\u00e7\u00e3o Embriagado&gt;&gt;<\/strong><\/p>\n<p><iframe loading=\"lazy\" src=\"http:\/\/www.audiomack.com\/embed4-large\/wanessacamargo\/coraco-embriagado\" width=\"100%\" height=\"265\" frameborder=\"0\" scrolling=\"no\"><\/iframe><br \/>\nNem de longe essas can\u00e7\u00f5es lembram outr\u00e7as maravilhosas eletr\u00f4nicas como Shine It On &#8230;<br \/>\n<iframe loading=\"lazy\" src=\"https:\/\/www.youtube.com\/embed\/XLTJa6LEc9o\" width=\"420\" height=\"315\" frameborder=\"0\" allowfullscreen=\"allowfullscreen\"><\/iframe><\/p>\n<p>ou at\u00e9 mesmo de Amor, Amor<br \/>\n<iframe loading=\"lazy\" src=\"https:\/\/www.youtube.com\/embed\/_-bnorYYBHk\" width=\"420\" height=\"315\" frameborder=\"0\" allowfullscreen=\"allowfullscreen\"><\/iframe><\/p>\n","protected":false},"excerpt":{"rendered":"<p>A decis\u00e3o da cantora Wanessa Camargo de se afastar do pop n\u00e3o tem sido un\u00e2nime entre os f\u00e3s da artista, principalmente do p\u00fablico gay. Hoje, a [&hellip;]<\/p>\n","protected":false},"author":1,"featured_media":5773,"comment_status":"open","ping_status":"open","sticky":false,"template":"","format":"image","meta":{"footnotes":""},"categories":[28,80],"tags":[],"class_list":["post-5771","post","type-post","status-publish","format-image","has-post-thumbnail","hentry","category-farofa-digital","category-home","post_format-post-format-image"],"_links":{"self":[{"href":"https:\/\/blogs.correio24horas.com.br\/mesalte\/wp-json\/wp\/v2\/posts\/5771","targetHints":{"allow":["GET"]}}],"collection":[{"href":"https:\/\/blogs.correio24horas.com.br\/mesalte\/wp-json\/wp\/v2\/posts"}],"about":[{"href":"https:\/\/blogs.correio24horas.com.br\/mesalte\/wp-json\/wp\/v2\/types\/post"}],"author":[{"embeddable":true,"href":"https:\/\/blogs.correio24horas.com.br\/mesalte\/wp-json\/wp\/v2\/users\/1"}],"replies":[{"embeddable":true,"href":"https:\/\/blogs.correio24horas.com.br\/mesalte\/wp-json\/wp\/v2\/comments?post=5771"}],"version-history":[{"count":3,"href":"https:\/\/blogs.correio24horas.com.br\/mesalte\/wp-json\/wp\/v2\/posts\/5771\/revisions"}],"predecessor-version":[{"id":5775,"href":"https:\/\/blogs.correio24horas.com.br\/mesalte\/wp-json\/wp\/v2\/posts\/5771\/revisions\/5775"}],"wp:featuredmedia":[{"embeddable":true,"href":"https:\/\/blogs.correio24horas.com.br\/mesalte\/wp-json\/wp\/v2\/media\/5773"}],"wp:attachment":[{"href":"https:\/\/blogs.correio24horas.com.br\/mesalte\/wp-json\/wp\/v2\/media?parent=5771"}],"wp:term":[{"taxonomy":"category","embeddable":true,"href":"https:\/\/blogs.correio24horas.com.br\/mesalte\/wp-json\/wp\/v2\/categories?post=5771"},{"taxonomy":"post_tag","embeddable":true,"href":"https:\/\/blogs.correio24horas.com.br\/mesalte\/wp-json\/wp\/v2\/tags?post=5771"}],"curies":[{"name":"wp","href":"https:\/\/api.w.org\/{rel}","templated":true}]}}