{"id":5716,"date":"2016-07-23T17:47:20","date_gmt":"2016-07-23T20:47:20","guid":{"rendered":"http:\/\/www.correio24horas.com.br\/blogs\/mesalte\/?p=5716"},"modified":"2016-07-23T17:47:20","modified_gmt":"2016-07-23T20:47:20","slug":"apresentador-marcelo-tas-homenageia-filho-transexual-em-campanha-publicitaria-me-ensina-a-viver-com-coragem-e-afeto","status":"publish","type":"post","link":"https:\/\/blogs.correio24horas.com.br\/mesalte\/apresentador-marcelo-tas-homenageia-filho-transexual-em-campanha-publicitaria-me-ensina-a-viver-com-coragem-e-afeto\/","title":{"rendered":"Apresentador Marcelo Tas homenageia filho transexual em campanha publicit\u00e1ria: &#8220;Me ensina a viver com coragem e afeto&#8221;"},"content":{"rendered":"<p>O apresentador Marcelo Tas usou sua conta no Twitter para homenagear o filho mais velho Luc, de 27 anos, que \u00e9 um homem transexual &#8211; foi identificado ao nascer como pertencente a outro g\u00eanero que n\u00e3o condiz com o que ele se identifica.\u00c2\u00a0Convidado a participar de uma campanha publicit\u00e1ria da\u00c2\u00a0marca de cosm\u00e9ticos Dove, Tas respondeu \u00e0 \u00a0 pergunta Quem s\u00e3o seus her\u00f3is reais?\u009d e respondeu atrav\u00e9s do Twitter: Luc, meu filho + velho, me ensina a viver com coragem e afeto\u009d, publicou Tas que atualmente \u00e9 apresentador do programa Papo de Segunda do GNT .\u00c2\u00a0\u00c2\u00a0Luc \u00e9 advogado e mora nos Estados Unidos com o marido, Nick, tamb\u00e9m transexual.<\/p>\n<p>&nbsp;<\/p>\n","protected":false},"excerpt":{"rendered":"<p>O apresentador Marcelo Tas usou sua conta no Twitter para homenagear o filho mais velho Luc, de 27 anos, que \u00e9 um homem transexual &#8211; foi [&hellip;]<\/p>\n","protected":false},"author":1,"featured_media":5717,"comment_status":"open","ping_status":"open","sticky":false,"template":"","format":"image","meta":{"footnotes":""},"categories":[80,9],"tags":[],"class_list":["post-5716","post","type-post","status-publish","format-image","has-post-thumbnail","hentry","category-home","category-me-orgulho","post_format-post-format-image"],"_links":{"self":[{"href":"https:\/\/blogs.correio24horas.com.br\/mesalte\/wp-json\/wp\/v2\/posts\/5716","targetHints":{"allow":["GET"]}}],"collection":[{"href":"https:\/\/blogs.correio24horas.com.br\/mesalte\/wp-json\/wp\/v2\/posts"}],"about":[{"href":"https:\/\/blogs.correio24horas.com.br\/mesalte\/wp-json\/wp\/v2\/types\/post"}],"author":[{"embeddable":true,"href":"https:\/\/blogs.correio24horas.com.br\/mesalte\/wp-json\/wp\/v2\/users\/1"}],"replies":[{"embeddable":true,"href":"https:\/\/blogs.correio24horas.com.br\/mesalte\/wp-json\/wp\/v2\/comments?post=5716"}],"version-history":[{"count":1,"href":"https:\/\/blogs.correio24horas.com.br\/mesalte\/wp-json\/wp\/v2\/posts\/5716\/revisions"}],"predecessor-version":[{"id":5718,"href":"https:\/\/blogs.correio24horas.com.br\/mesalte\/wp-json\/wp\/v2\/posts\/5716\/revisions\/5718"}],"wp:featuredmedia":[{"embeddable":true,"href":"https:\/\/blogs.correio24horas.com.br\/mesalte\/wp-json\/wp\/v2\/media\/5717"}],"wp:attachment":[{"href":"https:\/\/blogs.correio24horas.com.br\/mesalte\/wp-json\/wp\/v2\/media?parent=5716"}],"wp:term":[{"taxonomy":"category","embeddable":true,"href":"https:\/\/blogs.correio24horas.com.br\/mesalte\/wp-json\/wp\/v2\/categories?post=5716"},{"taxonomy":"post_tag","embeddable":true,"href":"https:\/\/blogs.correio24horas.com.br\/mesalte\/wp-json\/wp\/v2\/tags?post=5716"}],"curies":[{"name":"wp","href":"https:\/\/api.w.org\/{rel}","templated":true}]}}