{"id":5701,"date":"2016-07-23T13:27:37","date_gmt":"2016-07-23T16:27:37","guid":{"rendered":"http:\/\/www.correio24horas.com.br\/blogs\/mesalte\/?p=5701"},"modified":"2016-07-23T13:29:19","modified_gmt":"2016-07-23T16:29:19","slug":"nao-sou-eu-que-estou-dizendo-e-deus-diz-pastor-acusado-de-homofobia-por-placa-veja-video","status":"publish","type":"post","link":"https:\/\/blogs.correio24horas.com.br\/mesalte\/nao-sou-eu-que-estou-dizendo-e-deus-diz-pastor-acusado-de-homofobia-por-placa-veja-video\/","title":{"rendered":"&#8216;N\u00e3o sou eu que estou dizendo. \u00c9 Deus&#8217;, diz pastor acusado de homofobia por placa; veja v\u00eddeo"},"content":{"rendered":"<p><strong>Por Alexandre Lyrio<\/strong><\/p>\n<p>Ele diz que Jean Wyllys \u00e9 digno da miseric\u00f3rdia divina\u009d, bota f\u00e9 nas lutas de Bolsonaro e Magno Malta e faz cara de nojo ao narrar uma cena de novela em que viu dois homens se pegando\u009d. Afff. N\u00e3o sei como um homem \u00e9 capaz de se pegar com o outro. Voc\u00ea gosta de homem?\u009d, me perguntou o pastor que pendurou na fachada de sua igreja uma placa com uma inscri\u00e7\u00e3o considerada homof\u00f3bica por moradores de Porto Sau\u00edpe, distrito de Entre Rios, a 70 quil\u00f4metros de Salvador.<\/p>\n<p>Em que sentido, pastor?\u009d, retruquei. No sentido sexual mesmo\u009d. N\u00e3o, n\u00e3o, pastor. Eu gosto de mulher. Mas se gostasse de homem isso n\u00e3o faria a menor diferen\u00e7a\u009d. Ontem, no final da tarde, a placa continuava l\u00e1. E, se depender dele, vai ficar ali por muito tempo. N\u00e3o vou me intimidar. N\u00e3o tem lei que tire essa placa da\u00ed. Conhe\u00e7o a constitui\u00e7\u00e3o. Tenho direito \u00e0 \u00a0 liberdade de express\u00e3o\u009d, afirmou o l\u00edder religioso.<\/p>\n<p>Como mostra a foto, a placa cita trecho do livro de Lev\u00edtico, cap\u00edtulo 20, vers\u00edculo 13, do Velho Testamento. Se um homem tiver rela\u00e7\u00f5es com outro homem, os dois dever\u00e3o ser mortos por causa desse ato nojento; Eles ser\u00e3o respons\u00e1veis pela sua pr\u00f3pria morte\u009d. O pastor nega que os dizeres incitem a viol\u00eancia, a homofobia ou incentive a discrimina\u00e7\u00e3o.<\/p>\n<p>N\u00e3o sou eu que estou dizendo. \u00c9 Deus. A\u00ed tem que pegar Deus e botar atr\u00e1s das grades. Diante de Deus, o homossexualismo (sic) \u00e9 pecado. Mas isso n\u00e3o quer dizer que os homossexuais t\u00eam que ser mortos. Eles precisam ser salvos. Ali \u00e9 o ponto de vista de Deus\u009d, diz o pastor que usa o termo homossexualismo, que n\u00e3o \u00e9 mais usado desde os anos 1990 quando a Organiza\u00e7\u00e3o Mundial da Sa\u00fade (OMS) retirou o sufixo ismo que indica doen\u00e7a. O correto \u00e9 homossexualidade.<\/p>\n<p>Mas, o cidad\u00e3o comum que l\u00ea isso a\u00ed n\u00e3o pode interpretar como um incentivo \u00e0 \u00a0 homofobia?\u009d, indaguei.\u00c2\u00a0N\u00e3o, n\u00e3o. Mais de 80% da nossa popula\u00e7\u00e3o \u00e9 cat\u00f3lica ou protestante. Todo mundo tem a B\u00edblia. Se fosse na \u00e9poca do Velho Testamento, era para ser morto mesmo. Apedrejado! Deus condena o homossexualismo (sic), o lesbianismo\u009d, repetiu v\u00e1rias vezes. Se naquela \u00e9poca era para ser apedrejado, hoje \u00e9 para ser o que?\u009d. Hoje \u00e9 para ser salvo\u009d, insistiu.<\/p>\n<p>Mas, de tantos escritos e livros da B\u00edblia, porque destacar este?\u009d. Porque a coisa t\u00e1 mudando muito r\u00e1pido. Os programas de televis\u00e3o incentivam. Para uma crian\u00e7a, um menino desse a\u00ed, isso \u00e9 normal. Os gays t\u00e3o morrendo tudo de Aids e ningu\u00e9m faz nada\u009d, disse o pastor, novamente demonstrando um semblante de nojo. Falo assim porque quando eles morrerem v\u00e3o paro o inferno. Eu quero que eles sejam salvos\u009d.<\/p>\n<p>Milton Fran\u00e7a, 58 anos, \u00e9 do bairro da Liberdade, em Salvador, e mora h\u00e1 seis anos em Porto Sau\u00edpe. Ele fazia parte da Congrega\u00e7\u00e3o Batista B\u00edblica Sal\u00e9m, que existe h\u00e1 23 anos. H\u00e1 um ano, decidiu abrir uma igreja independente e criou o Templo B\u00edblico Batista Sal\u00e9m. Al\u00e9m dessa placa, h\u00e1 outra que tamb\u00e9m foi fixada na frente do tempo religioso com a frase em tom de amea\u00e7a: Voc\u00ea \u00e9 livre para fazer suas escolhas, mas n\u00e3o \u00e9 livre para escolher as consequ\u00eancias\u009d.<\/p>\n<div id=\"attachment_5626\" style=\"width: 1034px\" class=\"wp-caption aligncenter\"><img loading=\"lazy\" decoding=\"async\" aria-describedby=\"caption-attachment-5626\" class=\"size-large wp-image-5626\" src=\"http:\/\/www.correio24horas.com.br\/blogs\/mesalte\/wp-content\/uploads\/2016\/07\/igreja-sauipe-1024x706.jpg\" alt=\"Outra frase que est\u00e1 na frente da igreja\" width=\"1024\" height=\"706\" srcset=\"https:\/\/blogs.correio24h.com.br\/mesalte\/wp-content\/uploads\/2016\/07\/igreja-sauipe-1024x706.jpg 1024w, https:\/\/blogs.correio24h.com.br\/mesalte\/wp-content\/uploads\/2016\/07\/igreja-sauipe-300x207.jpg 300w, https:\/\/blogs.correio24h.com.br\/mesalte\/wp-content\/uploads\/2016\/07\/igreja-sauipe-768x530.jpg 768w, https:\/\/blogs.correio24h.com.br\/mesalte\/wp-content\/uploads\/2016\/07\/igreja-sauipe-212x146.jpg 212w, https:\/\/blogs.correio24h.com.br\/mesalte\/wp-content\/uploads\/2016\/07\/igreja-sauipe-50x34.jpg 50w, https:\/\/blogs.correio24h.com.br\/mesalte\/wp-content\/uploads\/2016\/07\/igreja-sauipe-109x75.jpg 109w, https:\/\/blogs.correio24h.com.br\/mesalte\/wp-content\/uploads\/2016\/07\/igreja-sauipe.jpg 1047w\" sizes=\"auto, (max-width: 1024px) 100vw, 1024px\" \/><p id=\"caption-attachment-5626\" class=\"wp-caption-text\">Outra frase que est\u00e1 na frente da igreja<\/p><\/div>\n<p>Quem pode sofrer as consequ\u00eancias do seu ato \u00e9 o pr\u00f3prio pastor. A promotora M\u00e1rcia Teixeira, que coordenada o Centro de Apoio dos Direitos Humanos do Minist\u00e9rio P\u00fablico da Bahia, encaminhou den\u00fancia para o promotor criminal de Entre Rios, que vai analisar o caso e pode indicar a abertura de inqu\u00e9rito policial.<\/p>\n<p><a href=\"http:\/\/www.correio24horas.com.br\/blogs\/mesalte\/igreja-evangelica-na-bahia-coloca-placa-na-porta-indicando-que-gays-devem-morrer-mp-apura-o-caso\/\" target=\"_blank\">A liberdade religiosa n\u00e3o autoriza ningu\u00e9m a fazer apologia ao crime\u009d, defende a promotora. <\/a>Caso haja uma condena\u00e7\u00e3o criminal por incita\u00e7\u00e3o ao crime, o pastor pode ser condenado \u00e0 \u00a0 pena de 3 meses at\u00e9 2 anos de pris\u00e3o. O presidente da Comiss\u00e3o de Diversidade Sexual da Ordem dos Advogados da Bahia (OAB-BA), Filipe Garbelotto, criticou a postura da igreja.<\/p>\n<p>Para Garbelotto,<a href=\"http:\/\/www.correio24horas.com.br\/blogs\/mesalte\/isso-extrapola-qualquer-limite-da-liberdade-religiosa-diz-oab-sobre-igreja-que-tem-placa-com-indicativo-de-morte-de-gays-na-bahia\/\" target=\"_blank\"> a igreja alterou a tradu\u00e7\u00e3o da frase para estimular a viol\u00eancia.<\/a> N\u00e3o \u00e9 uma mera reprodu\u00e7\u00e3o do que est\u00e1 escrito na B\u00edblia. O texto foi modificado. Ele (o pastor) edita o texto para deix\u00e1-agressivo. Est\u00e1 clara a incita\u00e7\u00e3o \u00e0 \u00a0 viol\u00eancia. Ele convoca para que os homossexuais sejam mortos. Isso extrapola qualquer limite da express\u00e3o de liberdade religiosa\u009d, afirmou.<\/p>\n<p><a href=\"http:\/\/www.correio24horas.com.br\/blogs\/mesalte\/igreja-evangelica-na-bahia-coloca-placa-na-porta-indicando-que-gays-devem-morrer-mp-apura-o-caso\/\" target=\"_blank\">O Me Salte consultou dez b\u00edblias <\/a>\u201c com variadas tradu\u00e7\u00f5es f\u00edsicas e on line \u201c e em todas a frase \u00e9 escrita de outra maneira. Na tradu\u00e7\u00e3o da b\u00edblia por Jo\u00e3o Ferreira de Almeida, que \u00e9 uma das mais respeitadas, o trecho diz: O homem que se deitar com outro homem como se fosse uma mulher, ambos cometeram uma abomina\u00e7\u00e3o, dever\u00e3o morrer, e seu sangue cair\u00e1 sobre eles\u009d. No local, por\u00e9m, o pastor mostrou \u00e0 \u00a0 nossa reportagem uma b\u00edblia com escritos id\u00eanticos aos da placa.<br \/>\nO presidente da comiss\u00e3o da OAB ressalta ainda que o pastor respons\u00e1vel pela igreja, deve responder civil e criminalmente por isso. Isso que aconteceu da porta pra fora da igreja \u00e9 reflexo do momento de preconceito que estamos vivendo na nossa sociedade. A OAB est\u00e1 acompanhando o caso para que haja puni\u00e7\u00e3o\u009d, explicou o advogado.<\/p>\n<p><strong>Confira abaixo entrevista completa com o pastor:<\/strong><\/p>\n<p><iframe loading=\"lazy\" style=\"border: none; overflow: hidden;\" src=\"https:\/\/www.facebook.com\/plugins\/video.php?href=https%3A%2F%2Fwww.facebook.com%2Fcorreio24horas%2Fvideos%2F1423114967702991%2F&amp;show_text=0&amp;width=560\" width=\"560\" height=\"315\" frameborder=\"0\" scrolling=\"no\" allowfullscreen=\"allowfullscreen\"><\/iframe><\/p>\n","protected":false},"excerpt":{"rendered":"<p>Por Alexandre Lyrio Ele diz que Jean Wyllys \u00e9 digno da miseric\u00f3rdia divina\u009d, bota f\u00e9 nas lutas de Bolsonaro e Magno Malta e faz cara de [&hellip;]<\/p>\n","protected":false},"author":1,"featured_media":0,"comment_status":"open","ping_status":"open","sticky":false,"template":"","format":"image","meta":{"footnotes":""},"categories":[80,11],"tags":[],"class_list":["post-5701","post","type-post","status-publish","format-image","hentry","category-home","category-me-informo","post_format-post-format-image"],"_links":{"self":[{"href":"https:\/\/blogs.correio24horas.com.br\/mesalte\/wp-json\/wp\/v2\/posts\/5701","targetHints":{"allow":["GET"]}}],"collection":[{"href":"https:\/\/blogs.correio24horas.com.br\/mesalte\/wp-json\/wp\/v2\/posts"}],"about":[{"href":"https:\/\/blogs.correio24horas.com.br\/mesalte\/wp-json\/wp\/v2\/types\/post"}],"author":[{"embeddable":true,"href":"https:\/\/blogs.correio24horas.com.br\/mesalte\/wp-json\/wp\/v2\/users\/1"}],"replies":[{"embeddable":true,"href":"https:\/\/blogs.correio24horas.com.br\/mesalte\/wp-json\/wp\/v2\/comments?post=5701"}],"version-history":[{"count":1,"href":"https:\/\/blogs.correio24horas.com.br\/mesalte\/wp-json\/wp\/v2\/posts\/5701\/revisions"}],"predecessor-version":[{"id":5702,"href":"https:\/\/blogs.correio24horas.com.br\/mesalte\/wp-json\/wp\/v2\/posts\/5701\/revisions\/5702"}],"wp:attachment":[{"href":"https:\/\/blogs.correio24horas.com.br\/mesalte\/wp-json\/wp\/v2\/media?parent=5701"}],"wp:term":[{"taxonomy":"category","embeddable":true,"href":"https:\/\/blogs.correio24horas.com.br\/mesalte\/wp-json\/wp\/v2\/categories?post=5701"},{"taxonomy":"post_tag","embeddable":true,"href":"https:\/\/blogs.correio24horas.com.br\/mesalte\/wp-json\/wp\/v2\/tags?post=5701"}],"curies":[{"name":"wp","href":"https:\/\/api.w.org\/{rel}","templated":true}]}}