{"id":5672,"date":"2016-07-22T18:31:22","date_gmt":"2016-07-22T21:31:22","guid":{"rendered":"http:\/\/www.correio24horas.com.br\/blogs\/mesalte\/?p=5672"},"modified":"2016-07-23T13:30:18","modified_gmt":"2016-07-23T16:30:18","slug":"nao-tem-lei-que-tire-essa-placa-dai-diz-pastor-que-colocou-placa-indicando-a-morte-de-gays-na-porta-de-igreja-na-bahia","status":"publish","type":"post","link":"https:\/\/blogs.correio24horas.com.br\/mesalte\/nao-tem-lei-que-tire-essa-placa-dai-diz-pastor-que-colocou-placa-indicando-a-morte-de-gays-na-porta-de-igreja-na-bahia\/","title":{"rendered":"&#8220;N\u00e3o tem lei que tire essa placa da\u00ed&#8221;, diz pastor que colocou placa indicando a morte de gays na porta de igreja na Bahia"},"content":{"rendered":"<p>Respons\u00e1vel pela igreja Templo Batista B\u00edblico Sal\u00e9m, no distrito Porto Sau\u00edpe, da cidade de Entre Rios, no litoral norte da Bahia, q<a href=\"http:\/\/www.correio24horas.com.br\/blogs\/mesalte\/igreja-evangelica-na-bahia-coloca-placa-na-porta-indicando-que-gays-devem-morrer-mp-apura-o-caso\/\" target=\"_blank\">ue colocou na sua fachada frases com incita\u00e7\u00e3o ao \u00f3dio contra gays<\/a>, o pastor Milton Fran\u00e7a disse na tarde dessa sexta-feira (22) que n\u00e3o vai retirar as placas mesmo com toda a pol\u00eamica que envolve o caso.\u00c2\u00a0&#8220;N\u00e3o vou me intimidar. N\u00e3o tem lei que tire essa placa da\u00ed. Conhe\u00e7o a constitui\u00e7\u00e3o&#8221;, afirmou o l\u00edder religioso\u00c2\u00a0em entrevista ao\u00c2\u00a0rep\u00f3rter\u00c2\u00a0Alexandre Lyrio, \u00c2\u00a0<a href=\"http:\/\/www.correio24horas.com.br\/\" target=\"_blank\">do jornal CORREIO<\/a>\u00c2\u00a0,\u00c2\u00a0na cidade de Entre Rios.<\/p>\n<p>Na entrevista, que ser\u00e1 publicada na \u00edntegra na edi\u00e7\u00e3o de s\u00e1bado (23) do jornal CORREIO e tamb\u00e9m aqui no Me Salte, o pastor disse que sua interpreta\u00e7\u00e3o do trecho b\u00edblico corresponde ao que est\u00e1 escrito nas placas.\u00c2\u00a0Se hum homem tiver relacionamento com outro homem, os dois dever\u00e3o ser mortos por causa desse ato nojento; Eles ser\u00e3o respons\u00e1veis pela sua pr\u00f3pria morte\u009d, diz uma das placas colocadas na frente da igreja.<\/p>\n<p>A a\u00e7\u00e3o da igreja est\u00e1 sendo alvo de investiga\u00e7\u00e3o do Minist\u00e9rio P\u00fablico da Bahia (MP-BA) e tamb\u00e9m est\u00e1 sendo acompanhada pela <a href=\"http:\/\/www.correio24horas.com.br\/blogs\/mesalte\/isso-extrapola-qualquer-limite-da-liberdade-religiosa-diz-oab-sobre-igreja-que-tem-placa-com-indicativo-de-morte-de-gays-na-bahia\/\" target=\"_blank\">Ordem dos Advogados da Bahia (OAB-BA)<\/a>\u00c2\u00a0que considera a atitude do pastor como algo que extrapola a liberdade religiosa.<\/p>\n<p><center>\n\t\t\t<style type='text\/css'>\n\t\t\t\t#gallery-1 {\n\t\t\t\t\tmargin: auto;\n\t\t\t\t}\n\t\t\t\t#gallery-1 .gallery-item {\n\t\t\t\t\tfloat: left;\n\t\t\t\t\tmargin-top: 10px;\n\t\t\t\t\ttext-align: center;\n\t\t\t\t\twidth: 49.99%;\n\t\t\t\t}\n\t\t\t\t#gallery-1 img {\n\t\t\t\t\tborder: 2px solid #cfcfcf;\n\t\t\t\t}\n\t\t\t\t#gallery-1 .gallery-caption {\n\t\t\t\t\tmargin-left: 0;\n\t\t\t\t}\n\t\t\t\t\/* see gallery_shortcode() in wp-includes\/media.php *\/\n\t\t\t<\/style>\n\t\t<div id='gallery-1' class='gallery galleryid-5672 gallery-columns-2 gallery-size-large file'><dl class='gallery-item'>\n\t\t\t\t<dt class='gallery-icon landscape'>\n\t\t\t\t\t<a href='https:\/\/blogs.correio24h.com.br\/mesalte\/wp-content\/uploads\/2016\/07\/Imagem-igreja.jpg'><img loading=\"lazy\" decoding=\"async\" width=\"913\" height=\"614\" src=\"https:\/\/blogs.correio24h.com.br\/mesalte\/wp-content\/uploads\/2016\/07\/Imagem-igreja.jpg\" class=\"attachment-large size-large\" alt=\"\" srcset=\"https:\/\/blogs.correio24h.com.br\/mesalte\/wp-content\/uploads\/2016\/07\/Imagem-igreja.jpg 913w, https:\/\/blogs.correio24h.com.br\/mesalte\/wp-content\/uploads\/2016\/07\/Imagem-igreja-300x202.jpg 300w, https:\/\/blogs.correio24h.com.br\/mesalte\/wp-content\/uploads\/2016\/07\/Imagem-igreja-768x516.jpg 768w, https:\/\/blogs.correio24h.com.br\/mesalte\/wp-content\/uploads\/2016\/07\/Imagem-igreja-217x146.jpg 217w, https:\/\/blogs.correio24h.com.br\/mesalte\/wp-content\/uploads\/2016\/07\/Imagem-igreja-50x34.jpg 50w, https:\/\/blogs.correio24h.com.br\/mesalte\/wp-content\/uploads\/2016\/07\/Imagem-igreja-112x75.jpg 112w\" sizes=\"auto, (max-width: 913px) 100vw, 913px\" \/><\/a>\n\t\t\t\t<\/dt>\n\t\t\t\t\t<dd class='wp-caption-text gallery-caption'>\n\t\t\t\t\tFrase colocada na igreja \u00e9 sinal de viol\u00eancia, diz OAB\n\t\t\t\t\t<\/dd><\/dl><dl class='gallery-item'>\n\t\t\t\t<dt class='gallery-icon landscape'>\n\t\t\t\t\t<a href='https:\/\/blogs.correio24h.com.br\/mesalte\/wp-content\/uploads\/2016\/07\/igreja-sauipe.jpg'><img loading=\"lazy\" decoding=\"async\" width=\"1024\" height=\"706\" src=\"https:\/\/blogs.correio24h.com.br\/mesalte\/wp-content\/uploads\/2016\/07\/igreja-sauipe-1024x706.jpg\" class=\"attachment-large size-large\" alt=\"\" srcset=\"https:\/\/blogs.correio24h.com.br\/mesalte\/wp-content\/uploads\/2016\/07\/igreja-sauipe-1024x706.jpg 1024w, https:\/\/blogs.correio24h.com.br\/mesalte\/wp-content\/uploads\/2016\/07\/igreja-sauipe-300x207.jpg 300w, https:\/\/blogs.correio24h.com.br\/mesalte\/wp-content\/uploads\/2016\/07\/igreja-sauipe-768x530.jpg 768w, https:\/\/blogs.correio24h.com.br\/mesalte\/wp-content\/uploads\/2016\/07\/igreja-sauipe-212x146.jpg 212w, https:\/\/blogs.correio24h.com.br\/mesalte\/wp-content\/uploads\/2016\/07\/igreja-sauipe-50x34.jpg 50w, https:\/\/blogs.correio24h.com.br\/mesalte\/wp-content\/uploads\/2016\/07\/igreja-sauipe-109x75.jpg 109w, https:\/\/blogs.correio24h.com.br\/mesalte\/wp-content\/uploads\/2016\/07\/igreja-sauipe.jpg 1047w\" sizes=\"auto, (max-width: 1024px) 100vw, 1024px\" \/><\/a>\n\t\t\t\t<\/dt>\n\t\t\t\t\t<dd class='wp-caption-text gallery-caption'>\n\t\t\t\t\tOutra frase que est\u00e1 na frente da igreja\n\t\t\t\t\t<\/dd><\/dl><br style=\"clear: both\" \/>\n\t\t\t<\/div>\n<\/p>\n<p>&nbsp;<\/p>\n<p><\/center><strong>Leia mais:<br \/>\n<\/strong><a href=\"http:\/\/www.correio24horas.com.br\/blogs\/mesalte\/igreja-evangelica-na-bahia-coloca-placa-na-porta-indicando-que-gays-devem-morrer-mp-apura-o-caso\" target=\"_blank\">Igreja evang\u00e9lica na Bahia coloca placa na porta indicando que gays devem morrer; MP apura o caso<\/a><br \/>\n<a href=\"http:\/\/www.correio24horas.com.br\/blogs\/mesalte\/isso-extrapola-qualquer-limite-da-liberdade-religiosa-diz-oab-sobre-igreja-que-tem-placa-com-indicativo-de-morte-de-gays-na-bahia\" target=\"_blank\">Isso extrapola qualquer limite da liberdade religiosa\u009d, diz OAB sobre igreja que tem placas com indicativo de morte de gays na Bahia<\/a><\/p>\n<p><strong>Confira trecho da entrevista com o pastor (atualizada \u00e0 \u00a0s 22:00h do dia 22.07)<\/strong><br \/>\n<iframe loading=\"lazy\" style=\"border: none; overflow: hidden;\" src=\"https:\/\/www.facebook.com\/plugins\/video.php?href=https%3A%2F%2Fwww.facebook.com%2Fcorreio24horas%2Fvideos%2F1423114967702991%2F&amp;show_text=0&amp;width=560\" width=\"560\" height=\"315\" frameborder=\"0\" scrolling=\"no\" allowfullscreen=\"allowfullscreen\"><\/iframe><\/p>\n","protected":false},"excerpt":{"rendered":"<p>Respons\u00e1vel pela igreja Templo Batista B\u00edblico Sal\u00e9m, no distrito Porto Sau\u00edpe, da cidade de Entre Rios, no litoral norte da Bahia, que colocou na sua fachada [&hellip;]<\/p>\n","protected":false},"author":1,"featured_media":5679,"comment_status":"open","ping_status":"open","sticky":false,"template":"","format":"image","meta":{"footnotes":""},"categories":[80,11],"tags":[],"class_list":["post-5672","post","type-post","status-publish","format-image","has-post-thumbnail","hentry","category-home","category-me-informo","post_format-post-format-image"],"_links":{"self":[{"href":"https:\/\/blogs.correio24horas.com.br\/mesalte\/wp-json\/wp\/v2\/posts\/5672","targetHints":{"allow":["GET"]}}],"collection":[{"href":"https:\/\/blogs.correio24horas.com.br\/mesalte\/wp-json\/wp\/v2\/posts"}],"about":[{"href":"https:\/\/blogs.correio24horas.com.br\/mesalte\/wp-json\/wp\/v2\/types\/post"}],"author":[{"embeddable":true,"href":"https:\/\/blogs.correio24horas.com.br\/mesalte\/wp-json\/wp\/v2\/users\/1"}],"replies":[{"embeddable":true,"href":"https:\/\/blogs.correio24horas.com.br\/mesalte\/wp-json\/wp\/v2\/comments?post=5672"}],"version-history":[{"count":11,"href":"https:\/\/blogs.correio24horas.com.br\/mesalte\/wp-json\/wp\/v2\/posts\/5672\/revisions"}],"predecessor-version":[{"id":5703,"href":"https:\/\/blogs.correio24horas.com.br\/mesalte\/wp-json\/wp\/v2\/posts\/5672\/revisions\/5703"}],"wp:featuredmedia":[{"embeddable":true,"href":"https:\/\/blogs.correio24horas.com.br\/mesalte\/wp-json\/wp\/v2\/media\/5679"}],"wp:attachment":[{"href":"https:\/\/blogs.correio24horas.com.br\/mesalte\/wp-json\/wp\/v2\/media?parent=5672"}],"wp:term":[{"taxonomy":"category","embeddable":true,"href":"https:\/\/blogs.correio24horas.com.br\/mesalte\/wp-json\/wp\/v2\/categories?post=5672"},{"taxonomy":"post_tag","embeddable":true,"href":"https:\/\/blogs.correio24horas.com.br\/mesalte\/wp-json\/wp\/v2\/tags?post=5672"}],"curies":[{"name":"wp","href":"https:\/\/api.w.org\/{rel}","templated":true}]}}