{"id":5605,"date":"2016-07-21T09:10:25","date_gmt":"2016-07-21T12:10:25","guid":{"rendered":"http:\/\/www.correio24horas.com.br\/blogs\/mesalte\/?p=5605"},"modified":"2016-07-21T09:30:42","modified_gmt":"2016-07-21T12:30:42","slug":"produtor-morto-no-rio-vermelho-tinha-sinais-compativeis-com-agressao-afirma-perito-veja-fotos","status":"publish","type":"post","link":"https:\/\/blogs.correio24horas.com.br\/mesalte\/produtor-morto-no-rio-vermelho-tinha-sinais-compativeis-com-agressao-afirma-perito-veja-fotos\/","title":{"rendered":"Produtor morto no Rio Vermelho tinha sinais compat\u00edveis com agress\u00e3o, afirma perito; veja fotos"},"content":{"rendered":"<p><em>Por Bruno Wendel<\/em><\/p>\n<p>Olhos com co\u00e1gulos de sangue, p\u00e1lpebras roxas e inchadas, arranh\u00f5es nos bra\u00e7os e m\u00e3os inchadas. As marcas no corpo do estudante e produtor de eventos Leonardo Santiago Moura, 30 anos, <a href=\"http:\/\/www.correio24horas.com.br\/blogs\/mesalte\/morre-produtor-de-eventos-espancado-em-ataque-homofobico-apos-sair-de-festa-no-rio-vermelho\" target=\"_blank\">antes de morrer no Hospital Geral do Estado (HGE)<\/a>, no \u00faltimo dia 11, s\u00e3o, para a pol\u00edcia, resultado de queda acidental de uma balaustrada, dois dias antes, na Praia do Alto da Sereia, no Rio Vermelho.<\/p>\n<p>No entanto, para um perito do Departamento de Pol\u00edcia T\u00e9cnica (DPT), que preferiu n\u00e3o se identificar, as imagens registradas pela fam\u00edlia, \u00e0 \u00a0s quais o CORREIO teve acesso com exclusividade, s\u00e3o compat\u00edveis com agress\u00e3o.<\/p>\n<p>Para o advogado da fam\u00edlia de Leonardo, o criminalista Leite Matos, isso indica que a suspeita dos parentes, de que o produtor de eventos foi v\u00edtima de um ataque homof\u00f3bico, ap\u00f3s deixar uma boate gay no mesmo bairro, n\u00e3o pode ser descartada. A Pol\u00edcia Civil, por sua vez, cita moradores, policiais militares, socorristas e outras testemunhas, que sugerem que Leonardo caminhava sozinho no cal\u00e7ad\u00e3o, por volta de 5h40, quando se desequilibrou e caiu de uma altura de mais de 3 m.<\/p>\n<p><strong>Imagens<\/strong><br \/>\nAs fotos dos ferimentos em Leonardo foram tiradas no HGE pelos parentes e entregues para Leite Matos. As imagens est\u00e3o aqui, \u00e0 \u00a0 disposi\u00e7\u00e3o da Pol\u00edcia Civil e do Minist\u00e9rio P\u00fablico. O que eu e a fam\u00edlia queremos \u00e9 a verdade absoluta dos fatos\u009d, comentou o defensor, que aguarda o laudo do caso do Departamento de Pol\u00edcia T\u00e9cnica (DPT).<\/p>\n<p>A certid\u00e3o de \u00f3bito consta como causa da morte anemia aguda, devido \u00e0 \u00a0 les\u00e3o renal e hematoma retroperitonial e trombose card\u00edaca. Uma les\u00e3o renal? Uma queda n\u00e3o faria isso. Acredito que ele tomou pancadas violentas, como chutes\u009d, comentou Matos.<\/p>\n\n\t\t\t<style type='text\/css'>\n\t\t\t\t#gallery-1 {\n\t\t\t\t\tmargin: auto;\n\t\t\t\t}\n\t\t\t\t#gallery-1 .gallery-item {\n\t\t\t\t\tfloat: left;\n\t\t\t\t\tmargin-top: 10px;\n\t\t\t\t\ttext-align: center;\n\t\t\t\t\twidth: 33.33%;\n\t\t\t\t}\n\t\t\t\t#gallery-1 img {\n\t\t\t\t\tborder: 2px solid #cfcfcf;\n\t\t\t\t}\n\t\t\t\t#gallery-1 .gallery-caption {\n\t\t\t\t\tmargin-left: 0;\n\t\t\t\t}\n\t\t\t\t\/* see gallery_shortcode() in wp-includes\/media.php *\/\n\t\t\t<\/style>\n\t\t<div id='gallery-1' class='gallery galleryid-5605 gallery-columns-3 gallery-size-large file'><dl class='gallery-item'>\n\t\t\t\t<dt class='gallery-icon landscape'>\n\t\t\t\t\t<a href='https:\/\/blogs.correio24h.com.br\/mesalte\/wp-content\/uploads\/2016\/07\/RTEmagicC_produtor_morto.jpg.jpg'><img loading=\"lazy\" decoding=\"async\" width=\"620\" height=\"440\" src=\"https:\/\/blogs.correio24h.com.br\/mesalte\/wp-content\/uploads\/2016\/07\/RTEmagicC_produtor_morto.jpg.jpg\" class=\"attachment-large size-large\" alt=\"\" srcset=\"https:\/\/blogs.correio24h.com.br\/mesalte\/wp-content\/uploads\/2016\/07\/RTEmagicC_produtor_morto.jpg.jpg 620w, https:\/\/blogs.correio24h.com.br\/mesalte\/wp-content\/uploads\/2016\/07\/RTEmagicC_produtor_morto.jpg-300x213.jpg 300w, https:\/\/blogs.correio24h.com.br\/mesalte\/wp-content\/uploads\/2016\/07\/RTEmagicC_produtor_morto.jpg-206x146.jpg 206w, https:\/\/blogs.correio24h.com.br\/mesalte\/wp-content\/uploads\/2016\/07\/RTEmagicC_produtor_morto.jpg-50x35.jpg 50w, https:\/\/blogs.correio24h.com.br\/mesalte\/wp-content\/uploads\/2016\/07\/RTEmagicC_produtor_morto.jpg-106x75.jpg 106w\" sizes=\"auto, (max-width: 620px) 100vw, 620px\" \/><\/a>\n\t\t\t\t<\/dt><\/dl><dl class='gallery-item'>\n\t\t\t\t<dt class='gallery-icon landscape'>\n\t\t\t\t\t<a href='https:\/\/blogs.correio24h.com.br\/mesalte\/wp-content\/uploads\/2016\/07\/RTEmagicC_produtor_morto2.jpg.jpg'><img loading=\"lazy\" decoding=\"async\" width=\"549\" height=\"389\" src=\"https:\/\/blogs.correio24h.com.br\/mesalte\/wp-content\/uploads\/2016\/07\/RTEmagicC_produtor_morto2.jpg.jpg\" class=\"attachment-large size-large\" alt=\"\" srcset=\"https:\/\/blogs.correio24h.com.br\/mesalte\/wp-content\/uploads\/2016\/07\/RTEmagicC_produtor_morto2.jpg.jpg 549w, https:\/\/blogs.correio24h.com.br\/mesalte\/wp-content\/uploads\/2016\/07\/RTEmagicC_produtor_morto2.jpg-300x213.jpg 300w, https:\/\/blogs.correio24h.com.br\/mesalte\/wp-content\/uploads\/2016\/07\/RTEmagicC_produtor_morto2.jpg-206x146.jpg 206w, https:\/\/blogs.correio24h.com.br\/mesalte\/wp-content\/uploads\/2016\/07\/RTEmagicC_produtor_morto2.jpg-50x35.jpg 50w, https:\/\/blogs.correio24h.com.br\/mesalte\/wp-content\/uploads\/2016\/07\/RTEmagicC_produtor_morto2.jpg-106x75.jpg 106w\" sizes=\"auto, (max-width: 549px) 100vw, 549px\" \/><\/a>\n\t\t\t\t<\/dt><\/dl><dl class='gallery-item'>\n\t\t\t\t<dt class='gallery-icon landscape'>\n\t\t\t\t\t<a href='https:\/\/blogs.correio24h.com.br\/mesalte\/wp-content\/uploads\/2016\/07\/RTEmagicC_produtor_morto3.jpg.jpg'><img loading=\"lazy\" decoding=\"async\" width=\"550\" height=\"391\" src=\"https:\/\/blogs.correio24h.com.br\/mesalte\/wp-content\/uploads\/2016\/07\/RTEmagicC_produtor_morto3.jpg.jpg\" class=\"attachment-large size-large\" alt=\"\" srcset=\"https:\/\/blogs.correio24h.com.br\/mesalte\/wp-content\/uploads\/2016\/07\/RTEmagicC_produtor_morto3.jpg.jpg 550w, https:\/\/blogs.correio24h.com.br\/mesalte\/wp-content\/uploads\/2016\/07\/RTEmagicC_produtor_morto3.jpg-300x213.jpg 300w, https:\/\/blogs.correio24h.com.br\/mesalte\/wp-content\/uploads\/2016\/07\/RTEmagicC_produtor_morto3.jpg-205x146.jpg 205w, https:\/\/blogs.correio24h.com.br\/mesalte\/wp-content\/uploads\/2016\/07\/RTEmagicC_produtor_morto3.jpg-50x36.jpg 50w, https:\/\/blogs.correio24h.com.br\/mesalte\/wp-content\/uploads\/2016\/07\/RTEmagicC_produtor_morto3.jpg-105x75.jpg 105w\" sizes=\"auto, (max-width: 550px) 100vw, 550px\" \/><\/a>\n\t\t\t\t<\/dt><\/dl><br style=\"clear: both\" \/>\n\t\t\t<\/div>\n\n<p><strong>Acompanhe o caso<br \/>\n<\/strong><a href=\"http:\/\/www.correio24horas.com.br\/blogs\/mesalte\/morre-produtor-de-eventos-espancado-em-ataque-homofobico-apos-sair-de-festa-no-rio-vermelho\" target=\"_blank\">Morre produtor de eventos espancado em ataque homof\u00f3bico ap\u00f3s sair de festa no Rio Vermelho<\/a><strong><br \/>\n<\/strong><a href=\"http:\/\/www.correio24horas.com.br\/detalhe\/salvador\/noticia\/depoimentos-de-pms-confirmam-versao-de-queda-de-produtor-diz-policia\" target=\"_blank\">Depoimentos de PMs confirmam vers\u00e3o de queda de produtor, diz pol\u00edcia<br \/>\n<\/a><a href=\"http:\/\/www.correio24horas.com.br\/detalhe\/salvador\/noticia\/socorristas-do-samu-serao-ouvidos-sobre-o-caso-do-produtor-morto-no-rio-vermelho\" target=\"_blank\">Socorristas do Samu ser\u00e3o ouvidos sobre o caso do produtor morto no Rio Vermelho<br \/>\n<\/a><a href=\"http:\/\/www.correio24horas.com.br\/detalhe\/salvador\/noticia\/em-protesto-apos-morte-de-produtor-amigos-contestam-versao-de-queda-estao-tentando-abafar\" target=\"_blank\">Em protesto, amigos de produtor contestam vers\u00e3o de queda: &#8216;Est\u00e3o tentando abafar&#8217;<\/a><\/p>\n<p><strong>Perito<\/strong><br \/>\nO CORREIO procurou um perito do DPT, que analisou as fotos. Segundo ele, os hematomas s\u00e3o resultado de agress\u00e3o utilizada de for\u00e7a f\u00edsica. Na verdade, n\u00f3s utilizamos o termo de instrumento contundente para esse caso, porque consideramos que um murro tamb\u00e9m causa contus\u00e3o. Nesse caso, a m\u00e3o seria o instrumento contundente\u009d, citou o perito. Ainda segundo ele, existem outros instrumentos contundentes, mas pode-se utilizar tamb\u00e9m o termo agress\u00e3o utilizando a pr\u00f3pria for\u00e7a f\u00edsica\u009d.<\/p>\n<p>O especialista tamb\u00e9m observou que houve rompimento dos vasos sangu\u00edneos nos olhos. O termo que usamos para essas les\u00f5es provocadas por instrumento contundente \u00e9 equimose, que produz essas manchas roxas em fun\u00e7\u00e3o do rompimento de vasos sangu\u00edneos, produzindo tamb\u00e9m um edema (incha\u00e7o). Tanto nos olhos quanto nos bra\u00e7os, s\u00e3o equimoses\u009d, explicou.<\/p>\n<p>O perito tamb\u00e9m sugere que Leonardo tentou se defender de um ataque. Nos bra\u00e7os, as equimoses s\u00e3o sinais de tentativa de defesa e, por conta de arranh\u00f5es, que podem ter acontecido na briga, ou algu\u00e9m que segurou o bra\u00e7o dele de modo mais forte\u009d, comentou. Ele destacou, por\u00e9m, que as les\u00f5es mais extensas no bra\u00e7o podem ter sido produzidas por raladura em alguma superf\u00edcie \u00e1spera que estava perto, como uma parede, que tenha atritado com a pele\u009d.<\/p>\n<p><strong>Delegada<\/strong><br \/>\nO CORREIO procurou ontem a assessoria da Pol\u00edcia Civil, que informou que a respons\u00e1vel pelo inqu\u00e9rito que apura a morte do produtor de eventos, a delegada Mariana Ouais, titular da a 1\u00aa\/DH, s\u00f3 vai se pronunciar no final do inqu\u00e9rito.<\/p>\n<p>Em nota, divulgada anteontem, a delegada afirma que o pr\u00f3ximo passo para concluir a investiga\u00e7\u00e3o \u00e9 ouvir os m\u00e9dicos que atenderam Leonardo no HGE e os demais integrantes da fam\u00edlia e amigos \u201c o pai, uma prima e dois amigos j\u00e1 foram ouvidos.<\/p>\n<p>A delegada espera tamb\u00e9m por imagens pr\u00f3ximas ao local do acidente, os laudos de per\u00edcia, per\u00edcia local complementar e o cadav\u00e9rico, os tr\u00eas do DPT. A assessoria do DPT informou que os laudos ainda n\u00e3o est\u00e3o prontos.<\/p>\n<p><strong>Resgate<\/strong><br \/>\nEncontrado na praia por moradores e PMs, e socorrido pelo Samu, Leonardo deu entrada \u00e0 \u00a0s 8h no HGE, com relato de intoxica\u00e7\u00e3o por bebida alco\u00f3lica e perda da consci\u00eancia.<\/p>\n<p>Foram pedidos exames de trauma, mas, por conta pr\u00f3pria, ele deixou a unidade \u00e0 \u00a0s 10h. Foi para casa, mas, ap\u00f3s se queixar de dores, voltou ao HGE, \u00e0 \u00a0s 15h30. Foi direto para o centro cir\u00fargico e, na opera\u00e7\u00e3o, perdeu um rim. Ap\u00f3s dois dias internado, teve dispneia \u201d dificuldade para respirar \u201d e morreu ap\u00f3s parada cardiorrespirat\u00f3ria.<\/p>\n<p><strong>Boate<\/strong><br \/>\nHoras antes de ir para a boate, Leonardo estava na Barra com a irm\u00e3, a designer de interiores Adriana Moura, 33. Est\u00e1vamos no Farol, com duas amigas, quando ele decidiu ir para a boate com amigos\u009d, contou.<\/p>\n<p>Leonardo entrou na San Sebastian por volta das 3h. Vi quando ele entrou. J\u00e1 tinha parado o fluxo de gente entrando\u009d, disse um funcion\u00e1rio ao CORREIO. Segundo ele, o produtor chegou a ter um problema na consuma\u00e7\u00e3o, mas foi resolvido com a ger\u00eancia. A assessoria da boate, no entanto, diz n\u00e3o ter registrado nenhum incidente com ele naquela noite.<\/p>\n<p>Tiago, um dos amigos, contou que se despediu de Leonardo, na frente da boate, \u00e0 \u00a0s 4h50. Menos de uma hora depois, a 1 km dali, o produtor foi achado ferido e desacordado.<\/p>\n","protected":false},"excerpt":{"rendered":"<p>Por Bruno Wendel Olhos com co\u00e1gulos de sangue, p\u00e1lpebras roxas e inchadas, arranh\u00f5es nos bra\u00e7os e m\u00e3os inchadas. As marcas no corpo do estudante e produtor [&hellip;]<\/p>\n","protected":false},"author":2,"featured_media":5294,"comment_status":"open","ping_status":"open","sticky":false,"template":"","format":"image","meta":{"footnotes":""},"categories":[80,11],"tags":[122,466],"class_list":["post-5605","post","type-post","status-publish","format-image","has-post-thumbnail","hentry","category-home","category-me-informo","tag-homofobia","tag-leomoura","post_format-post-format-image"],"_links":{"self":[{"href":"https:\/\/blogs.correio24horas.com.br\/mesalte\/wp-json\/wp\/v2\/posts\/5605","targetHints":{"allow":["GET"]}}],"collection":[{"href":"https:\/\/blogs.correio24horas.com.br\/mesalte\/wp-json\/wp\/v2\/posts"}],"about":[{"href":"https:\/\/blogs.correio24horas.com.br\/mesalte\/wp-json\/wp\/v2\/types\/post"}],"author":[{"embeddable":true,"href":"https:\/\/blogs.correio24horas.com.br\/mesalte\/wp-json\/wp\/v2\/users\/2"}],"replies":[{"embeddable":true,"href":"https:\/\/blogs.correio24horas.com.br\/mesalte\/wp-json\/wp\/v2\/comments?post=5605"}],"version-history":[{"count":1,"href":"https:\/\/blogs.correio24horas.com.br\/mesalte\/wp-json\/wp\/v2\/posts\/5605\/revisions"}],"predecessor-version":[{"id":5609,"href":"https:\/\/blogs.correio24horas.com.br\/mesalte\/wp-json\/wp\/v2\/posts\/5605\/revisions\/5609"}],"wp:featuredmedia":[{"embeddable":true,"href":"https:\/\/blogs.correio24horas.com.br\/mesalte\/wp-json\/wp\/v2\/media\/5294"}],"wp:attachment":[{"href":"https:\/\/blogs.correio24horas.com.br\/mesalte\/wp-json\/wp\/v2\/media?parent=5605"}],"wp:term":[{"taxonomy":"category","embeddable":true,"href":"https:\/\/blogs.correio24horas.com.br\/mesalte\/wp-json\/wp\/v2\/categories?post=5605"},{"taxonomy":"post_tag","embeddable":true,"href":"https:\/\/blogs.correio24horas.com.br\/mesalte\/wp-json\/wp\/v2\/tags?post=5605"}],"curies":[{"name":"wp","href":"https:\/\/api.w.org\/{rel}","templated":true}]}}