{"id":5598,"date":"2016-07-20T14:59:37","date_gmt":"2016-07-20T17:59:37","guid":{"rendered":"http:\/\/www.correio24horas.com.br\/blogs\/mesalte\/?p=5598"},"modified":"2016-07-20T15:32:32","modified_gmt":"2016-07-20T18:32:32","slug":"jean-wyllys-denunciara-a-policia-federal-bispo-que-publicou-foto-ao-lado-do-deputado-com-ameaca-de-morte","status":"publish","type":"post","link":"https:\/\/blogs.correio24horas.com.br\/mesalte\/jean-wyllys-denunciara-a-policia-federal-bispo-que-publicou-foto-ao-lado-do-deputado-com-ameaca-de-morte\/","title":{"rendered":"Jean Wyllys denunciar\u00e1 \u00e0 \u00a0 Pol\u00edcia Federal bispo que publicou foto ao lado do deputado com amea\u00e7a: Ou se converte, ou morre\u009d"},"content":{"rendered":"<p>O deputado federal\u00c2\u00a0 Jean Wyllys (Psol &#8211; RJ) denunciar\u00e1 o bispo\u00c2\u00a0\u00c2\u00a0Marcos Klain, da Comunidade B\u00edblica da Gra\u00e7a, do Rio de Janeiro, \u00e0 \u00a0 Pol\u00edcia Federal. A medida foi anunciada na tarde dessa quarta-feira (20) pelo deputado atrav\u00e9s da sua assessoria de comunica\u00e7\u00e3o <a href=\"http:\/\/www.correio24horas.com.br\/blogs\/mesalte\/bispo-evangelico-tira-selfie-com-jean-wyllys-e-escreve-ou-se-converte-ou-morre\/\" target=\"_blank\">depois que o bispo publicou no seu Facebook uma foto ao lado de Jean com a seguinte mensagem amea\u00e7adora<\/a>: &#8220;Acho que ele pensou que meu sorriso era pela foto conseguida\u00a6 Mas ele n\u00e3o sabe que eu s\u00f3 queria colocar minhas m\u00e3os sobre ele pra profetizar\u00a6 ou se converte, ou morre\u009d. O Brasil \u00e9 de Jesus!!!\u009d.<\/p>\n<p>Jean Wyllys est\u00e1 em miss\u00e3o oficial em Londres, segundo sua assessoria, cumprindo uma extensa agenda de palestras e encontros, a convite do Kings College London, institui\u00e7\u00e3o de ensino superior do Reino Unido. \u00c2\u00a0&#8220;\u00c9 algo chocante, mas mostra o n\u00edvel de \u00f3dio, ressentimento e desonestidade dessas pessoas que s\u00e3o um exemplo claro do fundamentalismo religioso que tanto denunciamos.\u00c2\u00a0Os verdadeiros crist\u00e3os n\u00e3o pensam assim como esse bispo, que fez uma amea\u00e7a postando o pr\u00f3prio rosto e agora vamos entregar o print \u00e0 \u00a0 Pol\u00edcia Federal. Nossa assessoria jur\u00eddica est\u00e1 tomando as devidas provid\u00eancias legais. N\u00e3o podemos banalizar o discurso de \u00f3dio. Vejam a quantidade de assassinatos de pessoas LGBT que houve no \u00faltimo m\u00eas. \u00c9 uma situa\u00e7\u00e3o muito grave, e esses fundamentalistas religiosos que pregam o \u00f3dio contra a comunidade LGBT tamb\u00e9m s\u00e3o respons\u00e1veis por esses crimes&#8221;, disse Jean, em nota enviada ao Me Salte atrav\u00e9s de sua assessoria de comunica\u00e7\u00e3o.<\/p>\n<div id=\"attachment_5569\" style=\"width: 953px\" class=\"wp-caption aligncenter\"><img loading=\"lazy\" decoding=\"async\" aria-describedby=\"caption-attachment-5569\" class=\"wp-image-5569 size-full\" src=\"http:\/\/www.correio24horas.com.br\/blogs\/mesalte\/wp-content\/uploads\/2016\/07\/post-bispo.jpg\" alt=\"post bispo\" width=\"943\" height=\"695\" srcset=\"https:\/\/blogs.correio24h.com.br\/mesalte\/wp-content\/uploads\/2016\/07\/post-bispo.jpg 943w, https:\/\/blogs.correio24h.com.br\/mesalte\/wp-content\/uploads\/2016\/07\/post-bispo-300x221.jpg 300w, https:\/\/blogs.correio24h.com.br\/mesalte\/wp-content\/uploads\/2016\/07\/post-bispo-768x566.jpg 768w, https:\/\/blogs.correio24h.com.br\/mesalte\/wp-content\/uploads\/2016\/07\/post-bispo-198x146.jpg 198w, https:\/\/blogs.correio24h.com.br\/mesalte\/wp-content\/uploads\/2016\/07\/post-bispo-50x37.jpg 50w, https:\/\/blogs.correio24h.com.br\/mesalte\/wp-content\/uploads\/2016\/07\/post-bispo-102x75.jpg 102w\" sizes=\"auto, (max-width: 943px) 100vw, 943px\" \/><p id=\"caption-attachment-5569\" class=\"wp-caption-text\">Postagem foi deletada pelo bispo<\/p><\/div>\n<p>O bispo enganou o deputado para obter a foto. Ele se disse f\u00e3 de Jean, fez a foto &#8211; de rosto colado e sorrindo &#8211; e quando a publicou usou o discurso de \u00f3dio e amea\u00e7a de morte. &#8220;Sempre que o deputado est\u00e1 na rua, no aeroporto, num restaurante ou em qualquer lugar p\u00fablico, pessoas se aproximam para parabeniz\u00e1-lo pelo seu trabalho e pedem para tirar uma foto. O deputado \u00e9 sempre sol\u00edcito, porque 99% das vezes s\u00e3o pessoas honestas e que realmente gostam dele e querem ter uma lembran\u00e7a do encontro. Nesse caso, o bispo enganou o deputado para tirar uma foto, e fez esse post com uma amea\u00e7a de morte&#8221;, disse a equipe de comunica\u00e7\u00e3o de Jean.<\/p>\n<p>O deputado, contudo, n\u00e3o se recorda quando foi feita a imagem &#8211; dentro de um avi\u00e3o.\u00c2\u00a0Informa\u00e7\u00f5es de seguidores do deputado, que est\u00e3o nas redes sociais, indicam que o bispo estaria tamb\u00e9m em Londres para inaugurar uma igreja. \u00c2\u00a0O post foi deletado no final da manh\u00e3 de hoje pelo bispo.<\/p>\n<p><strong>Acompanhe o caso:<br \/>\n<\/strong><a href=\"http:\/\/www.correio24horas.com.br\/blogs\/mesalte\/bispo-evangelico-tira-selfie-com-jean-wyllys-e-escreve-ou-se-converte-ou-morre\" target=\"_blank\">Bispo evang\u00e9lico tira selfie com Jean Wyllys e escreve no post: Ou se converte, ou morre\u009d<\/a><br \/>\n<a href=\"http:\/\/www.correio24horas.com.br\/blogs\/mesalte\/apos-polemica-bispo-evangelico-deleta-post-com-foto-dele-com-jean-wyllys-onde-escreveu-ou-se-converte-ou-morre\" target=\"_blank\">Ap\u00f3s pol\u00eamica, bispo evang\u00e9lico deleta post com foto dele e Jean Wyllys onde escreveu: Ou se converte, ou morre\u009d<\/a><\/p>\n<p>&nbsp;<\/p>\n<p>&nbsp;<\/p>\n","protected":false},"excerpt":{"rendered":"<p>O deputado federal\u00c2\u00a0 Jean Wyllys (Psol &#8211; RJ) denunciar\u00e1 o bispo\u00c2\u00a0\u00c2\u00a0Marcos Klain, da Comunidade B\u00edblica da Gra\u00e7a, do Rio de Janeiro, \u00e0 \u00a0 Pol\u00edcia Federal. A [&hellip;]<\/p>\n","protected":false},"author":1,"featured_media":0,"comment_status":"open","ping_status":"open","sticky":false,"template":"","format":"image","meta":{"footnotes":""},"categories":[80,11],"tags":[],"class_list":["post-5598","post","type-post","status-publish","format-image","hentry","category-home","category-me-informo","post_format-post-format-image"],"_links":{"self":[{"href":"https:\/\/blogs.correio24horas.com.br\/mesalte\/wp-json\/wp\/v2\/posts\/5598","targetHints":{"allow":["GET"]}}],"collection":[{"href":"https:\/\/blogs.correio24horas.com.br\/mesalte\/wp-json\/wp\/v2\/posts"}],"about":[{"href":"https:\/\/blogs.correio24horas.com.br\/mesalte\/wp-json\/wp\/v2\/types\/post"}],"author":[{"embeddable":true,"href":"https:\/\/blogs.correio24horas.com.br\/mesalte\/wp-json\/wp\/v2\/users\/1"}],"replies":[{"embeddable":true,"href":"https:\/\/blogs.correio24horas.com.br\/mesalte\/wp-json\/wp\/v2\/comments?post=5598"}],"version-history":[{"count":4,"href":"https:\/\/blogs.correio24horas.com.br\/mesalte\/wp-json\/wp\/v2\/posts\/5598\/revisions"}],"predecessor-version":[{"id":5602,"href":"https:\/\/blogs.correio24horas.com.br\/mesalte\/wp-json\/wp\/v2\/posts\/5598\/revisions\/5602"}],"wp:attachment":[{"href":"https:\/\/blogs.correio24horas.com.br\/mesalte\/wp-json\/wp\/v2\/media?parent=5598"}],"wp:term":[{"taxonomy":"category","embeddable":true,"href":"https:\/\/blogs.correio24horas.com.br\/mesalte\/wp-json\/wp\/v2\/categories?post=5598"},{"taxonomy":"post_tag","embeddable":true,"href":"https:\/\/blogs.correio24horas.com.br\/mesalte\/wp-json\/wp\/v2\/tags?post=5598"}],"curies":[{"name":"wp","href":"https:\/\/api.w.org\/{rel}","templated":true}]}}