{"id":5591,"date":"2016-07-20T13:59:02","date_gmt":"2016-07-20T16:59:02","guid":{"rendered":"http:\/\/www.correio24horas.com.br\/blogs\/mesalte\/?p=5591"},"modified":"2016-07-20T14:07:16","modified_gmt":"2016-07-20T17:07:16","slug":"apos-polemica-bispo-evangelico-deleta-post-com-foto-dele-com-jean-wyllys-onde-escreveu-ou-se-converte-ou-morre","status":"publish","type":"post","link":"https:\/\/blogs.correio24horas.com.br\/mesalte\/apos-polemica-bispo-evangelico-deleta-post-com-foto-dele-com-jean-wyllys-onde-escreveu-ou-se-converte-ou-morre\/","title":{"rendered":"Ap\u00f3s pol\u00eamica, bispo evang\u00e9lico deleta post com foto dele e Jean Wyllys onde escreveu: Ou se converte, ou morre\u009d"},"content":{"rendered":"<p>A postagem do bispo evang\u00e9lico Marcos Klain, onde ele publicou uma foto ao lado do deputado federal e ativista LGBT, Jean Wyllys (Psol-RJ) acompanhada pela frase: &#8220;Ou se converte, ou morre&#8221;, foi deletada no in\u00edcio da tarde de de hoje na rede social do l\u00edder religioso que \u00e9 do Rio de Janeiro.<\/p>\n<p>O bispo estava no mesmo avi\u00e3o que Jean e pediu para fazer uma foto com ele, mas ontem, ao publicar a imagem <a href=\"http:\/\/www.correio24horas.com.br\/blogs\/mesalte\/bispo-evangelico-tira-selfie-com-jean-wyllys-e-escreve-ou-se-converte-ou-morre\" target=\"_blank\">escreveu frase em tom homof\u00f3bico e amea\u00e7ador<\/a>: &#8220;Acho que ele pensou que meu sorriso era pela foto conseguida\u00a6 Mas ele n\u00e3o sabe que eu s\u00f3 queria colocar minhas m\u00e3os sobre ele pra profetizar\u00a6 ou se converte, ou morre\u009d. O Brasil \u00e9 de Jesus!&#8221;.\u00c2\u00a0A postagem foi alvo de milhares de cr\u00edticas de seguidores de Jean e de elogios por seguidores do bispo. Mas, pelo visto ele n\u00e3o aguentou a pol\u00eamica e deletou a publica\u00e7\u00e3o.<\/p>\n<p><strong>Mas, o Me Salte printou o post:\u00c2\u00a0<\/strong><\/p>\n<p><img loading=\"lazy\" decoding=\"async\" class=\"aligncenter size-full wp-image-5569\" src=\"http:\/\/www.correio24horas.com.br\/blogs\/mesalte\/wp-content\/uploads\/2016\/07\/post-bispo.jpg\" alt=\"post bispo\" width=\"943\" height=\"695\" srcset=\"https:\/\/blogs.correio24h.com.br\/mesalte\/wp-content\/uploads\/2016\/07\/post-bispo.jpg 943w, https:\/\/blogs.correio24h.com.br\/mesalte\/wp-content\/uploads\/2016\/07\/post-bispo-300x221.jpg 300w, https:\/\/blogs.correio24h.com.br\/mesalte\/wp-content\/uploads\/2016\/07\/post-bispo-768x566.jpg 768w, https:\/\/blogs.correio24h.com.br\/mesalte\/wp-content\/uploads\/2016\/07\/post-bispo-198x146.jpg 198w, https:\/\/blogs.correio24h.com.br\/mesalte\/wp-content\/uploads\/2016\/07\/post-bispo-50x37.jpg 50w, https:\/\/blogs.correio24h.com.br\/mesalte\/wp-content\/uploads\/2016\/07\/post-bispo-102x75.jpg 102w\" sizes=\"auto, (max-width: 943px) 100vw, 943px\" \/><\/p>\n","protected":false},"excerpt":{"rendered":"<p>A postagem do bispo evang\u00e9lico Marcos Klain, onde ele publicou uma foto ao lado do deputado federal e ativista LGBT, Jean Wyllys (Psol-RJ) acompanhada pela frase: [&hellip;]<\/p>\n","protected":false},"author":1,"featured_media":5592,"comment_status":"open","ping_status":"open","sticky":false,"template":"","format":"image","meta":{"footnotes":""},"categories":[80,11],"tags":[],"class_list":["post-5591","post","type-post","status-publish","format-image","has-post-thumbnail","hentry","category-home","category-me-informo","post_format-post-format-image"],"_links":{"self":[{"href":"https:\/\/blogs.correio24horas.com.br\/mesalte\/wp-json\/wp\/v2\/posts\/5591","targetHints":{"allow":["GET"]}}],"collection":[{"href":"https:\/\/blogs.correio24horas.com.br\/mesalte\/wp-json\/wp\/v2\/posts"}],"about":[{"href":"https:\/\/blogs.correio24horas.com.br\/mesalte\/wp-json\/wp\/v2\/types\/post"}],"author":[{"embeddable":true,"href":"https:\/\/blogs.correio24horas.com.br\/mesalte\/wp-json\/wp\/v2\/users\/1"}],"replies":[{"embeddable":true,"href":"https:\/\/blogs.correio24horas.com.br\/mesalte\/wp-json\/wp\/v2\/comments?post=5591"}],"version-history":[{"count":3,"href":"https:\/\/blogs.correio24horas.com.br\/mesalte\/wp-json\/wp\/v2\/posts\/5591\/revisions"}],"predecessor-version":[{"id":5595,"href":"https:\/\/blogs.correio24horas.com.br\/mesalte\/wp-json\/wp\/v2\/posts\/5591\/revisions\/5595"}],"wp:featuredmedia":[{"embeddable":true,"href":"https:\/\/blogs.correio24horas.com.br\/mesalte\/wp-json\/wp\/v2\/media\/5592"}],"wp:attachment":[{"href":"https:\/\/blogs.correio24horas.com.br\/mesalte\/wp-json\/wp\/v2\/media?parent=5591"}],"wp:term":[{"taxonomy":"category","embeddable":true,"href":"https:\/\/blogs.correio24horas.com.br\/mesalte\/wp-json\/wp\/v2\/categories?post=5591"},{"taxonomy":"post_tag","embeddable":true,"href":"https:\/\/blogs.correio24horas.com.br\/mesalte\/wp-json\/wp\/v2\/tags?post=5591"}],"curies":[{"name":"wp","href":"https:\/\/api.w.org\/{rel}","templated":true}]}}