{"id":5568,"date":"2016-07-20T09:52:13","date_gmt":"2016-07-20T12:52:13","guid":{"rendered":"http:\/\/www.correio24horas.com.br\/blogs\/mesalte\/?p=5568"},"modified":"2016-07-20T14:08:48","modified_gmt":"2016-07-20T17:08:48","slug":"bispo-evangelico-tira-selfie-com-jean-wyllys-e-escreve-ou-se-converte-ou-morre","status":"publish","type":"post","link":"https:\/\/blogs.correio24horas.com.br\/mesalte\/bispo-evangelico-tira-selfie-com-jean-wyllys-e-escreve-ou-se-converte-ou-morre\/","title":{"rendered":"Bispo evang\u00e9lico tira selfie com Jean Wyllys e escreve no post: Ou se converte, ou morre\u009d"},"content":{"rendered":"<p>O deputado federal e ativista LGBT, Jean Wyllys (Psol-RJ), foi v\u00edtima de um mais ataque homof\u00f3bico pela internet. Um homem, que se passou por f\u00e3 do parlamentar, pediu para fazer uma foto com ele: de rosto colado e sorrido largo! O detalhe \u00e9 que o &#8216;f\u00e3&#8217; disfar\u00e7ado, na verdade, era\u00c2\u00a0o Bispo Marcos Klain, da Comunidade B\u00edblica da Gra\u00e7a, \u00c2\u00a0do Rio de Janeiro.<\/p>\n<p>O problema veio na hora que o bispo publicou a foto com Jean, que \u00e9 jornalista e baiano de\u00c2\u00a0Alagoinhas, nas suas redes sociais e escreveu: Acho que ele pensou que meu sorriso era pela foto conseguida\u00a6 Mas ele n\u00e3o sabe que eu s\u00f3 queria colocar minhas m\u00e3os sobre ele pra profetizar\u00a6 ou se converte, ou morre\u009d. O Brasil \u00e9 de Jesus!!!\u009d, postou o Bispo Marcos em sua p\u00e1gina no Facebook. \u00c2\u00a0Os seguidores do religioso comemoraram a iniciativa: &#8220;Genial. Muito bom&#8221;, escreveu um. \u00c2\u00a0Outra publicou: &#8220;\u00d3tima ideia&#8221;. <strong>Veja abaixo o post do bispo:<\/strong><\/p>\n<p><img loading=\"lazy\" decoding=\"async\" class=\"aligncenter size-full wp-image-5569\" src=\"http:\/\/www.correio24horas.com.br\/blogs\/mesalte\/wp-content\/uploads\/2016\/07\/post-bispo.jpg\" alt=\"post bispo\" width=\"943\" height=\"695\" srcset=\"https:\/\/blogs.correio24h.com.br\/mesalte\/wp-content\/uploads\/2016\/07\/post-bispo.jpg 943w, https:\/\/blogs.correio24h.com.br\/mesalte\/wp-content\/uploads\/2016\/07\/post-bispo-300x221.jpg 300w, https:\/\/blogs.correio24h.com.br\/mesalte\/wp-content\/uploads\/2016\/07\/post-bispo-768x566.jpg 768w, https:\/\/blogs.correio24h.com.br\/mesalte\/wp-content\/uploads\/2016\/07\/post-bispo-198x146.jpg 198w, https:\/\/blogs.correio24h.com.br\/mesalte\/wp-content\/uploads\/2016\/07\/post-bispo-50x37.jpg 50w, https:\/\/blogs.correio24h.com.br\/mesalte\/wp-content\/uploads\/2016\/07\/post-bispo-102x75.jpg 102w\" sizes=\"auto, (max-width: 943px) 100vw, 943px\" \/><\/p>\n<p>Muitos internautas sa\u00edram em defesa do deputado. &#8220;Que Jesus \u00e9 esse que amea\u00e7a algu\u00e9m de morte?\u00c2\u00a0Algu\u00e9m duvida de que isso seja discurso de \u00f3dio? UMA AMEA\u00c7A DIRETA!!!&#8221;, escreveu um internauta. Outra declarou: &#8220;Temos aqui um claro exemplo do que diz a b\u00edblia sobre falsos profetas.\u00c2\u00a0\u00c9 o que eu sempre digo, Jesus Cristo \u00e9 legal demais, o que arrega\u00e7a \u00e9 o f\u00e3 clube&#8221;.<\/p>\n<p>Ap\u00f3s a pol\u00eamica gerada pela publica\u00e7\u00e3o, hoje, no in\u00edcio da tarde, <a href=\"http:\/\/www.correio24horas.com.br\/blogs\/mesalte\/apos-polemica-bispo-evangelico-deleta-post-com-foto-dele-com-jean-wyllys-onde-escreveu-ou-se-converte-ou-morre\/\" target=\"_blank\">o bispo deletou a postagem.\u00c2\u00a0<\/a><\/p>\n<p><strong>Orgulho de ser LGBT<br \/>\n<\/strong>Em junho, Jean participou de campanha do <a href=\"http:\/\/www.correio24horas.com.br\/blogs\/mesalte\/\" target=\"_blank\">Me Salte<\/a> em alus\u00e3o ao <a href=\"http:\/\/www.correio24horas.com.br\/blogs\/mesalte\/sou-lgbt-com-orgulho-jean-wyllys-passei-da-vergonha-para-o-orgulho\/\" target=\"_blank\">dia mundial do Orgulho LGBT<\/a> onde falou dos preconceitos que foi submetido e como passou da vergonha para o orgulho. &#8220;A homossexualidade n\u00e3o \u00e9 pecado&#8221;, disse Jean \u00c2\u00a0no v\u00eddeo. Veja:<\/p>\n<p><iframe loading=\"lazy\" src=\"https:\/\/www.youtube.com\/embed\/4YvsJ0AlGj8\" width=\"560\" height=\"315\" frameborder=\"0\" allowfullscreen=\"allowfullscreen\"><\/iframe><br \/>\n(Not\u00edcia atualizada \u00e0 \u00a0s 14h10)<\/p>\n","protected":false},"excerpt":{"rendered":"<p>O deputado federal e ativista LGBT, Jean Wyllys (Psol-RJ), foi v\u00edtima de um mais ataque homof\u00f3bico pela internet. Um homem, que se passou por f\u00e3 do [&hellip;]<\/p>\n","protected":false},"author":1,"featured_media":5570,"comment_status":"open","ping_status":"open","sticky":false,"template":"","format":"image","meta":{"footnotes":""},"categories":[80,11],"tags":[465],"class_list":["post-5568","post","type-post","status-publish","format-image","has-post-thumbnail","hentry","category-home","category-me-informo","tag-jeanwyllys","post_format-post-format-image"],"_links":{"self":[{"href":"https:\/\/blogs.correio24horas.com.br\/mesalte\/wp-json\/wp\/v2\/posts\/5568","targetHints":{"allow":["GET"]}}],"collection":[{"href":"https:\/\/blogs.correio24horas.com.br\/mesalte\/wp-json\/wp\/v2\/posts"}],"about":[{"href":"https:\/\/blogs.correio24horas.com.br\/mesalte\/wp-json\/wp\/v2\/types\/post"}],"author":[{"embeddable":true,"href":"https:\/\/blogs.correio24horas.com.br\/mesalte\/wp-json\/wp\/v2\/users\/1"}],"replies":[{"embeddable":true,"href":"https:\/\/blogs.correio24horas.com.br\/mesalte\/wp-json\/wp\/v2\/comments?post=5568"}],"version-history":[{"count":9,"href":"https:\/\/blogs.correio24horas.com.br\/mesalte\/wp-json\/wp\/v2\/posts\/5568\/revisions"}],"predecessor-version":[{"id":5597,"href":"https:\/\/blogs.correio24horas.com.br\/mesalte\/wp-json\/wp\/v2\/posts\/5568\/revisions\/5597"}],"wp:featuredmedia":[{"embeddable":true,"href":"https:\/\/blogs.correio24horas.com.br\/mesalte\/wp-json\/wp\/v2\/media\/5570"}],"wp:attachment":[{"href":"https:\/\/blogs.correio24horas.com.br\/mesalte\/wp-json\/wp\/v2\/media?parent=5568"}],"wp:term":[{"taxonomy":"category","embeddable":true,"href":"https:\/\/blogs.correio24horas.com.br\/mesalte\/wp-json\/wp\/v2\/categories?post=5568"},{"taxonomy":"post_tag","embeddable":true,"href":"https:\/\/blogs.correio24horas.com.br\/mesalte\/wp-json\/wp\/v2\/tags?post=5568"}],"curies":[{"name":"wp","href":"https:\/\/api.w.org\/{rel}","templated":true}]}}